{"id":261695,"date":"2025-04-14T11:00:00","date_gmt":"2025-04-14T09:00:00","guid":{"rendered":"https:\/\/www.tucomarca.com\/wordpress\/segunda\/?p=261695"},"modified":"2025-04-14T12:36:33","modified_gmt":"2025-04-14T10:36:33","slug":"la-diputacio-prorroga-un-any-el-pla-dinversions-2022-2023-perque-els-municipis-no-perden-els-70-milions-pendents","status":"publish","type":"post","link":"https:\/\/tucomarca.whitekongsoftware.com\/ca\/la-diputacio-prorroga-un-any-el-pla-dinversions-2022-2023-perque-els-municipis-no-perden-els-70-milions-pendents\/","title":{"rendered":"La Diputaci\u00f3 prorroga un any el Pla d&#8217;Inversions 2022-2023 perqu\u00e8 els municipis no perden els 70 milions pendents\u00a0"},"content":{"rendered":"\n<h3 class=\"wp-block-heading\"><strong><strong>L&#8217;\u00e0rea de Cooperaci\u00f3 que coordina la vicepresidenta Nat\u00e0lia Enguix porta al ple d&#8217;abril una proposta per a canviar la data l\u00edmit d&#8217;execuci\u00f3 de les obres del pla: del 12 d&#8217;agost de 2025 al 30 de setembre de 2026<\/strong><\/strong>.<\/h3>\n\n\n\n<h3 class=\"wp-block-heading\"><strong><strong>Enguix explica que \u201cl&#8217;execuci\u00f3 de l&#8217;\u00faltim pla inversor de l&#8217;anterior legislatura \u00e9s baixa, al que se sumen els problemes causats per la dana\u201d. Hi ha 450 projectes sense adjudicar i altres 558 pendents de certificar<\/strong><\/strong>.<\/h3>\n\n\n\n<h3 class=\"wp-block-heading\"><strong><strong>La suspensi\u00f3 extraordin\u00e0ria en el termini d&#8217;execuci\u00f3 de les obres, amb 163 municipis que tenen projectes en adjudicaci\u00f3, respon a la intenci\u00f3 del president Momp\u00f3 i la vicepresidenta Enguix de facilitar l&#8217;execuci\u00f3 de les actuacions i que es quede en els municipis \u201cfins a l&#8217;\u00faltim euro\u201d<\/strong><\/strong>.<\/h3>\n\n\n\n<p class=\"wp-block-paragraph\">La vicepresidenta primera de la Diputaci\u00f3 de Val\u00e8ncia, Nat\u00e0lia Enguix, portar\u00e0 al ple d&#8217;abril (dimarts 15, 11.00 hores) una proposta per a suspendre els terminis d&#8217;execuci\u00f3 i justificaci\u00f3 del Pla d&#8217;Inversions 2022-23 a causa de la dana. D&#8217;esta manera, es preveu aprovar una suspensi\u00f3 extraordin\u00e0ria del termini d&#8217;execuci\u00f3 de les obres incloses en el pla, que passar\u00e0 del 12 d&#8217;agost de 2025 al 30 de setembre de 2026. La intenci\u00f3 d&#8217;esta mesura, en la qual coincidixen el president, Vicent Momp\u00f3, i la vicepresidenta Enguix, responsable de Cooperaci\u00f3, \u00e9s \u201cprorrogar l&#8217;\u00faltim pla de l&#8217;anterior legislatura, que encara t\u00e9 70 milions d&#8217;euros pendents d&#8217;adjudicar o certificar, per a facilitar els processos als ajuntaments i que no hagen de renunciar a un sol euro de les ajudes\u201d.<\/p>\n\n\n\n<p class=\"wp-block-paragraph\">L&#8217;estat d&#8217;execuci\u00f3 de l&#8217;\u00faltim pla inversor posat en marxa per l&#8217;anterior govern provincial s&#8217;explica en xifres: sobre la taula hi ha un total de 1.008 projectes en proc\u00e9s de adjudicaci\u00f3 o justificaci\u00f3, que es tradu\u00efxen en 70.784.725 euros que no han pogut ingressar els ajuntaments que van presentar estes actuacions en el marc del Pla d&#8217;Inversions 2022-23. \u201cEl nivell d&#8217;execuci\u00f3 era baix abans d&#8217;arribar la dana, amb m\u00e9s de la mitat del pla sense adjudicar o justificar\u201d, afirma Nat\u00e0lia Enguix, qui explica que \u201cel problema va cr\u00e9ixer amb els devastadors efectes de la riuada, tant en els municipis afectats amb danys en infraestructures, equipaments i servicis p\u00fablics, com en els no afectats, per falta d&#8217;empreses a les quals adjudicar les obres o per l&#8217;encariment de les mat\u00e8ries primeres i els costos d&#8217;execuci\u00f3\u201d.<\/p>\n\n\n\n<p class=\"wp-block-paragraph\">El pla 22-23, amb un total de 148,8 milions d&#8217;euros en projectes aprovats i una mica m\u00e9s de 123 milions d&#8217;euros com a import finalment adjudicat, registra en data de hui 55.350.545 euros abonats per part de la Diputaci\u00f3 per obres finalitzades, mentre que les actuacions en proc\u00e9s de documentaci\u00f3 i adjudicaci\u00f3 superen els 31 milions d&#8217;euros i les no certificades sumen 39 milions, amb 558 projectes incomplets que van des dels 148 euros que encara ha de certificar Alboraia per l&#8217;execuci\u00f3 de la segona fase de les piscines municipals, fins a l&#8217;1.365.000 euros que ha de certificar Picassent per la reurbanitzaci\u00f3 dels carrers Jaume I i Calvari.<\/p>\n\n\n\n<p class=\"wp-block-paragraph\"><strong>450 projectes en 163 municipis<\/strong><\/p>\n\n\n\n<p class=\"wp-block-paragraph\">Del miler de projectes pendents del Pla d&#8217;Inversions 22-23, un total de 450 es troben encara en fase de documentaci\u00f3 o adjudicaci\u00f3. D&#8217;ells, 429 corresponen a 163 ajuntaments de les 15 comarques valencianes i 21 a 11 mancomunitats de la prov\u00edncia. \u201cAmb estes xifres, el m\u00e9s oport\u00fa \u00e9s suspendre el termini d&#8217;execuci\u00f3 i el de justificaci\u00f3 i donar un marge de m\u00e9s d&#8217;un any als ens locals perqu\u00e8 puguen completar els processos i reben els diners aprovats per la Diputaci\u00f3 per a eixos projectes\u201d, apunta Enguix, qui aposta per \u201coferir totes les facilitats als municipis perqu\u00e8 les ajudes es tradu\u00efsquen en millores per a les seues ve\u00efnes i ve\u00efns, i no en l&#8217;anunci d&#8217;una pluja de milions sense preocupar-se que els diners arriben al seu dest\u00ed, que s\u00f3n les nostres comarques\u201d.<\/p>\n\n\n\n<p class=\"wp-block-paragraph\">En la mateixa l\u00ednia, el president Momp\u00f3 destaca \u201cla proximitat amb els alcaldes i alcaldesses per la qual estem apostant des del primer minut de la legislatura, amb la intenci\u00f3 de con\u00e9ixer les seues necessitats i ajudar-los en tot el possible\u201d. Per a aix\u00f2, \u201cl&#8217;\u00e0rea de Cooperaci\u00f3 que coordina la vicepresidenta Enguix ha posat en marxa un Pla Obert que elimina terminis i pressi\u00f3 per als ajuntaments, en el qual portem prop de 400 projectes aprovats i 60 milions invertits, m\u00e9s altres 100 milions que estan pressupostats enguany per a atendre les sol\u00b7licituds dels municipis en qualsevol moment\u201d.<\/p>\n\n\n\n<p class=\"wp-block-paragraph\">La mateixa Nat\u00e0lia Enguix incidix en el car\u00e0cter quadriennal del Pla Obert com \u201cun dels grans encerts del nou programa inversor, que flexibilitza els processos i permet als municipis fer front a necessitats sobrevingudes, com va ser la pand\u00e8mia fa uns anys i ara ha sigut la dana\u201d. \u201cLa q\u00fcesti\u00f3 dels terminis era una de les coses que hem corregit d&#8217;anteriors plans, ja que generaven problemes als ajuntaments a l&#8217;hora d&#8217;adjudicar i executar les obres, havent de rec\u00f3rrer a pr\u00f2rrogues quan no a renunciar a les ajudes\u201d, afig Enguix.<\/p>\n\n\n\n<p class=\"wp-block-paragraph\">L&#8217;eliminaci\u00f3 de terminis en el principal programa inversor de la Diputaci\u00f3 no ha sigut l&#8217;\u00fanica mesura adoptada per l&#8217;equip de govern que encap\u00e7alen Momp\u00f3 i Enguix. El president destaca igualment els canvis en l&#8217;estructura interna impulsats recentment per a refor\u00e7ar l&#8217;assist\u00e8ncia t\u00e8cnica, especialment als municipis afectats per la dana, departament que passa a coordinar el diputat Ricardo Gabald\u00f3n, alcalde d&#8217;Utiel, qui al seu torn cedix l&#8217;\u00e0rea de Personal a la vicepresidenta segona, Reme Mazzolari.<\/p>\n\n\n\n<p class=\"wp-block-paragraph\"><strong>Afectats per la dana<\/strong><\/p>\n\n\n\n<p class=\"wp-block-paragraph\">Entre els municipis afectats per la dana, destaquen els sis projectes sense executar del Pla d&#8217;Inversions 22-23 a Utiel, amb un pressupost global aprovat de 740.000 euros, seguit de Carlet amb 600.000 euros pendents de l&#8217;execuci\u00f3 de tres projectes. Altres ajuntaments amb greu afectaci\u00f3 a causa de la riuada s\u00f3n Chiva, que t\u00e9 en adjudicaci\u00f3 els treballs de renovaci\u00f3 del s\u00f2l i el mobiliari urb\u00e0 dels parcs infantils (580.000 euros); Sedav\u00ed, que t\u00e9 en l&#8217;aire cinc projectes per un total de 520.000 euros; Alaqu\u00e0s, amb tres projectes en proc\u00e9s d&#8217;adjudicaci\u00f3 que superen els 560.000 euros; i Albal, amb dos projectes pendents, un d&#8217;ells la reurbanitzaci\u00f3 dels carrers de l&#8217;Eixample amb un cost de 457.000 euros.<\/p>\n\n\n\n<p class=\"wp-block-paragraph\">Tamb\u00e9 tenen subvencions pendents d&#8217;adjudicaci\u00f3 Aldaia, amb dos projectes i 360.000 euros a compte del Pla d&#8217;Inversions 22-23; Alginet, amb quatre actuacions i 280.000 euros; i Benet\u00fasser, que encara no ha pogut executar la reurbanitzaci\u00f3 del carrer Nuestra Se\u00f1ora del Socorro i el reasfaltat del carrer Senyera (180.000 euros).<\/p>\n\n\n\n<p class=\"wp-block-paragraph\">Per comarques, la Ribera Alta (51) i l&#8217;Horta Nord (50) s\u00f3n les que m\u00e9s projectes tenen del pla 22-23 en proc\u00e9s de documentaci\u00f3 i adjudicaci\u00f3, seguides de prop per la Serran\u00eda (46) i la Vall d&#8217;Albaida (43). En l&#8217;extrem oposat, la Canal de Navarr\u00e9s nom\u00e9s t\u00e9 quatre actuacions per concretar i el Valle de Ayora-Cofrentes cinc. Per municipis, Villar del Arzobispo (10) \u00e9s el que presenta m\u00e9s obres sense adjudicar, per les nou actuacions pendents a Requena, les huit de la Pobla de Vallbona, Aras de los Olmos i la Puebla de San Miguel i les set de Foios.<\/p>\n\n\n\n<p class=\"wp-block-paragraph\">Entre els ens comarcals i intercomarcals, els 21 projectes que no s&#8217;han finalitzat pertanyen a la Mancomunitat Camp de T\u00faria (5); la Mancomunitat Albalat-Poliny\u00e0 (3) i la de la Vall d&#8217;Albaida (3); la Mancomunitat Ribera Alta (2) i la Mancomunitat de la Serran\u00eda (2); i una actuaci\u00f3 pendent aprovada en el seu moment a les mancomunitats de la Baronia, la Costera-Canal, El Tejo, Tierra del Vino, Alc\u00e0ntera i l&#8217;Horta Nord.<\/p>\n\n\n\n<p class=\"wp-block-paragraph\"><strong>Projectes i modificacions<\/strong><\/p>\n\n\n\n<p class=\"wp-block-paragraph\">Entre les obres i subministraments sense executar trobem actuacions urban\u00edstiques, adequaci\u00f3 d&#8217;instal\u00b7lacions p\u00fabliques per a diferents usos, renovaci\u00f3 i ampliaci\u00f3 de zones verdes i instal\u00b7lacions esportives, reparaci\u00f3 de camins, equipament, millores en l&#8217;efici\u00e8ncia energ\u00e8tica dels servicis, etc. Projectes de tot tipus que no han arribat a concretar-se per problemes amb els terminis, per l&#8217;encariment dels costos d&#8217;execuci\u00f3 o per la dificultat per a trobar prove\u00efdors i empreses qualificades disponibles, entre altres motius.<\/p>\n\n\n\n<p class=\"wp-block-paragraph\">En resposta a esta situaci\u00f3, l&#8217;\u00e0rea de Cooperaci\u00f3 Municipal que coordina Nat\u00e0lia Enguix est\u00e0 concedint totes les facilitats als ajuntaments perqu\u00e8 puguen executar les actuacions pendents i no perden les subvencions aprovades en el marc dels anteriors plans d&#8217;inversi\u00f3. \u201cLa pr\u00f2rroga del pla 22-23 \u00e9s l&#8217;\u00faltima mesura que hem pres perqu\u00e8 els municipis disposen de m\u00e9s temps per a acabar els processos i no haver de renunciar a les ajudes\u201d, apunta Enguix, \u201cper\u00f2 no \u00e9s l&#8217;\u00fanica, ja que en estos \u00faltims mesos, en paral\u00b7lel al desenvolupament del nou Pla Obert, hem donat llum verda al canvi de projectes que ja no eren prioritaris o amb sobrecostos per als ajuntaments per uns altres m\u00e9s necessaris i que es podran materialitzar\u201d.<\/p>\n\n\n\n<p class=\"wp-block-paragraph\">En la mateixa l\u00ednia de contribuir a la major execuci\u00f3 possible de l&#8217;\u00faltim pla de l&#8217;anterior equip de govern, Cooperaci\u00f3 est\u00e0 aprovant decrets com el de Sueca, que permet destinar a una nova obra, en este cas l&#8217;habilitaci\u00f3 de l&#8217;antic edifici de Correus per a Servicis Socials, els romanents del pla 22-23 que resulten dels projectes no executats i de les difer\u00e8ncies en el cost definitiu d&#8217;adjudicaci\u00f3 dels treballs.<\/p>\n","protected":false},"excerpt":{"rendered":"<div class=\"mh-excerpt\">L&#8217;\u00e0rea de Cooperaci\u00f3 que coordina la vicepresidenta Nat\u00e0lia Enguix porta al ple d&#8217;abril una proposta per a canviar la data l\u00edmit d&#8217;execuci\u00f3 de les obres del pla: del 12 d&#8217;agost de 2025 al 30 de <a class=\"mh-excerpt-more\" href=\"https:\/\/tucomarca.whitekongsoftware.com\/ca\/la-diputacio-prorroga-un-any-el-pla-dinversions-2022-2023-perque-els-municipis-no-perden-els-70-milions-pendents\/\" title=\"La Diputaci\u00f3 prorroga un any el Pla d&#8217;Inversions 2022-2023 perqu\u00e8 els municipis no perden els 70 milions pendents\u00a0\">[+] <\/a><\/div>\n","protected":false},"author":13,"featured_media":261699,"comment_status":"open","ping_status":"open","sticky":false,"template":"","format":"standard","meta":{"footnotes":""},"categories":[20520,10898,10904,20456],"tags":[20516,11199,21009,20404],"class_list":["post-261695","post","type-post","status-publish","format-standard","has-post-thumbnail","category-cooperacio-municipal","category-ventana-ca","category-sin-categorizar-ca","category-la-diputacio-de-valencia-informa-ca","tag-cooperacion-municipal-ca","tag-la-comunitat-ca","tag-la-diputacio-de-valencia-ca","tag-natalia-enguix-2-ca"],"_links":{"self":[{"href":"https:\/\/tucomarca.whitekongsoftware.com\/ca\/wp-json\/wp\/v2\/posts\/261695","targetHints":{"allow":["GET"]}}],"collection":[{"href":"https:\/\/tucomarca.whitekongsoftware.com\/ca\/wp-json\/wp\/v2\/posts"}],"about":[{"href":"https:\/\/tucomarca.whitekongsoftware.com\/ca\/wp-json\/wp\/v2\/types\/post"}],"author":[{"embeddable":true,"href":"https:\/\/tucomarca.whitekongsoftware.com\/ca\/wp-json\/wp\/v2\/users\/13"}],"replies":[{"embeddable":true,"href":"https:\/\/tucomarca.whitekongsoftware.com\/ca\/wp-json\/wp\/v2\/comments?post=261695"}],"version-history":[{"count":0,"href":"https:\/\/tucomarca.whitekongsoftware.com\/ca\/wp-json\/wp\/v2\/posts\/261695\/revisions"}],"wp:featuredmedia":[{"embeddable":true,"href":"https:\/\/tucomarca.whitekongsoftware.com\/ca\/wp-json\/wp\/v2\/media\/261699"}],"wp:attachment":[{"href":"https:\/\/tucomarca.whitekongsoftware.com\/ca\/wp-json\/wp\/v2\/media?parent=261695"}],"wp:term":[{"taxonomy":"category","embeddable":true,"href":"https:\/\/tucomarca.whitekongsoftware.com\/ca\/wp-json\/wp\/v2\/categories?post=261695"},{"taxonomy":"post_tag","embeddable":true,"href":"https:\/\/tucomarca.whitekongsoftware.com\/ca\/wp-json\/wp\/v2\/tags?post=261695"}],"curies":[{"name":"wp","href":"https:\/\/api.w.org\/{rel}","templated":true}]}}