{"id":261500,"date":"2025-04-11T08:40:00","date_gmt":"2025-04-11T06:40:00","guid":{"rendered":"https:\/\/www.tucomarca.com\/wordpress\/segunda\/?p=261500"},"modified":"2025-04-11T19:46:03","modified_gmt":"2025-04-11T17:46:03","slug":"lorquestra-filharmonica-de-requena-commemora-el-120o-aniversari-de-dvorak-amb-la-simfonia-del-nou-mon","status":"publish","type":"post","link":"https:\/\/tucomarca.whitekongsoftware.com\/ca\/lorquestra-filharmonica-de-requena-commemora-el-120o-aniversari-de-dvorak-amb-la-simfonia-del-nou-mon\/","title":{"rendered":"L&#8217;Orquestra Filharm\u00f2nica de Requena commemora el 120 aniversari de Dvo\u0159\u00e1k amb la \u2018Simfonia del Nou M\u00f3n\u2019"},"content":{"rendered":"\n<h3 class=\"wp-block-heading\">La formaci\u00f3, dirigida per Francisco Melero, abordar\u00e0 Els Pr\u00e9ludes de Liszt i el poema simf\u00f2nic de l&#8217;autor txec amb el qual homenatjar\u00e0 a un dels m\u00e9s reconeguts compositors de la hist\u00f2ria en el Teatre Principal el dissabte 12 a les 19,30 hores.<\/h3>\n\n\n\n<h3 class=\"wp-block-heading\">La Simfonia del Nou M\u00f3n es va estrenar en 1893 en el Carnegie Hall de Nova York a c\u00e0rrec de la Societat Filharm\u00f2nica de Nova York, dirigida per Anton Seidl, en un concert que va obtindre el reconeixement del p\u00fablic i la premsa especialitzada.<\/h3>\n\n\n\n<h3 class=\"wp-block-heading\">Les cr\u00edtiques en The New York Times i Nova York Herald van destacar que el dia de l&#8217;estrena va ser \u201cimportant en la hist\u00f2ria musical dels Estats Units\u201d amb un p\u00fablic \u201centusiasmat fins al frenes\u00ed\u201d amb una obra \u201cde proporcions heroiques\u201d.<\/h3>\n\n\n\n<h3 class=\"wp-block-heading\">Els experts la van considerar ja llavors \u201ccom la millor de les obres de Dvo\u0159\u00e1k, la qual cosa equival a dir que \u00e9s una gran simfonia i ha d&#8217;ocupar el seu lloc entre les millors en aquest format produ\u00efdes des de la mort de Beethoven\u201d.<\/h3>\n\n\n\n<h3 class=\"wp-block-heading\">Dvo\u0159\u00e1k estava en la c\u00faspide de la seua energia creativa i la composici\u00f3 havia de demostrar la teoria de l&#8217;autor sobre la possibilitat d&#8217;utilitzar elements caracter\u00edstics de la m\u00fasica afroamericana i nadiua americana.<\/h3>\n\n\n\n<p class=\"wp-block-paragraph\">L&#8217;Orquestra Filharm\u00f2nica Fundaci\u00f3 Ciutat de Requena, dirigida per Francisco Melero, actuar\u00e0 en el Concert de Setmana Santa, patrocinat per la Fundaci\u00f3 Ciutat de Requena i el Celler Sierra Nord, en el Teatre Principal de Requena, el dissabte 12 d&#8217;abril a les 19.30h. En el marc del cicle Les quatre estacions, la formaci\u00f3 oferir\u00e0 un programa amb el poema simf\u00f2nic Els Pr\u00e9ludes S.97 de Franz Liszt (1811-1886) i la Simfonia n\u00famero 9 en el meu menor, opus 95, B178 \u2018Del Nou M\u00f3n\u2019 de Anton\u00edn Dvo\u0159\u00e1k (1841-1904) amb la qual retr\u00e0 homenatge a un dels m\u00e9s reconeguts compositors de la hist\u00f2ria de la m\u00fasica cl\u00e0ssica en el 120 aniversari del falle- fonament del compositor txec.<br>Melero obrir\u00e0 el concert amb l&#8217;obra de Liszt, inspirada en una oda hom\u00f2nima pertanyent a les Nouvelles m\u00e9ditations po\u00e9tiques del poeta Alphonse de Lamartine, un dels m\u00e9s coneguts poemes simf\u00f2nics del m\u00fasic austrohongar\u00e9s, que la va dirigir en la seua estrena el 23 de febrer de 1854 en un concert en el Hoftheater de Weimar a Alemanya. En la notes al programa l&#8217;autor exposava \u201cQu\u00e8 \u00e9s la nostra vida sin\u00f3 una s\u00e8rie de preludis a una can\u00e7\u00f3 desconeguda, de la qual la primera nota solemne \u00e9s la que fa sonar la mort?\u201d<br>La Simfonia del Nou M\u00f3n, una de les obres m\u00e9s populars i conegudes del compositor, va ser composta per Dvo\u0159\u00e1k en 1893 i es va estrenar el 16 de desembre d&#8217;eixe mateix any en el Carnegie Hall de Nova York a c\u00e0rrec de la Societat Filharm\u00f2nica de Nova York, dirigida per Anton Seidl, en un concert triomfal que va obtindre el reconeixement del p\u00fablic i la premsa especialitzada i que l&#8217;autor va presenciar com a testimoni excepcional.<br>Les ressenyes i cr\u00edtiques en mitjans com The New York Times i Nova York Herald van destacar que el dia de l&#8217;estrena va ser \u201cimportant en la hist\u00f2ria musical dels Estats Units\u201d amb un p\u00fablic \u201centusias- mado fins al frenes\u00ed\u201d amb una obra \u201cde proporcions heroiques\u201d; i exposaven \u201cel seu domini absolut de l&#8217;escriptura simf\u00f2nica\u201d i l&#8217;assenyalaven com \u201cun mestre absolut de les peculiaritats mel\u00f2diques, r\u00edtmiques i harm\u00f2niques fonamentals de les melodies negres\u201d. Els experts la van considerar ja enton- ces \u201ccom la millor de les obres de Dvo\u0159\u00e1k, la qual cosa equival a dir que \u00e9s una gran simfonia i ha d&#8217;ocupar el seu lloc entre les millors en aquest format produ\u00efdes des de la mort de Beethoven\u201d.<\/p>\n\n\n\n<p class=\"wp-block-paragraph\"><strong>Excepcional i captivadora<\/strong><\/p>\n\n\n\n<p class=\"wp-block-paragraph\">Dvo\u0159\u00e1k estava en la c\u00faspide de la seua energia creativa i aix\u00f2 va contribuir a la g\u00e8nesi d&#8217;una obra de gran qualitat. La composici\u00f3 havia de demostrar la teoria de l&#8217;autor sobre la possibilitat d&#8217;utilitzar elements caracter\u00edstics de la m\u00fasica afroamericana i nadiua americana. La unitat de forma i contingut i l&#8217;estructura de quatre moviments est\u00e0 constru\u00efda amb gran mestratge, segons els experts.<br>La naturalesa excepcional i captivadora de l&#8217;obra resideix en el seu notable lirisme i el seu conc\u00eds tractament tem\u00e0tic, els seus ritmes impactants, la seua puresa expressiva, el seu temperament elemental i l&#8217;equilibri de totes aquestes qualitats. Un tret caracter\u00edstic de la composici\u00f3 \u00e9s la freq\u00fcent reminisc\u00e8ncia de temes de moviments anteriors en moments crucials de cada moviment subseg\u00fcent, principi que confereix a la simfonia la seua expressi\u00f3 homog\u00e8nia. Dvo\u0159\u00e1k havia emprat aquest enfocament en nombroses ocasions, per\u00f2 mai amb tanta consist\u00e8ncia i deliberaci\u00f3.<br>Les entrades per a aquest Concert de Setmana Santa es poden aconseguir de manera anticipada en la web www.orquestarequena.com, i en Norberto Pi\u00f1ango 17, per 10 euros (8 euros per als socis); el preu en taquilla el dia del concert s\u00f3n 12 i 10 euros respectivament. Aquesta iniciativa tamb\u00e9 compta amb la col\u00b7laboraci\u00f3 de la regidoria de Cultura de l&#8217;Ajuntament de Requena, Generalitat Valenciana, Institut Valenci\u00e0 de Cultura (IVC), Diputaci\u00f3 de Val\u00e8ncia, el enoresort Finca Calder\u00f3n del Celler Sierra Nord, Nexe Wines, Telfy TV, Font Primavera, Onda Requena, R\u00e0dio Requena, R\u00e0dio Utiel i Monogr\u00e0fic comunicaci\u00f3.<br>En el Concert de Setmana Santa en el Teatre Principal de Requena se sortejar\u00e0 entre els assistents un men\u00fa degustaci\u00f3 per a dues persones que els guanyadors podran gaudir, envoltats de vinyes, en el restaurant de la Finca Calder\u00f3n Enoresort.<\/p>\n\n\n\n<p class=\"wp-block-paragraph\"><strong>Orquestra Filharm\u00f2nica de Requena<\/strong><\/p>\n\n\n\n<p class=\"wp-block-paragraph\">L&#8217;Orquestra Filharm\u00f2nica Fundaci\u00f3 Ciutat de Requena, fundada en 2006, va debutar en el Temple de Santa Mar\u00eda de Requena interpretant la Simfonia n\u00famero 5 de Ludwig van Beethoven el 5 d&#8217;abril de 2007, ha oferit m\u00e9s de 100 concerts interpretant obres del gran repertori cl\u00e0ssic i contemporani de compositors espanyols i estrangers. Francisco Melero est\u00e0 des dels seus inicis al capdavant d&#8217;una formaci\u00f3 que actua amb 96 m\u00fasics i desenvolupa la seua activitat com a associaci\u00f3 sense \u00e0nim de lucre amb quasi 300 socis.<br>En aquests 19 anys ha col\u00b7laborat amb importants artistes com els tenors Jos\u00e9 Manuel Zapata i Javier Palacios, les sopranos Ainhoa Arteta, Montserrat Mart\u00ed Caball\u00e9, Silvia V\u00e1zquez i Em\u00edlia Onrubia, la mezzosoprano Beatriz Gimeno, els bar\u00edtons Luis Santana, Omar Lara i Armant del Clot, les cantants de flamenc Roc\u00edo M\u00e1rquez i Mar\u00eda Toledo, la cantant Sole Gim\u00e9nez, els m\u00fasics Llaura Malikian, Jos\u00e9 Franch Ballester, Claudio Constantini, Fernando Egozcue, Aitzol Iturriagagoitia i David Apell\u00e1niz, aix\u00ed com amb els pianistes Josu De Solaun, Carles Mar\u00edn, Leonel Morales, Francisco Fierro, Jos\u00e9 Ram\u00f3n Garc\u00eda i Raquel del Val, entre altres.<br>L&#8217;orquestra i el seu director, que han sigut proposats per Federico Mayor Saragossa, director general de la Unesco entre 1987 i 1999, per al nomenament de M\u00fasics per la Pau, tamb\u00e9 han col\u00b7laborat amb diversos grups corals. Entre els concerts realitzats, cal destacar els realitzats en el Palau de la M\u00fasica de Val\u00e8ncia, els Festivals de la verema i el vi, els realitzats durant la Setmana de M\u00fasica Sacra de Requena o aquells amb un inter\u00e9s social com els Concerts extraordinaris per la pau o els concerts solidaris a benefici de persones majors, de la Creu Roja, de familiars de malalts d&#8217;alzheimer i de la dana. Des de la seua fundaci\u00f3 t\u00e9 l&#8217;objectiu d&#8217;ampliar la formaci\u00f3 de joves m\u00fasics i estudiants de conservatoris en un entorn que ha atret a desenes d&#8217;int\u00e8rprets pel seu ambient acad\u00e8mic.<\/p>\n\n\n\n<p class=\"wp-block-paragraph\"><\/p>\n","protected":false},"excerpt":{"rendered":"<div class=\"mh-excerpt\">La formaci\u00f3, dirigida per Francisco Melero, abordar\u00e0 Els Pr\u00e9ludes de Liszt i el poema simf\u00f2nic de l&#8217;autor txec amb el qual homenatjar\u00e0 a un dels m\u00e9s reconeguts compositors de la hist\u00f2ria en el Teatre Principal <a class=\"mh-excerpt-more\" href=\"https:\/\/tucomarca.whitekongsoftware.com\/ca\/lorquestra-filharmonica-de-requena-commemora-el-120o-aniversari-de-dvorak-amb-la-simfonia-del-nou-mon\/\" title=\"L&#8217;Orquestra Filharm\u00f2nica de Requena commemora el 120 aniversari de Dvo\u0159\u00e1k amb la \u2018Simfonia del Nou M\u00f3n\u2019\">[+] <\/a><\/div>\n","protected":false},"author":12,"featured_media":261499,"comment_status":"open","ping_status":"open","sticky":false,"template":"","format":"standard","meta":{"footnotes":""},"categories":[11019,11005,10894,11007,10908,10909,10896],"tags":[20901,10910],"class_list":["post-261500","post","type-post","status-publish","format-standard","has-post-thumbnail","category-agenda-ca","category-canal-musica","category-la-comarca-ca","category-ocio-y-cultura-ca","category-requena-ca","category-requena-utiel-ca","category-seccion-ca","tag-orquesta-ciudad-de-requena-ca","tag-requena-utiel-ca"],"_links":{"self":[{"href":"https:\/\/tucomarca.whitekongsoftware.com\/ca\/wp-json\/wp\/v2\/posts\/261500","targetHints":{"allow":["GET"]}}],"collection":[{"href":"https:\/\/tucomarca.whitekongsoftware.com\/ca\/wp-json\/wp\/v2\/posts"}],"about":[{"href":"https:\/\/tucomarca.whitekongsoftware.com\/ca\/wp-json\/wp\/v2\/types\/post"}],"author":[{"embeddable":true,"href":"https:\/\/tucomarca.whitekongsoftware.com\/ca\/wp-json\/wp\/v2\/users\/12"}],"replies":[{"embeddable":true,"href":"https:\/\/tucomarca.whitekongsoftware.com\/ca\/wp-json\/wp\/v2\/comments?post=261500"}],"version-history":[{"count":0,"href":"https:\/\/tucomarca.whitekongsoftware.com\/ca\/wp-json\/wp\/v2\/posts\/261500\/revisions"}],"wp:featuredmedia":[{"embeddable":true,"href":"https:\/\/tucomarca.whitekongsoftware.com\/ca\/wp-json\/wp\/v2\/media\/261499"}],"wp:attachment":[{"href":"https:\/\/tucomarca.whitekongsoftware.com\/ca\/wp-json\/wp\/v2\/media?parent=261500"}],"wp:term":[{"taxonomy":"category","embeddable":true,"href":"https:\/\/tucomarca.whitekongsoftware.com\/ca\/wp-json\/wp\/v2\/categories?post=261500"},{"taxonomy":"post_tag","embeddable":true,"href":"https:\/\/tucomarca.whitekongsoftware.com\/ca\/wp-json\/wp\/v2\/tags?post=261500"}],"curies":[{"name":"wp","href":"https:\/\/api.w.org\/{rel}","templated":true}]}}