{"id":261491,"date":"2025-04-11T09:45:00","date_gmt":"2025-04-11T07:45:00","guid":{"rendered":"https:\/\/www.tucomarca.com\/wordpress\/segunda\/?p=261491"},"modified":"2025-04-11T14:06:30","modified_gmt":"2025-04-11T12:06:30","slug":"nova-edicio-descola-de-pasqua-a-bunyol-dins-del-pla-corresponsables-2024-2025","status":"publish","type":"post","link":"https:\/\/tucomarca.whitekongsoftware.com\/ca\/nova-edicio-descola-de-pasqua-a-bunyol-dins-del-pla-corresponsables-2024-2025\/","title":{"rendered":"Nova edici\u00f3 d&#8217;Escola de Pasqua a Bunyol dins del Pla Corresponsables 2024-2025"},"content":{"rendered":"\n<h3 class=\"wp-block-heading\">Del dimarts 22 al dilluns 28 d&#8217;abril arriba una nova edici\u00f3 de l&#8217;Escola de Pasqua a Bunyol en l&#8217;Antic Institut de la localitat.<\/h3>\n\n\n<div class=\"wp-block-image\">\n<figure class=\"alignleft size-large is-resized\"><img loading=\"lazy\" decoding=\"async\" width=\"649\" height=\"1024\" src=\"http:\/\/www.tucomarca.com\/wordpress\/segunda\/wp-content\/uploads\/2025\/04\/EscuelaPascuaBunol-649x1024.jpg\" alt=\"\" class=\"wp-image-261487\" style=\"width:402px;height:auto\" srcset=\"https:\/\/tucomarca.whitekongsoftware.com\/wp-content\/uploads\/2025\/04\/EscuelaPascuaBunol-649x1024.jpg 649w, https:\/\/tucomarca.whitekongsoftware.com\/wp-content\/uploads\/2025\/04\/EscuelaPascuaBunol-190x300.jpg 190w, https:\/\/tucomarca.whitekongsoftware.com\/wp-content\/uploads\/2025\/04\/EscuelaPascuaBunol-768x1211.jpg 768w, https:\/\/tucomarca.whitekongsoftware.com\/wp-content\/uploads\/2025\/04\/EscuelaPascuaBunol.jpg 886w\" sizes=\"auto, (max-width: 649px) 100vw, 649px\" \/><\/figure>\n<\/div>\n\n\n<p class=\"wp-block-paragraph\">En l&#8217;Antic Institut de Bunyol des del dimarts 22 al dilluns 28 d&#8217;abril de 9 a 14h es desenvolupar\u00e0 una nova edici\u00f3 de l&#8217;Escola de Pasqua per a xiquetes\/us de 4 anys (o que els complisquen aquest 2025) fins a 16 anys.<br>Tots els interessats a matricular als seus xicotets han d&#8217;escanejar el QR del cartell i emplenar la sol\u00b7licitud. El termini d&#8217;inscripci\u00f3 s&#8217;obrir\u00e0 dem\u00e0 dissabte 12 d&#8217;abril a les 0h fins al dimarts 15. Hi ha un total de 140 places per ordre d&#8217;inscripci\u00f3. No et quedes sense pla\u00e7a.<br>L&#8217;Escola de Pasqua est\u00e0 organitzada per l&#8217;Ajuntament de Bunyol i el Pla Corresponsables del Ministeri d&#8217;Igualtat juntament amb la Generalitat Valenciana. L&#8217;objectiu \u00e9s la conciliaci\u00f3 de la vida familiar i que els xiquets i xiquetes puguen continuar divertint-se amb amics i xiquets de la seua edat en aquest per\u00edode festiu per a ells com \u00e9s les vacances de Pasqua.<\/p>\n","protected":false},"excerpt":{"rendered":"<div class=\"mh-excerpt\">Del dimarts 22 al dilluns 28 d&#8217;abril arriba una nova edici\u00f3 de l&#8217;Escola de Pasqua a Bunyol en l&#8217;Antic Institut de la localitat. En l&#8217;Antic Institut de Bunyol des del dimarts 22 al dilluns 28 <a class=\"mh-excerpt-more\" href=\"https:\/\/tucomarca.whitekongsoftware.com\/ca\/nova-edicio-descola-de-pasqua-a-bunyol-dins-del-pla-corresponsables-2024-2025\/\" title=\"Nova edici\u00f3 d&#8217;Escola de Pasqua a Bunyol dins del Pla Corresponsables 2024-2025\">[+] <\/a><\/div>\n","protected":false},"author":12,"featured_media":261488,"comment_status":"open","ping_status":"open","sticky":false,"template":"","format":"standard","meta":{"footnotes":""},"categories":[11019,10911,10894,10912,11007,10896],"tags":[10913,22158,10914],"class_list":["post-261491","post","type-post","status-publish","format-standard","has-post-thumbnail","category-agenda-ca","category-bunol-ca","category-la-comarca-ca","category-la-hoya-ca","category-ocio-y-cultura-ca","category-seccion-ca","tag-bunol-ca","tag-escuela-de-pascua-2025-ca","tag-la-hoya-de-bunol-chiva-ca"],"_links":{"self":[{"href":"https:\/\/tucomarca.whitekongsoftware.com\/ca\/wp-json\/wp\/v2\/posts\/261491","targetHints":{"allow":["GET"]}}],"collection":[{"href":"https:\/\/tucomarca.whitekongsoftware.com\/ca\/wp-json\/wp\/v2\/posts"}],"about":[{"href":"https:\/\/tucomarca.whitekongsoftware.com\/ca\/wp-json\/wp\/v2\/types\/post"}],"author":[{"embeddable":true,"href":"https:\/\/tucomarca.whitekongsoftware.com\/ca\/wp-json\/wp\/v2\/users\/12"}],"replies":[{"embeddable":true,"href":"https:\/\/tucomarca.whitekongsoftware.com\/ca\/wp-json\/wp\/v2\/comments?post=261491"}],"version-history":[{"count":0,"href":"https:\/\/tucomarca.whitekongsoftware.com\/ca\/wp-json\/wp\/v2\/posts\/261491\/revisions"}],"wp:featuredmedia":[{"embeddable":true,"href":"https:\/\/tucomarca.whitekongsoftware.com\/ca\/wp-json\/wp\/v2\/media\/261488"}],"wp:attachment":[{"href":"https:\/\/tucomarca.whitekongsoftware.com\/ca\/wp-json\/wp\/v2\/media?parent=261491"}],"wp:term":[{"taxonomy":"category","embeddable":true,"href":"https:\/\/tucomarca.whitekongsoftware.com\/ca\/wp-json\/wp\/v2\/categories?post=261491"},{"taxonomy":"post_tag","embeddable":true,"href":"https:\/\/tucomarca.whitekongsoftware.com\/ca\/wp-json\/wp\/v2\/tags?post=261491"}],"curies":[{"name":"wp","href":"https:\/\/api.w.org\/{rel}","templated":true}]}}