{"id":261446,"date":"2025-04-10T16:30:00","date_gmt":"2025-04-10T14:30:00","guid":{"rendered":"https:\/\/www.tucomarca.com\/wordpress\/segunda\/?p=261446"},"modified":"2025-04-10T20:20:24","modified_gmt":"2025-04-10T18:20:24","slug":"la-festa-de-la-verema-de-xest-es-reconeguda-com-a-festa-dinteres-turistic-provincial-per-la-generalitat","status":"publish","type":"post","link":"https:\/\/tucomarca.whitekongsoftware.com\/ca\/la-festa-de-la-verema-de-xest-es-reconeguda-com-a-festa-dinteres-turistic-provincial-per-la-generalitat\/","title":{"rendered":"La Festa de la Verema de Xest \u00e9s reconeguda com a Festa d&#8217;Inter\u00e9s Tur\u00edstic Provincial per la Generalitat"},"content":{"rendered":"\n<p class=\"wp-block-paragraph\">La Direcci\u00f3 general de Turisme de la Generalitat Valenciana ha atorgat el t\u00edtol honor\u00edfic de \u201cFesta d&#8217;inter\u00e9s tur\u00edstic provincial de la Comunitat Val\u00e8ncia\u201d a la Festa de la Verema de Xest, en resposta a la sol\u00b7licitud presentada per l&#8217;Ajuntament de Xest i en reconeixement a aquesta celebraci\u00f3 amb m\u00e9s de 50 anys d&#8217;arrelament en la poblaci\u00f3.<\/p>\n\n\n\n<p class=\"wp-block-paragraph\">\u201cEl reconeixement com a Festa d&#8217;Inter\u00e9s Tur\u00edstic \u00e9s una manera de posar en valor les nostres tradicions, de facilitar que es conega la nostra identitat i cultura popular, de donar a con\u00e9ixer el que som, i de promoure que vinguen m\u00e9s visitants a la nostra localitat\u201d, ha declarat l&#8217;alcalde de Xest, Jos\u00e9 Morell. \u201cDespr\u00e9s de m\u00e9s de mig segle, el poble ha sabut mantindre viva la festa, enriquint-la a mesura que la societat ha anat evolucionant, i \u00e9s el nostre deure preservar-la durant molts anys m\u00e9s\u201d.<\/p>\n\n\n\n<p class=\"wp-block-paragraph\">En la sol\u00b7licitud, elevada per l&#8217;Ajuntament a la Generalitat el mes de desembre passat, despr\u00e9s de la seua aprovaci\u00f3 per unanimitat en sessi\u00f3 plen\u00e0ria, es va incloure com a nucli central de la proposta el llibre \u201c50 anys de la Festa de la Verema\u201d, elaborat per la historiadora de la localitat M\u00aa de la Mar S\u00e1nchez Verduch. L&#8217;expedient tamb\u00e9 inclo\u00efa el documental realitzat per T\u00e0ndem Comunicaci\u00f3 sota el t\u00edtol \u201cFesta de la Verema, 50 anys de tradici\u00f3 chestana\u201d, i un compendi de fotografies i documentaci\u00f3 complement\u00e0ria.<\/p>\n\n\n\n<p class=\"wp-block-paragraph\">\u201c\u00c9s una alegria immensa i un orgull que una festa tan nostra, que comporta tant de treball, artesania, art, siga declarada d&#8217;inter\u00e9s tur\u00edstic, \u00e9s una fita en la nostra hist\u00f2ria\u201d, ha declarat el regidor de Festes, \u00d3scar Gald\u00f3n. \u201cDes de l&#8217;Ajuntament hem dedicat molta faena a elaborar l&#8217;expedient de sol\u00b7licitud, recopilant tot tipus de material i impulsant la creaci\u00f3 d&#8217;un llibre i un documental, \u00e9s molt gratificant que tot aix\u00f2 haja donat el seu fruit, perqu\u00e8 estem parlant d&#8217;un reconeixement a Xest i a la seua gent i, especialment, a les persones que s&#8217;han implicat en les festes des dels seus or\u00edgens; a Xest vivim amb molta intensitat i molt afecte cadascun dels actes festius i la gent que ve a con\u00e9ixer-los no dubte a repetir\u201d, apuntava el regidor.<\/p>\n\n\n\n<p class=\"wp-block-paragraph\"><strong>Sobre la Festa de la Verema<br><\/strong>La Festa de la Verema de Xest es va originar com un homenatge festiu a la verema, al vi i al treball en l&#8217;agricultura. En aquest marc, la celebraci\u00f3 inclou actualment els actes m\u00e9s tradicionals, com la Presentaci\u00f3 de la Reina de la Verema, la Pis\u00e1 del ra\u00efm, el concurs de carrers engalanats, el Dia del patr\u00f3 Sant Lluc Evangelista, les cercaviles del Dia de la Flor i del Dia del Mant\u00f3 o les entr\u00e1s de bous amb cavalls; i altres m\u00e9s recents, com les revetles, el concurs de disfresses, la torr\u00e1 popular, les paelles, esdeveniments esportius i activitats infantils. Tamb\u00e9 destaca en aquesta festa el vessant art\u00edstic i artesanal, amb l&#8217;elaboraci\u00f3 de la indument\u00e0ria t\u00edpica, per part de les ve\u00efnes m\u00e9s longeves de la localitat, o la creaci\u00f3 dels cridaners trons amb t\u00e8cniques tradicionals, sense deixar arrere altres manifestacions culturals com el concurs de poesia. En aquesta celebraci\u00f3 els i les representes de la festa s\u00f3n la reina i el seu acompanyant, aix\u00ed com la seua cort d&#8217;honor, formada cada any per joves de la poblaci\u00f3, amb la implicaci\u00f3 de les seues fam\u00edlies.<\/p>\n\n\n\n<figure class=\"wp-block-gallery has-nested-images columns-2 is-cropped wp-block-gallery-1 is-layout-flex wp-block-gallery-is-layout-flex\">\n<figure class=\"wp-block-image size-large\"><img loading=\"lazy\" decoding=\"async\" width=\"1024\" height=\"682\" data-id=\"261421\" src=\"https:\/\/www.tucomarca.com\/wordpress\/segunda\/wp-content\/uploads\/2025\/04\/ChesteVendimiaPatrimonio01-1024x682.jpg\" alt=\"\" class=\"wp-image-261421\" srcset=\"https:\/\/tucomarca.whitekongsoftware.com\/wp-content\/uploads\/2025\/04\/ChesteVendimiaPatrimonio01-1024x682.jpg 1024w, https:\/\/tucomarca.whitekongsoftware.com\/wp-content\/uploads\/2025\/04\/ChesteVendimiaPatrimonio01-300x200.jpg 300w, https:\/\/tucomarca.whitekongsoftware.com\/wp-content\/uploads\/2025\/04\/ChesteVendimiaPatrimonio01-768x512.jpg 768w, https:\/\/tucomarca.whitekongsoftware.com\/wp-content\/uploads\/2025\/04\/ChesteVendimiaPatrimonio01.jpg 1181w\" sizes=\"auto, (max-width: 1024px) 100vw, 1024px\" \/><\/figure>\n\n\n\n<figure class=\"wp-block-image size-large\"><img loading=\"lazy\" decoding=\"async\" width=\"1024\" height=\"682\" data-id=\"261423\" src=\"https:\/\/www.tucomarca.com\/wordpress\/segunda\/wp-content\/uploads\/2025\/04\/ChesteVendimiaPatrimonio02-1024x682.jpg\" alt=\"\" class=\"wp-image-261423\" srcset=\"https:\/\/tucomarca.whitekongsoftware.com\/wp-content\/uploads\/2025\/04\/ChesteVendimiaPatrimonio02-1024x682.jpg 1024w, https:\/\/tucomarca.whitekongsoftware.com\/wp-content\/uploads\/2025\/04\/ChesteVendimiaPatrimonio02-300x200.jpg 300w, https:\/\/tucomarca.whitekongsoftware.com\/wp-content\/uploads\/2025\/04\/ChesteVendimiaPatrimonio02-768x512.jpg 768w, https:\/\/tucomarca.whitekongsoftware.com\/wp-content\/uploads\/2025\/04\/ChesteVendimiaPatrimonio02.jpg 1181w\" sizes=\"auto, (max-width: 1024px) 100vw, 1024px\" \/><\/figure>\n\n\n\n<figure class=\"wp-block-image size-large\"><img loading=\"lazy\" decoding=\"async\" width=\"1024\" height=\"682\" data-id=\"261425\" src=\"https:\/\/www.tucomarca.com\/wordpress\/segunda\/wp-content\/uploads\/2025\/04\/ChesteVendimiaPatrimonio03-1024x682.jpg\" alt=\"\" class=\"wp-image-261425\" srcset=\"https:\/\/tucomarca.whitekongsoftware.com\/wp-content\/uploads\/2025\/04\/ChesteVendimiaPatrimonio03-1024x682.jpg 1024w, https:\/\/tucomarca.whitekongsoftware.com\/wp-content\/uploads\/2025\/04\/ChesteVendimiaPatrimonio03-300x200.jpg 300w, https:\/\/tucomarca.whitekongsoftware.com\/wp-content\/uploads\/2025\/04\/ChesteVendimiaPatrimonio03-768x512.jpg 768w, https:\/\/tucomarca.whitekongsoftware.com\/wp-content\/uploads\/2025\/04\/ChesteVendimiaPatrimonio03.jpg 1181w\" sizes=\"auto, (max-width: 1024px) 100vw, 1024px\" \/><\/figure>\n\n\n\n<figure class=\"wp-block-image size-large\"><img loading=\"lazy\" decoding=\"async\" width=\"1024\" height=\"682\" data-id=\"261427\" src=\"https:\/\/www.tucomarca.com\/wordpress\/segunda\/wp-content\/uploads\/2025\/04\/ChesteVendimiaPatrimonio04-1024x682.jpg\" alt=\"\" class=\"wp-image-261427\" srcset=\"https:\/\/tucomarca.whitekongsoftware.com\/wp-content\/uploads\/2025\/04\/ChesteVendimiaPatrimonio04-1024x682.jpg 1024w, https:\/\/tucomarca.whitekongsoftware.com\/wp-content\/uploads\/2025\/04\/ChesteVendimiaPatrimonio04-300x200.jpg 300w, https:\/\/tucomarca.whitekongsoftware.com\/wp-content\/uploads\/2025\/04\/ChesteVendimiaPatrimonio04-768x512.jpg 768w, https:\/\/tucomarca.whitekongsoftware.com\/wp-content\/uploads\/2025\/04\/ChesteVendimiaPatrimonio04.jpg 1181w\" sizes=\"auto, (max-width: 1024px) 100vw, 1024px\" \/><\/figure>\n\n\n\n<figure class=\"wp-block-image size-large\"><img loading=\"lazy\" decoding=\"async\" width=\"1024\" height=\"682\" data-id=\"261429\" src=\"https:\/\/www.tucomarca.com\/wordpress\/segunda\/wp-content\/uploads\/2025\/04\/ChesteVendimiaPatrimonio05-1024x682.jpg\" alt=\"\" class=\"wp-image-261429\" srcset=\"https:\/\/tucomarca.whitekongsoftware.com\/wp-content\/uploads\/2025\/04\/ChesteVendimiaPatrimonio05-1024x682.jpg 1024w, https:\/\/tucomarca.whitekongsoftware.com\/wp-content\/uploads\/2025\/04\/ChesteVendimiaPatrimonio05-300x200.jpg 300w, https:\/\/tucomarca.whitekongsoftware.com\/wp-content\/uploads\/2025\/04\/ChesteVendimiaPatrimonio05-768x512.jpg 768w, https:\/\/tucomarca.whitekongsoftware.com\/wp-content\/uploads\/2025\/04\/ChesteVendimiaPatrimonio05.jpg 1181w\" sizes=\"auto, (max-width: 1024px) 100vw, 1024px\" \/><\/figure>\n\n\n\n<figure class=\"wp-block-image size-large\"><img loading=\"lazy\" decoding=\"async\" width=\"1024\" height=\"682\" data-id=\"261431\" src=\"https:\/\/www.tucomarca.com\/wordpress\/segunda\/wp-content\/uploads\/2025\/04\/ChesteVendimiaPatrimonio06-1024x682.jpg\" alt=\"\" class=\"wp-image-261431\" srcset=\"https:\/\/tucomarca.whitekongsoftware.com\/wp-content\/uploads\/2025\/04\/ChesteVendimiaPatrimonio06-1024x682.jpg 1024w, https:\/\/tucomarca.whitekongsoftware.com\/wp-content\/uploads\/2025\/04\/ChesteVendimiaPatrimonio06-300x200.jpg 300w, https:\/\/tucomarca.whitekongsoftware.com\/wp-content\/uploads\/2025\/04\/ChesteVendimiaPatrimonio06-768x512.jpg 768w, https:\/\/tucomarca.whitekongsoftware.com\/wp-content\/uploads\/2025\/04\/ChesteVendimiaPatrimonio06.jpg 1181w\" sizes=\"auto, (max-width: 1024px) 100vw, 1024px\" \/><\/figure>\n\n\n\n<figure class=\"wp-block-image size-large\"><img loading=\"lazy\" decoding=\"async\" width=\"1024\" height=\"682\" data-id=\"261433\" src=\"https:\/\/www.tucomarca.com\/wordpress\/segunda\/wp-content\/uploads\/2025\/04\/ChesteVendimiaPatrimonio07-1024x682.jpg\" alt=\"\" class=\"wp-image-261433\" srcset=\"https:\/\/tucomarca.whitekongsoftware.com\/wp-content\/uploads\/2025\/04\/ChesteVendimiaPatrimonio07-1024x682.jpg 1024w, https:\/\/tucomarca.whitekongsoftware.com\/wp-content\/uploads\/2025\/04\/ChesteVendimiaPatrimonio07-300x200.jpg 300w, https:\/\/tucomarca.whitekongsoftware.com\/wp-content\/uploads\/2025\/04\/ChesteVendimiaPatrimonio07-768x512.jpg 768w, https:\/\/tucomarca.whitekongsoftware.com\/wp-content\/uploads\/2025\/04\/ChesteVendimiaPatrimonio07.jpg 1181w\" sizes=\"auto, (max-width: 1024px) 100vw, 1024px\" \/><\/figure>\n\n\n\n<figure class=\"wp-block-image size-large\"><img loading=\"lazy\" decoding=\"async\" width=\"1024\" height=\"683\" data-id=\"261435\" src=\"https:\/\/www.tucomarca.com\/wordpress\/segunda\/wp-content\/uploads\/2025\/04\/ChesteVendimiaPatrimonio08-1024x683.jpg\" alt=\"\" class=\"wp-image-261435\" srcset=\"https:\/\/tucomarca.whitekongsoftware.com\/wp-content\/uploads\/2025\/04\/ChesteVendimiaPatrimonio08-1024x683.jpg 1024w, https:\/\/tucomarca.whitekongsoftware.com\/wp-content\/uploads\/2025\/04\/ChesteVendimiaPatrimonio08-300x200.jpg 300w, https:\/\/tucomarca.whitekongsoftware.com\/wp-content\/uploads\/2025\/04\/ChesteVendimiaPatrimonio08-768x512.jpg 768w, https:\/\/tucomarca.whitekongsoftware.com\/wp-content\/uploads\/2025\/04\/ChesteVendimiaPatrimonio08.jpg 1181w\" sizes=\"auto, (max-width: 1024px) 100vw, 1024px\" \/><\/figure>\n\n\n\n<figure class=\"wp-block-image size-large\"><img loading=\"lazy\" decoding=\"async\" width=\"1024\" height=\"682\" data-id=\"261437\" src=\"https:\/\/www.tucomarca.com\/wordpress\/segunda\/wp-content\/uploads\/2025\/04\/ChesteVendimiaPatrimonio09-1024x682.jpg\" alt=\"\" class=\"wp-image-261437\" srcset=\"https:\/\/tucomarca.whitekongsoftware.com\/wp-content\/uploads\/2025\/04\/ChesteVendimiaPatrimonio09-1024x682.jpg 1024w, https:\/\/tucomarca.whitekongsoftware.com\/wp-content\/uploads\/2025\/04\/ChesteVendimiaPatrimonio09-300x200.jpg 300w, https:\/\/tucomarca.whitekongsoftware.com\/wp-content\/uploads\/2025\/04\/ChesteVendimiaPatrimonio09-768x512.jpg 768w, https:\/\/tucomarca.whitekongsoftware.com\/wp-content\/uploads\/2025\/04\/ChesteVendimiaPatrimonio09.jpg 1181w\" sizes=\"auto, (max-width: 1024px) 100vw, 1024px\" \/><\/figure>\n\n\n\n<figure class=\"wp-block-image size-large\"><img loading=\"lazy\" decoding=\"async\" width=\"1024\" height=\"682\" data-id=\"261441\" src=\"https:\/\/www.tucomarca.com\/wordpress\/segunda\/wp-content\/uploads\/2025\/04\/ChesteVendimiaPatrimonio11-1024x682.jpg\" alt=\"\" class=\"wp-image-261441\" srcset=\"https:\/\/tucomarca.whitekongsoftware.com\/wp-content\/uploads\/2025\/04\/ChesteVendimiaPatrimonio11-1024x682.jpg 1024w, https:\/\/tucomarca.whitekongsoftware.com\/wp-content\/uploads\/2025\/04\/ChesteVendimiaPatrimonio11-300x200.jpg 300w, https:\/\/tucomarca.whitekongsoftware.com\/wp-content\/uploads\/2025\/04\/ChesteVendimiaPatrimonio11-768x512.jpg 768w, https:\/\/tucomarca.whitekongsoftware.com\/wp-content\/uploads\/2025\/04\/ChesteVendimiaPatrimonio11.jpg 1181w\" sizes=\"auto, (max-width: 1024px) 100vw, 1024px\" \/><\/figure>\n\n\n\n<figure class=\"wp-block-image size-large\"><img loading=\"lazy\" decoding=\"async\" width=\"1024\" height=\"682\" data-id=\"261443\" src=\"https:\/\/www.tucomarca.com\/wordpress\/segunda\/wp-content\/uploads\/2025\/04\/ChesteVendimiaPatrimonio12-1024x682.jpg\" alt=\"\" class=\"wp-image-261443\" srcset=\"https:\/\/tucomarca.whitekongsoftware.com\/wp-content\/uploads\/2025\/04\/ChesteVendimiaPatrimonio12-1024x682.jpg 1024w, https:\/\/tucomarca.whitekongsoftware.com\/wp-content\/uploads\/2025\/04\/ChesteVendimiaPatrimonio12-300x200.jpg 300w, https:\/\/tucomarca.whitekongsoftware.com\/wp-content\/uploads\/2025\/04\/ChesteVendimiaPatrimonio12-768x512.jpg 768w, https:\/\/tucomarca.whitekongsoftware.com\/wp-content\/uploads\/2025\/04\/ChesteVendimiaPatrimonio12.jpg 1181w\" sizes=\"auto, (max-width: 1024px) 100vw, 1024px\" \/><\/figure>\n<\/figure>\n","protected":false},"excerpt":{"rendered":"<div class=\"mh-excerpt\">La Direcci\u00f3 general de Turisme de la Generalitat Valenciana ha atorgat el t\u00edtol honor\u00edfic de \u201cFesta d&#8217;inter\u00e9s tur\u00edstic provincial de la Comunitat Val\u00e8ncia\u201d a la Festa de la Verema de Xest, en resposta a la <a class=\"mh-excerpt-more\" href=\"https:\/\/tucomarca.whitekongsoftware.com\/ca\/la-festa-de-la-verema-de-xest-es-reconeguda-com-a-festa-dinteres-turistic-provincial-per-la-generalitat\/\" title=\"La Festa de la Verema de Xest \u00e9s reconeguda com a Festa d&#8217;Inter\u00e9s Tur\u00edstic Provincial per la Generalitat\">[+] <\/a><\/div>\n","protected":false},"author":12,"featured_media":261440,"comment_status":"open","ping_status":"open","sticky":false,"template":"","format":"standard","meta":{"footnotes":""},"categories":[10894,10904,10912,11007,10896,10974],"tags":[11071,15497,10914],"class_list":["post-261446","post","type-post","status-publish","format-standard","has-post-thumbnail","category-la-comarca-ca","category-sin-categorizar-ca","category-la-hoya-ca","category-ocio-y-cultura-ca","category-seccion-ca","category-cheste-ca","tag-cheste","tag-fiesta-de-la-vendimia-de-cheste-ca","tag-la-hoya-de-bunol-chiva-ca"],"_links":{"self":[{"href":"https:\/\/tucomarca.whitekongsoftware.com\/ca\/wp-json\/wp\/v2\/posts\/261446","targetHints":{"allow":["GET"]}}],"collection":[{"href":"https:\/\/tucomarca.whitekongsoftware.com\/ca\/wp-json\/wp\/v2\/posts"}],"about":[{"href":"https:\/\/tucomarca.whitekongsoftware.com\/ca\/wp-json\/wp\/v2\/types\/post"}],"author":[{"embeddable":true,"href":"https:\/\/tucomarca.whitekongsoftware.com\/ca\/wp-json\/wp\/v2\/users\/12"}],"replies":[{"embeddable":true,"href":"https:\/\/tucomarca.whitekongsoftware.com\/ca\/wp-json\/wp\/v2\/comments?post=261446"}],"version-history":[{"count":0,"href":"https:\/\/tucomarca.whitekongsoftware.com\/ca\/wp-json\/wp\/v2\/posts\/261446\/revisions"}],"wp:featuredmedia":[{"embeddable":true,"href":"https:\/\/tucomarca.whitekongsoftware.com\/ca\/wp-json\/wp\/v2\/media\/261440"}],"wp:attachment":[{"href":"https:\/\/tucomarca.whitekongsoftware.com\/ca\/wp-json\/wp\/v2\/media?parent=261446"}],"wp:term":[{"taxonomy":"category","embeddable":true,"href":"https:\/\/tucomarca.whitekongsoftware.com\/ca\/wp-json\/wp\/v2\/categories?post=261446"},{"taxonomy":"post_tag","embeddable":true,"href":"https:\/\/tucomarca.whitekongsoftware.com\/ca\/wp-json\/wp\/v2\/tags?post=261446"}],"curies":[{"name":"wp","href":"https:\/\/api.w.org\/{rel}","templated":true}]}}