{"id":261419,"date":"2025-04-10T07:15:00","date_gmt":"2025-04-10T05:15:00","guid":{"rendered":"https:\/\/www.tucomarca.com\/wordpress\/segunda\/?p=261419"},"modified":"2025-04-10T19:36:16","modified_gmt":"2025-04-10T17:36:16","slug":"linstitut-valencia-de-cultura-convoca-les-ajudes-per-a-ladquisicio-dinstruments-musicals-amb-una-dotacio-de-225-000-euros","status":"publish","type":"post","link":"https:\/\/tucomarca.whitekongsoftware.com\/ca\/linstitut-valencia-de-cultura-convoca-les-ajudes-per-a-ladquisicio-dinstruments-musicals-amb-una-dotacio-de-225-000-euros\/","title":{"rendered":"L\u2019Institut Valenci\u00e0 de Cultura convoca les ajudes per a l\u2019adquisici\u00f3 d\u2019instruments musicals amb una dotaci\u00f3 de 225.000 euros"},"content":{"rendered":"\n<h3 class=\"wp-block-heading\"><strong>Les ajudes es dirigixen a les agrupacions musicals federades per a la compra d\u2019instruments amb fins a un m\u00e0xim de 10.000 euros per sol\u00b7licitud<\/strong><\/h3>\n\n\n\n<h3 class=\"wp-block-heading\"><strong><strong>El termini per a presentar les sol\u00b7licituds finalitza el 6 de maig<\/strong><\/strong><\/h3>\n\n\n\n<p class=\"wp-block-paragraph\">L\u2019Institut Valenci\u00e0 de Cultura ha convocat les ajudes per a l\u2019adquisici\u00f3 d\u2019instruments musicals, dirigides a les agrupacions musicals valencianes federades, i que podran sol\u00b7licitar-se fins al dia 6 de maig per via exclusivament telem\u00e0tica. La convocat\u00f2ria d\u2019estes ajudes s\u2019ha publicat en el&nbsp;<a href=\"https:\/\/dogv.gva.es\/es\/resultat-dogv?signatura=2025\/10762\">DOGV<\/a>.<\/p>\n\n\n\n<p class=\"wp-block-paragraph\">Estes subvencions tenen per finalitat millorar la dotaci\u00f3 de les associacions musicals sense \u00e0nim de lucre de la Comunitat Valenciana, amb la finalitat d\u2019enriquir l\u2019oferta musical i la formaci\u00f3 de qualitat dels m\u00fasics valencians.<\/p>\n\n\n\n<p class=\"wp-block-paragraph\">La dotaci\u00f3 econ\u00f2mica total destinada a esta l\u00ednia d\u2019ajudes \u00e9s de 225.000 euros, un import que es mant\u00e9 estable en les \u00faltimes convocat\u00f2ries. L\u2019import m\u00e0xim individual de la subvenci\u00f3 no pot superar els 10.000 euros per cada agrupaci\u00f3 musical sol\u00b7licitant.<\/p>\n\n\n\n<p class=\"wp-block-paragraph\">Es poden acollir a les ajudes les associacions musicals inscrites en els registres corresponents i amb domicili social en la Comunitat Valenciana que hagen adquirit o vullguen adquirir instruments musicals des de l\u20191 de desembre de 2024 fins al 30 de novembre de 2025.<\/p>\n\n\n\n<p class=\"wp-block-paragraph\">Les sol\u00b7licituds es poden presentar exclusivament per via telem\u00e0tica i les bases de la convocat\u00f2ria, els formularis de sol\u00b7licitud i els models normalitzats es poden descarregar en la&nbsp;<a href=\"https:\/\/ivc.gva.es\/es\/ivc\">web de l\u2019IVC<\/a>.<\/p>\n","protected":false},"excerpt":{"rendered":"<div class=\"mh-excerpt\">Les ajudes es dirigixen a les agrupacions musicals federades per a la compra d\u2019instruments amb fins a un m\u00e0xim de 10.000 euros per sol\u00b7licitud El termini per a presentar les sol\u00b7licituds finalitza el 6 de <a class=\"mh-excerpt-more\" href=\"https:\/\/tucomarca.whitekongsoftware.com\/ca\/linstitut-valencia-de-cultura-convoca-les-ajudes-per-a-ladquisicio-dinstruments-musicals-amb-una-dotacio-de-225-000-euros\/\" title=\"L\u2019Institut Valenci\u00e0 de Cultura convoca les ajudes per a l\u2019adquisici\u00f3 d\u2019instruments musicals amb una dotaci\u00f3 de 225.000 euros\">[+] <\/a><\/div>\n","protected":false},"author":13,"featured_media":229188,"comment_status":"open","ping_status":"open","sticky":false,"template":"","format":"standard","meta":{"footnotes":""},"categories":[10904,11007,10896],"tags":[13274,17761,11199,15856],"class_list":["post-261419","post","type-post","status-publish","format-standard","has-post-thumbnail","category-sin-categorizar-ca","category-ocio-y-cultura-ca","category-seccion-ca","tag-institut-valencia-de-cultura-ca","tag-ivc-ca","tag-la-comunitat-ca","tag-ocio-y-cultura-ca"],"_links":{"self":[{"href":"https:\/\/tucomarca.whitekongsoftware.com\/ca\/wp-json\/wp\/v2\/posts\/261419","targetHints":{"allow":["GET"]}}],"collection":[{"href":"https:\/\/tucomarca.whitekongsoftware.com\/ca\/wp-json\/wp\/v2\/posts"}],"about":[{"href":"https:\/\/tucomarca.whitekongsoftware.com\/ca\/wp-json\/wp\/v2\/types\/post"}],"author":[{"embeddable":true,"href":"https:\/\/tucomarca.whitekongsoftware.com\/ca\/wp-json\/wp\/v2\/users\/13"}],"replies":[{"embeddable":true,"href":"https:\/\/tucomarca.whitekongsoftware.com\/ca\/wp-json\/wp\/v2\/comments?post=261419"}],"version-history":[{"count":0,"href":"https:\/\/tucomarca.whitekongsoftware.com\/ca\/wp-json\/wp\/v2\/posts\/261419\/revisions"}],"wp:featuredmedia":[{"embeddable":true,"href":"https:\/\/tucomarca.whitekongsoftware.com\/ca\/wp-json\/wp\/v2\/media\/229188"}],"wp:attachment":[{"href":"https:\/\/tucomarca.whitekongsoftware.com\/ca\/wp-json\/wp\/v2\/media?parent=261419"}],"wp:term":[{"taxonomy":"category","embeddable":true,"href":"https:\/\/tucomarca.whitekongsoftware.com\/ca\/wp-json\/wp\/v2\/categories?post=261419"},{"taxonomy":"post_tag","embeddable":true,"href":"https:\/\/tucomarca.whitekongsoftware.com\/ca\/wp-json\/wp\/v2\/tags?post=261419"}],"curies":[{"name":"wp","href":"https:\/\/api.w.org\/{rel}","templated":true}]}}