{"id":261386,"date":"2025-04-10T08:45:00","date_gmt":"2025-04-10T06:45:00","guid":{"rendered":"https:\/\/www.tucomarca.com\/wordpress\/segunda\/?p=261386"},"modified":"2025-04-10T10:55:58","modified_gmt":"2025-04-10T08:55:58","slug":"els-populars-de-requena-afirmen-que-el-govern-de-psoe-i-prya-no-ha-reforcat-la-seua-presencia-en-acevin-mante-la-que-tenia-el-govern-del-pp","status":"publish","type":"post","link":"https:\/\/tucomarca.whitekongsoftware.com\/ca\/els-populars-de-requena-afirmen-que-el-govern-de-psoe-i-prya-no-ha-reforcat-la-seua-presencia-en-acevin-mante-la-que-tenia-el-govern-del-pp\/","title":{"rendered":"Els populars de Requena afirmen que el govern de PSOE i PRYA &#8220;no ha refor\u00e7at la seua pres\u00e8ncia en ACEVIN, mant\u00e9 la que tenia el govern del PP&#8221;"},"content":{"rendered":"\n<p class=\"wp-block-paragraph\">\u201cEl govern municipal\u00a0 de Requena anuncia un refor\u00e7 en la pres\u00e8ncia municipal en l&#8217;organitzaci\u00f3 promotora de enoturismo que no canvia respecte al govern anterior. Amb el govern del PP Requena va tindre la vicepresid\u00e8ncia i ara simplement es mant\u00e9\u201d, afirmen els populars de Requena.<\/p>\n\n\n\n<p class=\"wp-block-paragraph\">\u201cEl govern de PSOE i PRYA diu haver refor\u00e7at la seua pres\u00e8ncia en ACEVIN amb la incorporaci\u00f3 del regidor d&#8217;Agricultura com a membre actiu d&#8217;aquesta, per\u00f2 no \u00e9s aix\u00ed. La realitat no \u00e9s que haja sigut refor\u00e7ada la pres\u00e8ncia de Requena en ACEVIN, el regidor mant\u00e9 per a Requena la mateixa representaci\u00f3 que tenia el nostre municipi des que s&#8217;establira la directiva de ACEVIN estant l&#8217;anterior govern\u201d, afigen. Informa<strong> Luis Ib\u00e1\u00f1ez.<\/strong><\/p>\n","protected":false},"excerpt":{"rendered":"<div class=\"mh-excerpt\">\u201cEl govern municipal\u00a0 de Requena anuncia un refor\u00e7 en la pres\u00e8ncia municipal en l&#8217;organitzaci\u00f3 promotora de enoturismo que no canvia respecte al govern anterior. Amb el govern del PP Requena va tindre la vicepresid\u00e8ncia i <a class=\"mh-excerpt-more\" href=\"https:\/\/tucomarca.whitekongsoftware.com\/ca\/els-populars-de-requena-afirmen-que-el-govern-de-psoe-i-prya-no-ha-reforcat-la-seua-presencia-en-acevin-mante-la-que-tenia-el-govern-del-pp\/\" title=\"Els populars de Requena afirmen que el govern de PSOE i PRYA &#8220;no ha refor\u00e7at la seua pres\u00e8ncia en ACEVIN, mant\u00e9 la que tenia el govern del PP&#8221;\">[+] <\/a><\/div>\n","protected":false},"author":12,"featured_media":225500,"comment_status":"open","ping_status":"open","sticky":false,"template":"","format":"standard","meta":{"footnotes":""},"categories":[10894,10947,10908,10909,10896],"tags":[22153,18311,10910],"class_list":["post-261386","post","type-post","status-publish","format-standard","has-post-thumbnail","category-la-comarca-ca","category-politica","category-requena-ca","category-requena-utiel-ca","category-seccion-ca","tag-acevin-ca","tag-populares-de-requena-ca","tag-requena-utiel-ca"],"_links":{"self":[{"href":"https:\/\/tucomarca.whitekongsoftware.com\/ca\/wp-json\/wp\/v2\/posts\/261386","targetHints":{"allow":["GET"]}}],"collection":[{"href":"https:\/\/tucomarca.whitekongsoftware.com\/ca\/wp-json\/wp\/v2\/posts"}],"about":[{"href":"https:\/\/tucomarca.whitekongsoftware.com\/ca\/wp-json\/wp\/v2\/types\/post"}],"author":[{"embeddable":true,"href":"https:\/\/tucomarca.whitekongsoftware.com\/ca\/wp-json\/wp\/v2\/users\/12"}],"replies":[{"embeddable":true,"href":"https:\/\/tucomarca.whitekongsoftware.com\/ca\/wp-json\/wp\/v2\/comments?post=261386"}],"version-history":[{"count":0,"href":"https:\/\/tucomarca.whitekongsoftware.com\/ca\/wp-json\/wp\/v2\/posts\/261386\/revisions"}],"wp:featuredmedia":[{"embeddable":true,"href":"https:\/\/tucomarca.whitekongsoftware.com\/ca\/wp-json\/wp\/v2\/media\/225500"}],"wp:attachment":[{"href":"https:\/\/tucomarca.whitekongsoftware.com\/ca\/wp-json\/wp\/v2\/media?parent=261386"}],"wp:term":[{"taxonomy":"category","embeddable":true,"href":"https:\/\/tucomarca.whitekongsoftware.com\/ca\/wp-json\/wp\/v2\/categories?post=261386"},{"taxonomy":"post_tag","embeddable":true,"href":"https:\/\/tucomarca.whitekongsoftware.com\/ca\/wp-json\/wp\/v2\/tags?post=261386"}],"curies":[{"name":"wp","href":"https:\/\/api.w.org\/{rel}","templated":true}]}}