{"id":261311,"date":"2025-04-09T20:00:00","date_gmt":"2025-04-09T18:00:00","guid":{"rendered":"https:\/\/www.tucomarca.com\/wordpress\/segunda\/?p=261311"},"modified":"2025-04-10T00:24:51","modified_gmt":"2025-04-09T22:24:51","slug":"la-diputacio-de-valencia-llanca-una-campanya-per-a-fomentar-lus-del-valencia-per-setmana-santa","status":"publish","type":"post","link":"https:\/\/tucomarca.whitekongsoftware.com\/ca\/la-diputacio-de-valencia-llanca-una-campanya-per-a-fomentar-lus-del-valencia-per-setmana-santa\/","title":{"rendered":"La Diputaci\u00f3 de Val\u00e8ncia llan\u00e7a una campanya per a fomentar l&#8217;\u00fas del valenci\u00e0 per Setmana Santa"},"content":{"rendered":"\n<h3 class=\"wp-block-heading\">El president de la corporaci\u00f3, Vicent Momp\u00f3, ha enviat als ajuntaments de la prov\u00edncia un lot de dotze postals amb textos d&#8217;autors valencians il\u00b7lustrats amb escenes vinculades a la Passi\u00f3 i la Pasqua.<\/h3>\n\n\n\n<h3 class=\"wp-block-heading\">La campanya \u2018Viu amb passi\u00f3 els nostres autors\u2019, posada en marxa pel departament de Foment de l\u2019\u00das del Valenci\u00e0, arriba tamb\u00e9 a les quatre parr\u00f2quies dels barris del Cabanyal i el Canyameral.<\/h3>\n\n\n\n<p class=\"wp-block-paragraph\">La Diputaci\u00f3 de Val\u00e8ncia ha posat en marxa una nova campanya de foment del valenci\u00e0, en esta ocasi\u00f3 amb motiu de la celebraci\u00f3 de la Setmana Santa. Amb la campanya \u2018Viu amb passi\u00f3 els nostres autors\u2019, creada des del departament de Fomet de l\u2019\u00das del Valenci\u00e0 que dep\u00e9n de presid\u00e8ncia, la corporaci\u00f3 far\u00e0 arribar a les parr\u00f2quies de la Setmana Santa Marinera i als ajuntaments de la prov\u00edncia, lots de dotze postals amb textos d&#8217;autors valencians, il\u00b7lustrats amb fotografies d&#8217;escenes vinculades a la Passi\u00f3 i la Pasqua de Resurrecci\u00f3.<\/p>\n\n\n\n<figure class=\"wp-block-image size-large\"><img loading=\"lazy\" decoding=\"async\" width=\"1024\" height=\"640\" src=\"http:\/\/www.tucomarca.com\/wordpress\/segunda\/wp-content\/uploads\/2025\/04\/RafaFerrer-1024x640.jpg\" alt=\"\" class=\"wp-image-261306\" srcset=\"https:\/\/tucomarca.whitekongsoftware.com\/wp-content\/uploads\/2025\/04\/RafaFerrer-1024x640.jpg 1024w, https:\/\/tucomarca.whitekongsoftware.com\/wp-content\/uploads\/2025\/04\/RafaFerrer-300x187.jpg 300w, https:\/\/tucomarca.whitekongsoftware.com\/wp-content\/uploads\/2025\/04\/RafaFerrer-768x480.jpg 768w, https:\/\/tucomarca.whitekongsoftware.com\/wp-content\/uploads\/2025\/04\/RafaFerrer.jpg 1181w\" sizes=\"auto, (max-width: 1024px) 100vw, 1024px\" \/><\/figure>\n\n\n\n<p class=\"wp-block-paragraph\">Les postals es repartiran per les quatre parr\u00f2quies dels barris del Cabanyal i el Canyameral en col\u00b7laboraci\u00f3 amb la Junta de la Setmana Santa Marinera. Tamb\u00e9 arribaran als ajuntaments de la prov\u00edncia, especialment als quals van patir m\u00e9s els efectes de la dana, perqu\u00e8 els puguen distribuir entre les parr\u00f2quies i germanors de les seues poblacions.<\/p>\n\n\n\n<p class=\"wp-block-paragraph\">El mateix president de la Diputaci\u00f3, Vicent Momp\u00f3, ha sigut l&#8217;encarregat de fer arribar el lot de postals, al costat d&#8217;una carta, als ajuntaments de la prov\u00edncia. \u201cHem volgut retre homenatge a la Setmana Santa i a les moltes expressions relacionades amb la Pasqua que definixen al poble valenci\u00e0, usant una compilaci\u00f3 d&#8217;imatges que ens transporten als barris i pobles amb m\u00e9s tradici\u00f3 a l&#8217;hora de celebrar esta festivitat. Fusionem estos paisatges i les paraules d&#8217;autors valencians que han sabut plasmar magistralment la solemnitat, l&#8217;alegria i la for\u00e7a d&#8217;estes dates\u201d, manifesta Momp\u00f3.<\/p>\n\n\n\n<p class=\"wp-block-paragraph\"><strong>Les postals<\/strong><\/p>\n\n\n\n<p class=\"wp-block-paragraph\">Les postals estan il\u00b7lustrades amb imatges de Ximo Tom\u00e0s que plasmen rituals com la salpassa, les processons i els encontres; per\u00f2 tamb\u00e9 reflectixen altres aspectes com la gastronomia dels \u00faltims dies de Quaresma i els dol\u00e7os que preparen la Pasqua, com ara les mones, els pepitos i l&#8217;arnad\u00ed. Enguany que la Setmana Santa Marinera de Val\u00e8ncia celebra el seu centenari, apareixen imatges dels barris del Cabanyal i del Canyamelar juntament amb altres de pobles com Otos, la Font de la Figuera o X\u00e0tiva.<\/p>\n\n\n\n<p class=\"wp-block-paragraph\">En el revers de les postals, apareixen textos dels escriptors valencians Mart\u00ed Dom\u00ednguez Barber\u00e0, Josep San\u00e7 i Moia, Llu\u00eds Guarner, Vicent Andr\u00e9s Estell\u00e9s, Maria Ibars, Vicent Blasco Ib\u00e1\u00f1ez, Pare Vicent Sorribes, Felip Bens, Rafael Ferrer i Bign\u00e9, Xavier Casp i Joan Valls, inspirats per la devoci\u00f3 o per la feli\u00e7 observaci\u00f3 dels costums.<\/p>\n\n\n\n<p class=\"wp-block-paragraph\">\u201cEsperem que estes postals siguen una finestra oberta a con\u00e9ixer m\u00e9s sobre les nostres arrels, un pont entre el passat i el present i una oportunitat per a redescobrir els escriptors i les tradicions que fan del poble valenci\u00e0 una terra \u00fanica en el m\u00f3n\u201d, subratlla Vicent Momp\u00f3. La campanya \u2018Viu amb passi\u00f3 els nostres autors\u2019 tamb\u00e9 es difondr\u00e0 per les xarxes socials de la Diputaci\u00f3 i del departament de Foment de l\u2019\u00das del Valenci\u00e0.<\/p>\n","protected":false},"excerpt":{"rendered":"<div class=\"mh-excerpt\">El president de la corporaci\u00f3, Vicent Momp\u00f3, ha enviat als ajuntaments de la prov\u00edncia un lot de dotze postals amb textos d&#8217;autors valencians il\u00b7lustrats amb escenes vinculades a la Passi\u00f3 i la Pasqua. La campanya <a class=\"mh-excerpt-more\" href=\"https:\/\/tucomarca.whitekongsoftware.com\/ca\/la-diputacio-de-valencia-llanca-una-campanya-per-a-fomentar-lus-del-valencia-per-setmana-santa\/\" title=\"La Diputaci\u00f3 de Val\u00e8ncia llan\u00e7a una campanya per a fomentar l&#8217;\u00fas del valenci\u00e0 per Setmana Santa\">[+] <\/a><\/div>\n","protected":false},"author":12,"featured_media":261305,"comment_status":"open","ping_status":"open","sticky":false,"template":"","format":"standard","meta":{"footnotes":""},"categories":[10898,10948,10894,10904,11007,10947,10896],"tags":[11246,22148,22149],"class_list":["post-261311","post","type-post","status-publish","format-standard","has-post-thumbnail","category-ventana-ca","category-infraestructuras-ca","category-la-comarca-ca","category-sin-categorizar-ca","category-ocio-y-cultura-ca","category-politica","category-seccion-ca","tag-diputacio-de-valencia-ca","tag-setmana-santa-2-ca","tag-viu-amb-passio-els-nostres-autors-ca"],"_links":{"self":[{"href":"https:\/\/tucomarca.whitekongsoftware.com\/ca\/wp-json\/wp\/v2\/posts\/261311","targetHints":{"allow":["GET"]}}],"collection":[{"href":"https:\/\/tucomarca.whitekongsoftware.com\/ca\/wp-json\/wp\/v2\/posts"}],"about":[{"href":"https:\/\/tucomarca.whitekongsoftware.com\/ca\/wp-json\/wp\/v2\/types\/post"}],"author":[{"embeddable":true,"href":"https:\/\/tucomarca.whitekongsoftware.com\/ca\/wp-json\/wp\/v2\/users\/12"}],"replies":[{"embeddable":true,"href":"https:\/\/tucomarca.whitekongsoftware.com\/ca\/wp-json\/wp\/v2\/comments?post=261311"}],"version-history":[{"count":0,"href":"https:\/\/tucomarca.whitekongsoftware.com\/ca\/wp-json\/wp\/v2\/posts\/261311\/revisions"}],"wp:featuredmedia":[{"embeddable":true,"href":"https:\/\/tucomarca.whitekongsoftware.com\/ca\/wp-json\/wp\/v2\/media\/261305"}],"wp:attachment":[{"href":"https:\/\/tucomarca.whitekongsoftware.com\/ca\/wp-json\/wp\/v2\/media?parent=261311"}],"wp:term":[{"taxonomy":"category","embeddable":true,"href":"https:\/\/tucomarca.whitekongsoftware.com\/ca\/wp-json\/wp\/v2\/categories?post=261311"},{"taxonomy":"post_tag","embeddable":true,"href":"https:\/\/tucomarca.whitekongsoftware.com\/ca\/wp-json\/wp\/v2\/tags?post=261311"}],"curies":[{"name":"wp","href":"https:\/\/api.w.org\/{rel}","templated":true}]}}