{"id":261220,"date":"2025-04-09T09:00:00","date_gmt":"2025-04-09T07:00:00","guid":{"rendered":"https:\/\/www.tucomarca.com\/wordpress\/segunda\/?p=261220"},"modified":"2025-04-09T12:28:59","modified_gmt":"2025-04-09T10:28:59","slug":"els-estudiants-de-clarinet-de-la-comunitat-valenciana-realitzaran-una-gran-trobada-al-conservatori-municipal-jose-iturbi-de-valencia","status":"publish","type":"post","link":"https:\/\/tucomarca.whitekongsoftware.com\/ca\/els-estudiants-de-clarinet-de-la-comunitat-valenciana-realitzaran-una-gran-trobada-al-conservatori-municipal-jose-iturbi-de-valencia\/","title":{"rendered":"Els estudiants de clarinet de la Comunitat Valenciana realitzaran una gran trobada al Conservatori Municipal Jos\u00e9 Iturbi de Val\u00e8ncia"},"content":{"rendered":"\n<h3 class=\"wp-block-heading\"><strong>Mig centenar de clarinets de tota la Comunitat es reunir\u00e1n dissabte a Val\u00e8ncia.<\/strong><\/h3>\n\n\n\n<h3 class=\"wp-block-heading\"><strong>A les 18,30 hores s\u2019oferirir\u00e0 un concert obert al p\u00fablic.<\/strong><\/h3>\n\n\n\n<p class=\"wp-block-paragraph\">El Conservatori Municipal de M\u00fasica Jos\u00e9 Iturbi de Val\u00e8ncia i l&#8217;Associaci\u00f3 Valenciana de Clarinets (AVC) organitzen per tercer any consecutiu la <em>III Trobada d&#8217;Estudiants de Clarinet<\/em>, que tindr\u00e0 lloc dissabte 12 d&#8217;abril a les instal\u00b7lacions del Conservatori.<\/p>\n\n\n\n<p class=\"wp-block-paragraph\">La jornada reunir\u00e0 mig centenar d&#8217;estudiants de clarinet de 22 Conservatoris i Escoles de M\u00fasica de Val\u00e8ncia, Alacant i Castell\u00f3 i als professors convidats Emilio Ferrando Peris (catedr\u00e0tic del Conservatori Superior de M\u00fasica de Val\u00e8ncia) i David Romero Per\u00e1lvarez (professor i clarinetista especialista en jazz i m\u00fasica moderna).&nbsp;<\/p>\n\n\n\n<p class=\"wp-block-paragraph\">Els clarinetistes podr\u00e1n asistir a classes magistrals, un taller sobre el clarinet hist\u00f2ric, participar en un conjunt de clarinets, realizar un taller d&#8217;improvisaci\u00f3 i asistir a una exposici\u00f3 de material per a clarinet a c\u00e0rrec <em>d&#8217;Atelier de Celia<\/em>, col\u00b7laborador de la <em>Trobada<\/em>.<\/p>\n\n\n\n<p class=\"wp-block-paragraph\">Segons el director del Centre, Ricardo J. Roca Padilla, \u201cdes del Conservatori volem donar suport a propostes pedag\u00f2giques com aquesta, que amplien l&#8217;oferta formativa que ja oferim des dels ensenyaments reglats de m\u00fasica i situar el Conservatori \u201cJos\u00e9 Iturbi\u201d com a pioner en l&#8217;aposta per aquestes activitats.\u201d<\/p>\n\n\n\n<p class=\"wp-block-paragraph\">&#8220;L\u00b4objectiu d\u00b4aquesta activitat \u00e9s oferir al nostre alumnat la possibilitat d\u00b4aprendre noves habilitats i coneixements de la m\u00e0 de professorat especialista, a m\u00e9s d\u00b4intercanviar experi\u00e8ncies amb altres estudiants a trav\u00e9s de la pr\u00e0ctica de l\u00b4instrument&#8221;, indica Laura Ma\u00f1ez Miralles, professora de clarinet del Conservatori &#8220;Jos\u00e9 Iturbi&#8221; i membre de la junta directiva de l\u00b4AVC.<\/p>\n\n\n\n<p class=\"wp-block-paragraph\">La <em>III Trobada d&#8217;Estudiants de Clarinet<\/em> es reafirma com a punt de trobada anual dels estudiants de clarinet de la Comunitat Valenciana i aspira a perpetuar aquest \u00e8xit els pr\u00f2xims anys.<\/p>\n","protected":false},"excerpt":{"rendered":"<div class=\"mh-excerpt\">Mig centenar de clarinets de tota la Comunitat es reunir\u00e1n dissabte a Val\u00e8ncia. A les 18,30 hores s\u2019oferirir\u00e0 un concert obert al p\u00fablic. El Conservatori Municipal de M\u00fasica Jos\u00e9 Iturbi de Val\u00e8ncia i l&#8217;Associaci\u00f3 Valenciana <a class=\"mh-excerpt-more\" href=\"https:\/\/tucomarca.whitekongsoftware.com\/ca\/els-estudiants-de-clarinet-de-la-comunitat-valenciana-realitzaran-una-gran-trobada-al-conservatori-municipal-jose-iturbi-de-valencia\/\" title=\"Els estudiants de clarinet de la Comunitat Valenciana realitzaran una gran trobada al Conservatori Municipal Jos\u00e9 Iturbi de Val\u00e8ncia\">[+] <\/a><\/div>\n","protected":false},"author":13,"featured_media":261218,"comment_status":"open","ping_status":"open","sticky":false,"template":"","format":"standard","meta":{"footnotes":""},"categories":[11019,11005,10894,10904,11007,10896],"tags":[11199,20778],"class_list":["post-261220","post","type-post","status-publish","format-standard","has-post-thumbnail","category-agenda-ca","category-canal-musica","category-la-comarca-ca","category-sin-categorizar-ca","category-ocio-y-cultura-ca","category-seccion-ca","tag-la-comunitat-ca","tag-musica-2-ca"],"_links":{"self":[{"href":"https:\/\/tucomarca.whitekongsoftware.com\/ca\/wp-json\/wp\/v2\/posts\/261220","targetHints":{"allow":["GET"]}}],"collection":[{"href":"https:\/\/tucomarca.whitekongsoftware.com\/ca\/wp-json\/wp\/v2\/posts"}],"about":[{"href":"https:\/\/tucomarca.whitekongsoftware.com\/ca\/wp-json\/wp\/v2\/types\/post"}],"author":[{"embeddable":true,"href":"https:\/\/tucomarca.whitekongsoftware.com\/ca\/wp-json\/wp\/v2\/users\/13"}],"replies":[{"embeddable":true,"href":"https:\/\/tucomarca.whitekongsoftware.com\/ca\/wp-json\/wp\/v2\/comments?post=261220"}],"version-history":[{"count":0,"href":"https:\/\/tucomarca.whitekongsoftware.com\/ca\/wp-json\/wp\/v2\/posts\/261220\/revisions"}],"wp:featuredmedia":[{"embeddable":true,"href":"https:\/\/tucomarca.whitekongsoftware.com\/ca\/wp-json\/wp\/v2\/media\/261218"}],"wp:attachment":[{"href":"https:\/\/tucomarca.whitekongsoftware.com\/ca\/wp-json\/wp\/v2\/media?parent=261220"}],"wp:term":[{"taxonomy":"category","embeddable":true,"href":"https:\/\/tucomarca.whitekongsoftware.com\/ca\/wp-json\/wp\/v2\/categories?post=261220"},{"taxonomy":"post_tag","embeddable":true,"href":"https:\/\/tucomarca.whitekongsoftware.com\/ca\/wp-json\/wp\/v2\/tags?post=261220"}],"curies":[{"name":"wp","href":"https:\/\/api.w.org\/{rel}","templated":true}]}}