{"id":261101,"date":"2025-04-08T10:10:00","date_gmt":"2025-04-08T08:10:00","guid":{"rendered":"https:\/\/www.tucomarca.com\/wordpress\/segunda\/?p=261101"},"modified":"2025-04-08T19:20:15","modified_gmt":"2025-04-08T17:20:15","slug":"la-diputacio-aprova-noves-inversions-del-pla-obert-per-valor-de-68-milions-deuros-en-31-municipis-de-12-comarques","status":"publish","type":"post","link":"https:\/\/tucomarca.whitekongsoftware.com\/ca\/la-diputacio-aprova-noves-inversions-del-pla-obert-per-valor-de-68-milions-deuros-en-31-municipis-de-12-comarques\/","title":{"rendered":"La Diputaci\u00f3 aprova noves inversions del Pla Obert per valor de 6,8 milions d&#8217;euros en 31 municipis de 12 comarques"},"content":{"rendered":"\n<h3 class=\"wp-block-heading\">El principal programa inversor de la instituci\u00f3, amb 350 milions d&#8217;euros i sense la pressi\u00f3 dels terminis, ha donat llum verda a 376 projectes, amb 57,1 milions destinats a actuacions ja en marxa en totes les comarques.<\/h3>\n\n\n\n<h3 class=\"wp-block-heading\">La vicepresidenta Nat\u00e0lia Enguix recorda que en 2025 hi ha pressupostats m\u00e9s de 100 milions per a atendre les sol\u00b7licituds dels municipis, i el president, Vicent Momp\u00f3, insta a aprofitar les facilitats del pla.<\/h3>\n\n\n\n<h3 class=\"wp-block-heading\">El nou decret inclou projectes com la reurbanitzaci\u00f3 de carrers a Xirivella per una mica m\u00e9s d&#8217;un mili\u00f3 i mig d&#8217;euros, un punt d&#8217;atenci\u00f3 di\u00fcrna per a persones majors a Benag\u00e9ber i una biblioteca en El Perell\u00f3.<\/h3>\n\n\n\n<p class=\"wp-block-paragraph\">La Diputaci\u00f3 de Val\u00e8ncia ha aprovat a principis d&#8217;abril un nou decret del Pla Obert que dona llum verda a 42 projectes presentats per 31 municipis de 12 comarques, amb una inversi\u00f3 de 6.809.704 euros. L&#8217;\u00faltima entrega del principal programa inversor de la Diputaci\u00f3, amb una dotaci\u00f3 quadriennal de 350 milions d&#8217;euros, \u201cdemostra que els ajuntaments van perfilant les seues necessitats i prioritats i incrementant el ritme de presentaci\u00f3 dels projectes per a millorar els seus municipis\u201d, assenyala la vicepresidenta primera i responsable de Cooperaci\u00f3, Nat\u00e0lia Enguix.<\/p>\n\n\n\n<p class=\"wp-block-paragraph\">La vicepresidenta Enguix destaca que \u201cen menys d&#8217;un any des que vam posar en marxa el programa, un pla quadriennal que elimina terminis i pressions als municipis, s&#8217;han aprovat actuacions per prop de 60 milions d&#8217;euros\u201d. La titular de Cooperaci\u00f3 recorda que enguany hi ha pressupostats 105 milions d&#8217;euros en el marc del Pla Obert per a donar resposta a les sol\u00b7licituds dels consistoris, que poden presentar-se en qualsevol moment durant la legislatura. \u201c\u00c9s un pla molt m\u00e9s flexible, pensat perqu\u00e8 cap ajuntament haja de renunciar a les ajudes per falta de temps, i amb l&#8217;ajuda t\u00e8cnica necess\u00e0ria per a fer front als contratemps en la licitaci\u00f3 i execuci\u00f3 de les obres\u201d, explica Enguix.<\/p>\n\n\n\n<p class=\"wp-block-paragraph\">El tretz\u00e9 decret del Pla Obert aprovat per l&#8217;\u00e0rea de Cooperaci\u00f3 Municipal inclou importants actuacions en mat\u00e8ria d&#8217;urbanisme, adequaci\u00f3 i reforma d&#8217;infraestructures destinades a servicis locals, millores en espais verds i instal\u00b7lacions esportives i inversions en efici\u00e8ncia energ\u00e8tica i recollida de residus.<\/p>\n\n\n\n<p class=\"wp-block-paragraph\">El president de la Diputaci\u00f3, Vicent Momp\u00f3, destaca l&#8217;efici\u00e8ncia d&#8217;un programa inversor que des de la seua posada en marxa a la fi d&#8217;abril de 2024 ha aprovat un total de 376 projectes presentats per municipis de totes les comarques, amb una inversi\u00f3 global de 57,1 milions d&#8217;euros. \u201cEls ajuntaments estan aprofitant els avantatges d&#8217;un programa progressiu, al qual poden rec\u00f3rrer en qualsevol moment de la legislatura per a atendre necessitats sobrevingudes, com ha sigut la dana, o els projectes de present i futur amb els quals els alcaldes i alcaldesses somien per als seus municipis\u201d.<\/p>\n\n\n\n<p class=\"wp-block-paragraph\"><strong>Obres destacades<\/strong><\/p>\n\n\n\n<p class=\"wp-block-paragraph\">Per comarques, la Vall d&#8217;Albaida \u00e9s la que m\u00e9s projectes posar\u00e0 en marxa amb el nou decret, fins a nou iniciatives presentades per set municipis. Li seguixen l&#8217;Horta Nord amb huit projectes de tres ajuntaments, destacant les sis sol\u00b7licituds aprovades a Bonrep\u00f2s i Mirambell, i la Ribera Alta i el Rinc\u00f3n de Ademuz, amb cinc actuacions aprovades. A m\u00e9s, el nou decret inclou propostes de consistoris de la Safor, l&#8217;Horta Sud, la Ribera Baixa, el Valle de Ayora, la Canal de Navarr\u00e9s, l&#8217;Hoya de Bu\u00f1ol, la Serran\u00eda i la Plana Utiel-Requena.<\/p>\n\n\n\n<p class=\"wp-block-paragraph\">Quant a municipis, Vallanca amb quatre projectes i Xirivella, Montaverner i El Palomar amb dos acompanyen a Bonrep\u00f2s i Mirambell en el llistat de localitats amb m\u00e9s d&#8217;una actuaci\u00f3 aprovada en este decret d&#8217;abril.<\/p>\n\n\n\n<p class=\"wp-block-paragraph\">Entre les actuacions m\u00e9s destacades trobem la reurbanitzaci\u00f3 de l&#8217;encreuament dels carrers Montealegre, Mediterrani i Montesa a Xirivella, que al costat de la reurbanitzaci\u00f3 de la pla\u00e7a de l&#8217;Esgl\u00e9sia Verge de la Salut i el carrer Major del mateix municipi sumen una inversi\u00f3 que supera el mili\u00f3 i mig d&#8217;euros; l&#8217;adequaci\u00f3 d&#8217;un local municipal a Benag\u00e9ber per a implantar un punt d&#8217;atenci\u00f3 di\u00fcrna per a persones majors (544.000 euros); i la reforma d&#8217;un immoble que es destinar\u00e0 a biblioteca en El Perell\u00f3 (533.000 euros).<\/p>\n\n\n\n<p class=\"wp-block-paragraph\">Altres iniciatives a tindre en compte s\u00f3n el subministrament de contenidors per a la recollida selectiva de fem a Picanya (459.000 euros); la urbanitzaci\u00f3 d&#8217;un parc i el condicionament de la zona esportiva d&#8217;Alc\u00e0ntera de X\u00faquer (456.000 euros); l&#8217;habilitaci\u00f3 d&#8217;un edifici per a acollir el centre social Vi\u00f1uelas a Cortes de Pall\u00e1s (362.000 euros); i l&#8217;adequaci\u00f3 del poliesportiu de Benissoda (205.000 euros).<\/p>\n","protected":false},"excerpt":{"rendered":"<div class=\"mh-excerpt\">El principal programa inversor de la instituci\u00f3, amb 350 milions d&#8217;euros i sense la pressi\u00f3 dels terminis, ha donat llum verda a 376 projectes, amb 57,1 milions destinats a actuacions ja en marxa en totes <a class=\"mh-excerpt-more\" href=\"https:\/\/tucomarca.whitekongsoftware.com\/ca\/la-diputacio-aprova-noves-inversions-del-pla-obert-per-valor-de-68-milions-deuros-en-31-municipis-de-12-comarques\/\" title=\"La Diputaci\u00f3 aprova noves inversions del Pla Obert per valor de 6,8 milions d&#8217;euros en 31 municipis de 12 comarques\">[+] <\/a><\/div>\n","protected":false},"author":12,"featured_media":239970,"comment_status":"open","ping_status":"open","sticky":false,"template":"","format":"standard","meta":{"footnotes":""},"categories":[10890,10951,10892,20520,10898,10948,10894,10904,20456,10912,10947,10909,10896],"tags":[11246,20404,19988,16563],"class_list":["post-261101","post","type-post","status-publish","format-standard","has-post-thumbnail","category-ademus","category-ayora-cofrentes-ca","category-camp-de-turia-ca","category-cooperacio-municipal","category-ventana-ca","category-infraestructuras-ca","category-la-comarca-ca","category-sin-categorizar-ca","category-la-diputacio-de-valencia-informa-ca","category-la-hoya-ca","category-politica","category-requena-utiel-ca","category-seccion-ca","tag-diputacio-de-valencia-ca","tag-natalia-enguix-2-ca","tag-pla-obert-dinversions-ca","tag-vicente-mompo-ca"],"_links":{"self":[{"href":"https:\/\/tucomarca.whitekongsoftware.com\/ca\/wp-json\/wp\/v2\/posts\/261101","targetHints":{"allow":["GET"]}}],"collection":[{"href":"https:\/\/tucomarca.whitekongsoftware.com\/ca\/wp-json\/wp\/v2\/posts"}],"about":[{"href":"https:\/\/tucomarca.whitekongsoftware.com\/ca\/wp-json\/wp\/v2\/types\/post"}],"author":[{"embeddable":true,"href":"https:\/\/tucomarca.whitekongsoftware.com\/ca\/wp-json\/wp\/v2\/users\/12"}],"replies":[{"embeddable":true,"href":"https:\/\/tucomarca.whitekongsoftware.com\/ca\/wp-json\/wp\/v2\/comments?post=261101"}],"version-history":[{"count":0,"href":"https:\/\/tucomarca.whitekongsoftware.com\/ca\/wp-json\/wp\/v2\/posts\/261101\/revisions"}],"wp:featuredmedia":[{"embeddable":true,"href":"https:\/\/tucomarca.whitekongsoftware.com\/ca\/wp-json\/wp\/v2\/media\/239970"}],"wp:attachment":[{"href":"https:\/\/tucomarca.whitekongsoftware.com\/ca\/wp-json\/wp\/v2\/media?parent=261101"}],"wp:term":[{"taxonomy":"category","embeddable":true,"href":"https:\/\/tucomarca.whitekongsoftware.com\/ca\/wp-json\/wp\/v2\/categories?post=261101"},{"taxonomy":"post_tag","embeddable":true,"href":"https:\/\/tucomarca.whitekongsoftware.com\/ca\/wp-json\/wp\/v2\/tags?post=261101"}],"curies":[{"name":"wp","href":"https:\/\/api.w.org\/{rel}","templated":true}]}}