{"id":261083,"date":"2025-04-08T13:30:00","date_gmt":"2025-04-08T11:30:00","guid":{"rendered":"https:\/\/www.tucomarca.com\/wordpress\/segunda\/?p=261083"},"modified":"2025-04-08T19:02:05","modified_gmt":"2025-04-08T17:02:05","slug":"transports-destina-285-milions-deuros-demergencia-per-a-construir-tres-viaductes-en-la-c-3-entre-aldaia-i-bunyol-i-recuperar-la-circulacio-despres-de-la-dana","status":"publish","type":"post","link":"https:\/\/tucomarca.whitekongsoftware.com\/ca\/transports-destina-285-milions-deuros-demergencia-per-a-construir-tres-viaductes-en-la-c-3-entre-aldaia-i-bunyol-i-recuperar-la-circulacio-despres-de-la-dana\/","title":{"rendered":"Transports destina 28,5 milions d&#8217;euros d&#8217;emerg\u00e8ncia per a construir tres viaductes en la C-3 entre Aldaia i Bunyol destru\u00efts per la DANA"},"content":{"rendered":"\n<h3 class=\"wp-block-heading\">Ja est\u00e0 treballant en la reconstruir dels ponts ferroviaris del Barranc Gran i de Xest I i II de la l\u00ednia de Rodalia de Val\u00e8ncia, destru\u00efts per la DANA.<\/h3>\n\n\n\n<h3 class=\"wp-block-heading\">La inversi\u00f3 mobilitzada a recuperar aquesta l\u00ednia superar\u00e0 els 100 milions d&#8217;euros.<\/h3>\n\n\n\n<h3 class=\"wp-block-heading\">El passat Nadal es va recuperar el tr\u00e0nsit en el tram contigu de 9,5 km des de Val\u00e8ncia fins a Aldaia i les obres continuen en la resta de la l\u00ednia al llarg de 34 km fins a Bunyol.<\/h3>\n\n\n\n<h3 class=\"wp-block-heading\">En paral\u00b7lel, es treballa en la renovaci\u00f3 integral dels 46 km entre Bunyol i Utiel per un total de 101,8 milions d&#8217;euros, en el marc del Pla de Rodalia<\/h3>\n\n\n\n<p class=\"wp-block-paragraph\">El Ministeri de Transports i Mobilitat Sostenible avan\u00e7a en els treballs per a recuperar la circulaci\u00f3 en la l\u00ednia C3 de Rodalia de Val\u00e8ncia, que va ser la m\u00e9s greument afectada per la DANA del 29 d&#8217;octubre, i refor\u00e7a aix\u00ed el seu comprom\u00eds per al restabliment de la circulaci\u00f3 entre Aldaia i Bunyol.<\/p>\n\n\n\n<p class=\"wp-block-paragraph\">En aquest context i en la seua reuni\u00f3 de hui, el Consell de Ministres ha pres ra\u00f3 de la declaraci\u00f3 d&#8217;emerg\u00e8ncia per la qual s&#8217;ha injectat una inversi\u00f3 superior als 28,5 milions d&#8217;euros (IVA no incl\u00f2s), destinada a les obres per a reconstruir els ponts del Barranc Gran, Xest I i Xest II.<\/p>\n\n\n\n<p class=\"wp-block-paragraph\">Despr\u00e9s del greu episodi de la DANA, el Ministeri, a trav\u00e9s d&#8217;Adif, va posar en marxa un pla extraordinari per a la reconstrucci\u00f3 de la l\u00ednia C3 que va permetre, despr\u00e9s d&#8217;un esfor\u00e7 sense precedents, recuperar el tr\u00e0nsit ferroviari abans del passat Nadal en el trajecte anterior de 9,5 km, des de Val\u00e8ncia fins a Aldaia.<\/p>\n\n\n\n<p class=\"wp-block-paragraph\">Actualment, les obres continuen en la resta de la l\u00ednia i es treballa en el tram entre Aldaia i Bunyol, de 34 km de longitud, per a reposar la plataforma, infraestructura i superestructura de via i de les instal\u00b7lacions de comunicacions i senyalitzaci\u00f3, aix\u00ed com en la reconstrucci\u00f3 completa dels tres ponts esmentats.<\/p>\n\n\n\n<p class=\"wp-block-paragraph\">D&#8217;aquesta manera, s&#8217;estima que les actuacions d&#8217;emerg\u00e8ncia en la l\u00ednia C3 del nucli de Val\u00e8ncia superaran els 100 milions d&#8217;euros (IVA no incl\u00f2s).<\/p>\n\n\n\n<figure class=\"wp-block-gallery has-nested-images columns-2 is-cropped wp-block-gallery-1 is-layout-flex wp-block-gallery-is-layout-flex\">\n<figure class=\"wp-block-image size-large\"><img loading=\"lazy\" decoding=\"async\" width=\"577\" height=\"433\" data-id=\"261073\" src=\"https:\/\/www.tucomarca.com\/wordpress\/segunda\/wp-content\/uploads\/2025\/04\/PuentesC33.jpg\" alt=\"\" class=\"wp-image-261073\" srcset=\"https:\/\/tucomarca.whitekongsoftware.com\/wp-content\/uploads\/2025\/04\/PuentesC33.jpg 577w, https:\/\/tucomarca.whitekongsoftware.com\/wp-content\/uploads\/2025\/04\/PuentesC33-300x225.jpg 300w, https:\/\/tucomarca.whitekongsoftware.com\/wp-content\/uploads\/2025\/04\/PuentesC33-326x245.jpg 326w, https:\/\/tucomarca.whitekongsoftware.com\/wp-content\/uploads\/2025\/04\/PuentesC33-80x60.jpg 80w\" sizes=\"auto, (max-width: 577px) 100vw, 577px\" \/><\/figure>\n\n\n\n<figure class=\"wp-block-image size-large\"><img loading=\"lazy\" decoding=\"async\" width=\"577\" height=\"433\" data-id=\"261069\" src=\"https:\/\/www.tucomarca.com\/wordpress\/segunda\/wp-content\/uploads\/2025\/04\/PuentesC31.jpg\" alt=\"\" class=\"wp-image-261069\" srcset=\"https:\/\/tucomarca.whitekongsoftware.com\/wp-content\/uploads\/2025\/04\/PuentesC31.jpg 577w, https:\/\/tucomarca.whitekongsoftware.com\/wp-content\/uploads\/2025\/04\/PuentesC31-300x225.jpg 300w, https:\/\/tucomarca.whitekongsoftware.com\/wp-content\/uploads\/2025\/04\/PuentesC31-326x245.jpg 326w, https:\/\/tucomarca.whitekongsoftware.com\/wp-content\/uploads\/2025\/04\/PuentesC31-80x60.jpg 80w\" sizes=\"auto, (max-width: 577px) 100vw, 577px\" \/><\/figure>\n<\/figure>\n\n\n\n<p class=\"wp-block-paragraph\"><strong>Nous ponts<\/strong><\/p>\n\n\n\n<p class=\"wp-block-paragraph\">Conclosa la demolici\u00f3 de les antigues estructures (d&#8217;entre 135 m i 216 m de longitud), aix\u00ed com el desbrossament i adequaci\u00f3 del terreny, s&#8217;avan\u00e7a en l&#8217;execuci\u00f3 de les fonamentacions dels dos ponts de Xest, mentre que en el cas del pont del Barranc Gran ja estan finalitzades.<\/p>\n\n\n\n<p class=\"wp-block-paragraph\">Posteriorment, es construeixen piles, estreps i tauler, per a concloure amb el muntatge de via i instal\u00b7lacions.<\/p>\n\n\n\n<p class=\"wp-block-paragraph\">En aquesta actuaci\u00f3, entre Adif i les empreses constructores, d&#8217;assist\u00e8ncia t\u00e8cnica i tecn\u00f2logues, s&#8217;estan mobilitzant mig centenar de recursos humans i maquin\u00e0ria de diversa tipologia.<\/p>\n\n\n\n<p class=\"wp-block-paragraph\"><strong>Treballs de recuperaci\u00f3 ja realitzats en la l\u00ednia C3<\/strong><\/p>\n\n\n\n<p class=\"wp-block-paragraph\">Fins a la data, el Ministeri ha fet nombrosos treballs per a la recuperaci\u00f3 de la circulaci\u00f3 en la l\u00ednia C3:<\/p>\n\n\n\n<p class=\"wp-block-paragraph\">Neteja i retirada de vehicles, llots, terres, enderrocs, etc.<br>Reposici\u00f3 provisional de tancaments i accessos, talussos i canalitzacions afectades, aix\u00ed com neteja de drenatges de la plataforma ferrovi\u00e0ria.<br>Desmuntatge i llevant de la via, excavaci\u00f3, retirada de balast contaminat amb llots, i condicionament, anivellat i compactaci\u00f3 de la plataforma.<br>Col\u00b7locaci\u00f3 de manta geot\u00e8xtil, subministrament i reg de balast, muntatge de la via al\u00e7ada pr\u00e8viament, soldadures, bat, perfilat i anivellament.<br>Accions sobre els massissos i pals de caten\u00e0ria danyats.<br>Recuperaci\u00f3 de l&#8217;electr\u00f2nica dels enclavaments, del cablejat de senyalitzaci\u00f3, dels circuits de via i de l&#8217;equipament de comunicacions i fibra \u00f2ptica.<br>Neteja, reparaci\u00f3 d&#8217;enllumenat, acovardisca d&#8217;aigua en passos inferiors de les estacions del trajecte, aix\u00ed com en passos inferiors de carrers i passarel\u00b7les de vianants.<\/p>\n\n\n\n<p class=\"wp-block-paragraph\"><strong>Renovaci\u00f3 del tram Bunyol-Utiel<\/strong><\/p>\n\n\n\n<p class=\"wp-block-paragraph\">Per part seua, entre Bunyol i Utiel (46 km), a m\u00e9s de la reposici\u00f3 de les afectacions pels efectes de la DANA, s&#8217;est\u00e0 treballant en la renovaci\u00f3 total del tram, adjudicada per 71,3 milions d&#8217;euros pr\u00e8viament a la trag\u00e8dia i en el marc del Pla de Rodalia de la Comunitat Valenciana.<\/p>\n\n\n\n<p class=\"wp-block-paragraph\">A aquestes obres caldria sumar altres dos contractes per al subministrament de material, assist\u00e8ncia i consultoria per altres 30,5 milions per a un total d&#8217;inversi\u00f3 en aquest tram de 101,8 milions d&#8217;euros.<\/p>\n\n\n\n<p class=\"wp-block-paragraph\">Tamb\u00e9, destaca la implantaci\u00f3 de noves instal\u00b7lacions de seguretat i gesti\u00f3 del tr\u00e0nsit, en servei des de 2021, i el desplegament del sistema de comunicacions GSM-R en aquest mateix tram, ja executat i pendent de la seua posada en servei.<\/p>\n\n\n\n<figure class=\"wp-block-gallery has-nested-images columns-2 is-cropped wp-block-gallery-2 is-layout-flex wp-block-gallery-is-layout-flex\">\n<figure class=\"wp-block-image size-large\"><img loading=\"lazy\" decoding=\"async\" width=\"577\" height=\"433\" data-id=\"261078\" src=\"https:\/\/www.tucomarca.com\/wordpress\/segunda\/wp-content\/uploads\/2025\/04\/PuentesC35.jpg\" alt=\"\" class=\"wp-image-261078\" srcset=\"https:\/\/tucomarca.whitekongsoftware.com\/wp-content\/uploads\/2025\/04\/PuentesC35.jpg 577w, https:\/\/tucomarca.whitekongsoftware.com\/wp-content\/uploads\/2025\/04\/PuentesC35-300x225.jpg 300w, https:\/\/tucomarca.whitekongsoftware.com\/wp-content\/uploads\/2025\/04\/PuentesC35-326x245.jpg 326w, https:\/\/tucomarca.whitekongsoftware.com\/wp-content\/uploads\/2025\/04\/PuentesC35-80x60.jpg 80w\" sizes=\"auto, (max-width: 577px) 100vw, 577px\" \/><\/figure>\n\n\n\n<figure class=\"wp-block-image size-large\"><img loading=\"lazy\" decoding=\"async\" width=\"577\" height=\"433\" data-id=\"261075\" src=\"https:\/\/www.tucomarca.com\/wordpress\/segunda\/wp-content\/uploads\/2025\/04\/PuentesC34.jpg\" alt=\"\" class=\"wp-image-261075\" srcset=\"https:\/\/tucomarca.whitekongsoftware.com\/wp-content\/uploads\/2025\/04\/PuentesC34.jpg 577w, https:\/\/tucomarca.whitekongsoftware.com\/wp-content\/uploads\/2025\/04\/PuentesC34-300x225.jpg 300w, https:\/\/tucomarca.whitekongsoftware.com\/wp-content\/uploads\/2025\/04\/PuentesC34-326x245.jpg 326w, https:\/\/tucomarca.whitekongsoftware.com\/wp-content\/uploads\/2025\/04\/PuentesC34-80x60.jpg 80w\" sizes=\"auto, (max-width: 577px) 100vw, 577px\" \/><\/figure>\n<\/figure>\n","protected":false},"excerpt":{"rendered":"<div class=\"mh-excerpt\">Ja est\u00e0 treballant en la reconstruir dels ponts ferroviaris del Barranc Gran i de Xest I i II de la l\u00ednia de Rodalia de Val\u00e8ncia, destru\u00efts per la DANA. La inversi\u00f3 mobilitzada a recuperar aquesta <a class=\"mh-excerpt-more\" href=\"https:\/\/tucomarca.whitekongsoftware.com\/ca\/transports-destina-285-milions-deuros-demergencia-per-a-construir-tres-viaductes-en-la-c-3-entre-aldaia-i-bunyol-i-recuperar-la-circulacio-despres-de-la-dana\/\" title=\"Transports destina 28,5 milions d&#8217;euros d&#8217;emerg\u00e8ncia per a construir tres viaductes en la C-3 entre Aldaia i Bunyol destru\u00efts per la DANA\">[+] <\/a><\/div>\n","protected":false},"author":1,"featured_media":261072,"comment_status":"open","ping_status":"open","sticky":false,"template":"","format":"gallery","meta":{"footnotes":""},"categories":[10911,21466,10898,10948,10894,10904,10912,10903,10947,10896,10897,10974],"tags":[12214,10913,22138,14114,10914,11350],"class_list":["post-261083","post","type-post","status-publish","format-gallery","has-post-thumbnail","category-bunol-ca","category-dana-ca","category-ventana-ca","category-infraestructuras-ca","category-la-comarca-ca","category-sin-categorizar-ca","category-la-hoya-ca","category-medio-ambiente-la-comarca-ca","category-politica","category-seccion-ca","category-sucesos-la-comarca-ca","category-cheste-ca","tag-adif-ca","tag-bunol-ca","tag-c3-ca","tag-cercanias-renfe-ca","tag-la-hoya-de-bunol-chiva-ca","tag-renfe-ca","post_format-post-format-gallery"],"_links":{"self":[{"href":"https:\/\/tucomarca.whitekongsoftware.com\/ca\/wp-json\/wp\/v2\/posts\/261083","targetHints":{"allow":["GET"]}}],"collection":[{"href":"https:\/\/tucomarca.whitekongsoftware.com\/ca\/wp-json\/wp\/v2\/posts"}],"about":[{"href":"https:\/\/tucomarca.whitekongsoftware.com\/ca\/wp-json\/wp\/v2\/types\/post"}],"author":[{"embeddable":true,"href":"https:\/\/tucomarca.whitekongsoftware.com\/ca\/wp-json\/wp\/v2\/users\/1"}],"replies":[{"embeddable":true,"href":"https:\/\/tucomarca.whitekongsoftware.com\/ca\/wp-json\/wp\/v2\/comments?post=261083"}],"version-history":[{"count":0,"href":"https:\/\/tucomarca.whitekongsoftware.com\/ca\/wp-json\/wp\/v2\/posts\/261083\/revisions"}],"wp:featuredmedia":[{"embeddable":true,"href":"https:\/\/tucomarca.whitekongsoftware.com\/ca\/wp-json\/wp\/v2\/media\/261072"}],"wp:attachment":[{"href":"https:\/\/tucomarca.whitekongsoftware.com\/ca\/wp-json\/wp\/v2\/media?parent=261083"}],"wp:term":[{"taxonomy":"category","embeddable":true,"href":"https:\/\/tucomarca.whitekongsoftware.com\/ca\/wp-json\/wp\/v2\/categories?post=261083"},{"taxonomy":"post_tag","embeddable":true,"href":"https:\/\/tucomarca.whitekongsoftware.com\/ca\/wp-json\/wp\/v2\/tags?post=261083"}],"curies":[{"name":"wp","href":"https:\/\/api.w.org\/{rel}","templated":true}]}}