{"id":261003,"date":"2025-04-08T13:00:00","date_gmt":"2025-04-08T11:00:00","guid":{"rendered":"https:\/\/www.tucomarca.com\/wordpress\/segunda\/?p=261003"},"modified":"2025-04-08T14:05:42","modified_gmt":"2025-04-08T12:05:42","slug":"la-unio-municipalista-registra-a-les-corts-la-iniciativa-per-rebaixar-del-5-al-3-el-llisto-electoral","status":"publish","type":"post","link":"https:\/\/tucomarca.whitekongsoftware.com\/ca\/la-unio-municipalista-registra-a-les-corts-la-iniciativa-per-rebaixar-del-5-al-3-el-llisto-electoral\/","title":{"rendered":"La Uni\u00f3 Municipalista registra a Les Corts la iniciativa per rebaixar del 5% al 3% el llist\u00f3 electoral"},"content":{"rendered":"\n<h3 class=\"wp-block-heading\">Jorge Rodr\u00edguez adverteix que les traves a la ILP que pretenen introduir el Partit Popular a trav\u00e9s de la llei d&#8217;Acompanyament \u201cno van a quedar en no-res\u201d.<\/h3>\n\n\n\n<h3 class=\"wp-block-heading\">La confederaci\u00f3 de partits independents iniciar\u00e0 en les pr\u00f2ximes setmanes la recollida de firmes necess\u00e0ries perqu\u00e8 Les Corts tramiten la proposta.<\/h3>\n\n\n\n<p class=\"wp-block-paragraph\">La Uni\u00f3 Municipalista, la confederaci\u00f3 de partits independents, ha registrat aquest dimarts a Les Corts Valencianes la Iniciativa Popular Legislativa (ILP) per a modificar la llei electoral i rebaixar del 5% al 3% el llist\u00f3 electoral per conc\u00f3rrer a les pr\u00f2ximes eleccions previstes per a l\u2019any 2027, el que permetria garantir una representaci\u00f3 m\u00e9s plural i justa en el parlament valenci\u00e0. A l\u2019arribada a les Corts, el coordinador de la Uni\u00f3 Municipalista a la Comunitat Valenciana i alcalde d\u2019Ontinyent, Jorge Rodr\u00edguez, junt a la vicepresidenta de la Diputaci\u00f3 de Val\u00e8ncia i coordinadora provincial de la Uni\u00f3 Municipalista, Nat\u00e0lia Enguix; el President de la Uni\u00f3 Municipalista i vicepresident de la Federaci\u00f3 Valenciana de Municipis i Prov\u00edncies (FVMP), David Garc\u00eda; el coordinador general de la FVMP i alcalde d\u2019Alberic, To\u00f1o Carratal\u00e1, i dem\u00e9s representants municipals atenien als mitjans de comunicaci\u00f3.<\/p>\n\n\n\n<p class=\"wp-block-paragraph\">En la proposta que aquest dimarts la Uni\u00f3 Municipalista ha registrat es reivindica, per tant, la modificaci\u00f3 de l\u2019article 12 de la Llei Electoral 1\/1987 de 31 de mar\u00e7 perqu\u00e8 \u201cs\u2019acabe amb el tracte an\u00f2mal que pateixen els valencians i valencianes\u201d. La revisi\u00f3 d\u2019aquest article suposaria donar compliment a les garanties constitucionals d\u2019igualtat, participaci\u00f3 ciutadana i pluralisme pol\u00edtic que reconeix la Constituci\u00f3 Espanyola i que ara no es veuen garantides. Per donar compliment, la Uni\u00f3 Municipalista sol\u00b7licita la rebaixa electoral del 5% \u201cdel total dels vots emesos al 3%, que el c\u00f2mput s\u2019efectue en cada circumscripci\u00f3 electoral i que aquest c\u00f2mput s\u2019efectue sobre els vots v\u00e0lids en cada circumscripci\u00f3.<\/p>\n\n\n\n<p class=\"wp-block-paragraph\">En paraules de l\u2019alcalde de Nules i tamb\u00e9 president de la Uni\u00f3 Municipalista, David Garc\u00eda, \u201caquesta \u00e9s una q\u00fcesti\u00f3 que entenem que \u00e9s una reivindicaci\u00f3 hist\u00f2rica de la Comunitat Valenciana, que va en la l\u00ednia d&#8217;assegurar que hi haja una representativitat m\u00e9s acorde al pluralisme de la nostra societat, per a garantir aquest principi consagrat en la Constituci\u00f3 Espanyola, del pluralisme pol\u00edtic, i garantir que hi haja una major i millor representaci\u00f3, tant de les prov\u00edncies com dels diferents grups pol\u00edtics, a les Corts valencianes\u201d.<\/p>\n\n\n\n<p class=\"wp-block-paragraph\">Davant les traves sorgides amb els canvis en la llei d\u2019ILP que pret\u00e9n introduir el Partit Popular a trav\u00e9s de la llei d&#8217;Acompanyament, i que impedirien que es debatera la iniciativa ciutadana, Jorge Rodr\u00edguez donava prioritat al di\u00e0leg, ja que \u201cpreferim sempre la via diplom\u00e0tica abans que el conflicte\u201d per\u00f2 demanava la retirada de la proposta \u201cabsurda i antidemocr\u00e0tica\u201d dels populars, \u201cque est\u00e0n intentant canviar la ILP a trav\u00e9s d\u2019un procediment incorrecte\u201d com s\u00f3n els pressupostos, assenyalant que \u201cja fa molt de temps que venim advertint al PP que cada dia estem m\u00e9s inc\u00f2modes i que totes aquestes q\u00fcestions no van a quedar en el no-res\u201d. Rodr\u00edguez explicava que \u201ccada dia estem un pas m\u00e9s arrere del que est\u00e0vem quan, probablement, abans de la DANA el PP no estava tan nervi\u00f3s i no necessitava fer aquest tipus de coses tan estranyes i al mateix temps tan significatives de la por que en aquest moment electoral viu el PP, que fa que s&#8217;intente boicotejar una proposta simplement per al seu debat pol\u00edtic, no la seua aprovaci\u00f3, sin\u00f3 simplement el fet de poder-se debatre\u201d.<\/p>\n\n\n\n<p class=\"wp-block-paragraph\">La vicepresidenta primera de la Diputaci\u00f3 de Val\u00e8ncia, Nat\u00e0lia Enguix, destacava que el de hui \u201c\u00e9s un dia important per a nosaltres. Som municipalistes i pensem que les prov\u00edncies, en aquest cas tamb\u00e9 els municipis, han d&#8217;estar m\u00e9s representats en les Corts Valencianes. Respectem la pluralitat i la diversitat que han de tindre les Corts Valencianes i considerem que els ajuntaments tenim una representaci\u00f3 menys significativa del que mereixen els pobles. I per aix\u00f2 estem ac\u00ed, perqu\u00e8 dins del nostre ideari, com a Uni\u00f3 Municipalista, defensar els interessos dels pobles i dels municipis de tota la Comunitat Valenciana. I per aix\u00f2 pensem que \u00e9s important i necessari que aquesta ILP s&#8217;aprove i, en aquest sentit, que puguem tamb\u00e9 en un futur, a les pr\u00f2ximes eleccions del 2027, tindre representaci\u00f3 en les Corts Valencianes\u201d.<\/p>\n\n\n\n<p class=\"wp-block-paragraph\">Des de la Uni\u00f3 Municipalista s\u2019insistia, i aix\u00ed consta a l\u2019exposici\u00f3 de motius de la proposici\u00f3 de modificaci\u00f3 de la llei que \u201cla legislaci\u00f3 electoral valenciana introdueix un conjunt de barreres, que difereix de la resta de lleis electorals auton\u00f2miques, distingint-se per les grav\u00e0mens que introdueix. La quota del cinc per cent \u00e9s el m\u00e9s elevat; el c\u00f2mput s&#8217;efectua sobre el total dels vots manifestats a la Comunitat Valenciana (no sobre cadascuna de les tres circumscripcions); i aquest c\u00f2mput es duu a terme no sobre els vots v\u00e0lids, sin\u00f3 sobre tots els vots emesos (v\u00e0lids i nuls). Dificultat afegida que \u00e9s absent en la resta de legislacions\u201d, detalla la proposici\u00f3 registrada.<\/p>\n\n\n\n<p class=\"wp-block-paragraph\">Despr\u00e9s del registre oficial a les Corts Valencianes, la Uni\u00f3 Municipalista esperar\u00e0 el termini d\u2019un mes per a la confirmaci\u00f3 oficial de la seua recepci\u00f3 i iniciar\u00e0 la campanya de recollida de firmes per aconseguir el suport necessari que permeta tramitar la proposta i obrir el debat en seu parlament\u00e0ria. Des de la Uni\u00f3 Municipalista manifesten que \u201cs\u2019ha de reunir un m\u00ednim de 10.000 firmes. Una xifra que no \u00e9s dif\u00edcil d\u2019obtindre sobretot en un context on veiem que molta gent no es sent representada amb els grans partits pol\u00edtics\u201d.<\/p>\n\n\n\n<figure class=\"wp-block-image size-large\"><img loading=\"lazy\" decoding=\"async\" width=\"1024\" height=\"683\" src=\"http:\/\/www.tucomarca.com\/wordpress\/segunda\/wp-content\/uploads\/2025\/04\/Municipalistas2-1024x683.jpeg\" alt=\"\" class=\"wp-image-260996\" srcset=\"https:\/\/tucomarca.whitekongsoftware.com\/wp-content\/uploads\/2025\/04\/Municipalistas2-1024x683.jpeg 1024w, https:\/\/tucomarca.whitekongsoftware.com\/wp-content\/uploads\/2025\/04\/Municipalistas2-300x200.jpeg 300w, https:\/\/tucomarca.whitekongsoftware.com\/wp-content\/uploads\/2025\/04\/Municipalistas2-768x512.jpeg 768w, https:\/\/tucomarca.whitekongsoftware.com\/wp-content\/uploads\/2025\/04\/Municipalistas2-1536x1024.jpeg 1536w, https:\/\/tucomarca.whitekongsoftware.com\/wp-content\/uploads\/2025\/04\/Municipalistas2-2048x1365.jpeg 2048w\" sizes=\"auto, (max-width: 1024px) 100vw, 1024px\" \/><\/figure>\n","protected":false},"excerpt":{"rendered":"<div class=\"mh-excerpt\">Jorge Rodr\u00edguez adverteix que les traves a la ILP que pretenen introduir el Partit Popular a trav\u00e9s de la llei d&#8217;Acompanyament \u201cno van a quedar en no-res\u201d. La confederaci\u00f3 de partits independents iniciar\u00e0 en les <a class=\"mh-excerpt-more\" href=\"https:\/\/tucomarca.whitekongsoftware.com\/ca\/la-unio-municipalista-registra-a-les-corts-la-iniciativa-per-rebaixar-del-5-al-3-el-llisto-electoral\/\" title=\"La Uni\u00f3 Municipalista registra a Les Corts la iniciativa per rebaixar del 5% al 3% el llist\u00f3 electoral\">[+] <\/a><\/div>\n","protected":false},"author":1,"featured_media":260994,"comment_status":"open","ping_status":"open","sticky":false,"template":"","format":"standard","meta":{"footnotes":""},"categories":[10898,10948,10894,10904,10947,10896],"tags":[11199,22134,11140],"class_list":["post-261003","post","type-post","status-publish","format-standard","has-post-thumbnail","category-ventana-ca","category-infraestructuras-ca","category-la-comarca-ca","category-sin-categorizar-ca","category-politica","category-seccion-ca","tag-la-comunitat-ca","tag-municipalistas-ca","tag-politica-ca"],"_links":{"self":[{"href":"https:\/\/tucomarca.whitekongsoftware.com\/ca\/wp-json\/wp\/v2\/posts\/261003","targetHints":{"allow":["GET"]}}],"collection":[{"href":"https:\/\/tucomarca.whitekongsoftware.com\/ca\/wp-json\/wp\/v2\/posts"}],"about":[{"href":"https:\/\/tucomarca.whitekongsoftware.com\/ca\/wp-json\/wp\/v2\/types\/post"}],"author":[{"embeddable":true,"href":"https:\/\/tucomarca.whitekongsoftware.com\/ca\/wp-json\/wp\/v2\/users\/1"}],"replies":[{"embeddable":true,"href":"https:\/\/tucomarca.whitekongsoftware.com\/ca\/wp-json\/wp\/v2\/comments?post=261003"}],"version-history":[{"count":0,"href":"https:\/\/tucomarca.whitekongsoftware.com\/ca\/wp-json\/wp\/v2\/posts\/261003\/revisions"}],"wp:featuredmedia":[{"embeddable":true,"href":"https:\/\/tucomarca.whitekongsoftware.com\/ca\/wp-json\/wp\/v2\/media\/260994"}],"wp:attachment":[{"href":"https:\/\/tucomarca.whitekongsoftware.com\/ca\/wp-json\/wp\/v2\/media?parent=261003"}],"wp:term":[{"taxonomy":"category","embeddable":true,"href":"https:\/\/tucomarca.whitekongsoftware.com\/ca\/wp-json\/wp\/v2\/categories?post=261003"},{"taxonomy":"post_tag","embeddable":true,"href":"https:\/\/tucomarca.whitekongsoftware.com\/ca\/wp-json\/wp\/v2\/tags?post=261003"}],"curies":[{"name":"wp","href":"https:\/\/api.w.org\/{rel}","templated":true}]}}