{"id":260973,"date":"2025-04-08T10:15:00","date_gmt":"2025-04-08T08:15:00","guid":{"rendered":"https:\/\/www.tucomarca.com\/wordpress\/segunda\/?p=260973"},"modified":"2025-04-08T14:17:26","modified_gmt":"2025-04-08T12:17:26","slug":"la-sala-el-mercado-acoge-una-charla-sobre-la-catastrofe-de-la-dana-en-bunyol","status":"publish","type":"post","link":"https:\/\/tucomarca.whitekongsoftware.com\/ca\/la-sala-el-mercado-acoge-una-charla-sobre-la-catastrofe-de-la-dana-en-bunyol\/","title":{"rendered":"La Sala El Mercado acoge una charla sobre la cat\u00e1strofe de la DANA en Bunyol"},"content":{"rendered":"\n<p class=\"wp-block-paragraph\">La sala \u201cEl Mercat\u201d de Bunyol ha sigut l&#8217;escenari aquest passat divendres, 4 d&#8217;abril, d&#8217;un acte p\u00fablic centrat en la cat\u00e0strofe provocada per la DANA. L&#8217;acte, organitzat pel PCPV i amb la col\u00b7laboraci\u00f3 de les Brigades Volunt\u00e0ries, va reunir experts en medi ambient i gesti\u00f3 de l&#8217;aigua.<\/p>\n\n\n\n<p class=\"wp-block-paragraph\">La presentaci\u00f3 va ser a c\u00e0rrec de Minerva G\u00f3mez Perell\u00f3, representant del PCPV Bunyol.<\/p>\n\n\n\n<p class=\"wp-block-paragraph\"><strong>Van intervindre:<\/strong><\/p>\n\n\n\n<ul class=\"wp-block-list\">\n<li><strong>Adolfo Lozano<\/strong>, del gabinet d&#8217;estudis del PCPV.<\/li>\n\n\n\n<li><strong>Francis Vall\u00e9s<\/strong>, professor titular de l&#8217;Escola T\u00e8cnica Superior de Camins, Canals i Ports de la Universitat Polit\u00e8cnica de Val\u00e8ncia, natural de Bunyol.<\/li>\n\n\n\n<li><strong>Miguel Mart\u00edn,<\/strong> professor titular expert en contaminaci\u00f3 d&#8217;aig\u00fces del Departament d&#8217;Enginyeria Hidr\u00e0ulica i Medi Ambient de la UPV.<\/li>\n<\/ul>\n\n\n\n<p class=\"wp-block-paragraph\">Durant la trobada es van abordar les conseq\u00fc\u00e8ncies mediambientals, la gesti\u00f3 de recursos h\u00eddrics i les possibles respostes institucionals davant episodis clim\u00e0tics extrems com el viscut recentment.<\/p>\n\n\n\n<p class=\"wp-block-paragraph\"><strong>Fotos: Jos\u00e9 Luis Mont\u00f3n<\/strong><\/p>\n\n\n\n<figure class=\"wp-block-gallery has-nested-images columns-1 is-cropped wp-block-gallery-1 is-layout-flex wp-block-gallery-is-layout-flex\">\n<figure class=\"wp-block-image size-large\"><img loading=\"lazy\" decoding=\"async\" width=\"1024\" height=\"572\" data-id=\"260967\" src=\"https:\/\/www.tucomarca.com\/wordpress\/segunda\/wp-content\/uploads\/2025\/04\/ActoDanaPC3-1024x572.jpg\" alt=\"\" class=\"wp-image-260967\" srcset=\"https:\/\/tucomarca.whitekongsoftware.com\/wp-content\/uploads\/2025\/04\/ActoDanaPC3-1024x572.jpg 1024w, https:\/\/tucomarca.whitekongsoftware.com\/wp-content\/uploads\/2025\/04\/ActoDanaPC3-300x168.jpg 300w, https:\/\/tucomarca.whitekongsoftware.com\/wp-content\/uploads\/2025\/04\/ActoDanaPC3-768x429.jpg 768w, https:\/\/tucomarca.whitekongsoftware.com\/wp-content\/uploads\/2025\/04\/ActoDanaPC3-1536x858.jpg 1536w, https:\/\/tucomarca.whitekongsoftware.com\/wp-content\/uploads\/2025\/04\/ActoDanaPC3.jpg 2048w\" sizes=\"auto, (max-width: 1024px) 100vw, 1024px\" \/><\/figure>\n\n\n\n<figure class=\"wp-block-image size-large\"><img loading=\"lazy\" decoding=\"async\" width=\"1024\" height=\"572\" data-id=\"260965\" src=\"https:\/\/www.tucomarca.com\/wordpress\/segunda\/wp-content\/uploads\/2025\/04\/ActoDanaPC2-1024x572.jpg\" alt=\"\" class=\"wp-image-260965\" srcset=\"https:\/\/tucomarca.whitekongsoftware.com\/wp-content\/uploads\/2025\/04\/ActoDanaPC2-1024x572.jpg 1024w, https:\/\/tucomarca.whitekongsoftware.com\/wp-content\/uploads\/2025\/04\/ActoDanaPC2-300x168.jpg 300w, https:\/\/tucomarca.whitekongsoftware.com\/wp-content\/uploads\/2025\/04\/ActoDanaPC2-768x429.jpg 768w, https:\/\/tucomarca.whitekongsoftware.com\/wp-content\/uploads\/2025\/04\/ActoDanaPC2-1536x858.jpg 1536w, https:\/\/tucomarca.whitekongsoftware.com\/wp-content\/uploads\/2025\/04\/ActoDanaPC2.jpg 2048w\" sizes=\"auto, (max-width: 1024px) 100vw, 1024px\" \/><\/figure>\n<\/figure>\n","protected":false},"excerpt":{"rendered":"<div class=\"mh-excerpt\">La sala \u201cEl Mercat\u201d de Bunyol ha sigut l&#8217;escenari aquest passat divendres, 4 d&#8217;abril, d&#8217;un acte p\u00fablic centrat en la cat\u00e0strofe provocada per la DANA. L&#8217;acte, organitzat pel PCPV i amb la col\u00b7laboraci\u00f3 de les <a class=\"mh-excerpt-more\" href=\"https:\/\/tucomarca.whitekongsoftware.com\/ca\/la-sala-el-mercado-acoge-una-charla-sobre-la-catastrofe-de-la-dana-en-bunyol\/\" title=\"La Sala El Mercado acoge una charla sobre la cat\u00e1strofe de la DANA en Bunyol\">[+] <\/a><\/div>\n","protected":false},"author":12,"featured_media":260964,"comment_status":"open","ping_status":"open","sticky":false,"template":"","format":"gallery","meta":{"footnotes":""},"categories":[10911,21466,10948,10894,10904,10912,10903,10947,10896,10897],"tags":[10913,15409,10914],"class_list":["post-260973","post","type-post","status-publish","format-gallery","has-post-thumbnail","category-bunol-ca","category-dana-ca","category-infraestructuras-ca","category-la-comarca-ca","category-sin-categorizar-ca","category-la-hoya-ca","category-medio-ambiente-la-comarca-ca","category-politica","category-seccion-ca","category-sucesos-la-comarca-ca","tag-bunol-ca","tag-dana-2-ca","tag-la-hoya-de-bunol-chiva-ca","post_format-post-format-gallery"],"_links":{"self":[{"href":"https:\/\/tucomarca.whitekongsoftware.com\/ca\/wp-json\/wp\/v2\/posts\/260973","targetHints":{"allow":["GET"]}}],"collection":[{"href":"https:\/\/tucomarca.whitekongsoftware.com\/ca\/wp-json\/wp\/v2\/posts"}],"about":[{"href":"https:\/\/tucomarca.whitekongsoftware.com\/ca\/wp-json\/wp\/v2\/types\/post"}],"author":[{"embeddable":true,"href":"https:\/\/tucomarca.whitekongsoftware.com\/ca\/wp-json\/wp\/v2\/users\/12"}],"replies":[{"embeddable":true,"href":"https:\/\/tucomarca.whitekongsoftware.com\/ca\/wp-json\/wp\/v2\/comments?post=260973"}],"version-history":[{"count":0,"href":"https:\/\/tucomarca.whitekongsoftware.com\/ca\/wp-json\/wp\/v2\/posts\/260973\/revisions"}],"wp:featuredmedia":[{"embeddable":true,"href":"https:\/\/tucomarca.whitekongsoftware.com\/ca\/wp-json\/wp\/v2\/media\/260964"}],"wp:attachment":[{"href":"https:\/\/tucomarca.whitekongsoftware.com\/ca\/wp-json\/wp\/v2\/media?parent=260973"}],"wp:term":[{"taxonomy":"category","embeddable":true,"href":"https:\/\/tucomarca.whitekongsoftware.com\/ca\/wp-json\/wp\/v2\/categories?post=260973"},{"taxonomy":"post_tag","embeddable":true,"href":"https:\/\/tucomarca.whitekongsoftware.com\/ca\/wp-json\/wp\/v2\/tags?post=260973"}],"curies":[{"name":"wp","href":"https:\/\/api.w.org\/{rel}","templated":true}]}}