{"id":260881,"date":"2025-04-07T00:45:00","date_gmt":"2025-04-06T22:45:00","guid":{"rendered":"https:\/\/www.tucomarca.com\/wordpress\/segunda\/?p=260881"},"modified":"2025-04-07T12:57:09","modified_gmt":"2025-04-07T10:57:09","slug":"mes-de-150-agricultors-de-bunyol-reuneixen-signatures-per-a-netejar-el-barranc-del-pedris-i-evitar-noves-inundacions-en-les-seues-hortes","status":"publish","type":"post","link":"https:\/\/tucomarca.whitekongsoftware.com\/ca\/mes-de-150-agricultors-de-bunyol-reuneixen-signatures-per-a-netejar-el-barranc-del-pedris-i-evitar-noves-inundacions-en-les-seues-hortes\/","title":{"rendered":"M\u00e9s de 150 agricultors de Bunyol reuneixen signatures per a netejar el barranc del Poyo i evitar noves inundacions en les seues hortes"},"content":{"rendered":"\n<h3 class=\"wp-block-heading\">AVA-Asaja alerta que l&#8217;obra d&#8217;emerg\u00e8ncia d&#8217;ADIF, unida a la falta de condicionament del llit, redirigeix futures riuades als camps i el poble de Xiva.<\/h3>\n\n\n\n<p class=\"wp-block-paragraph\">Agricultors de Bunyol i, en menor mesura, Xiva han presentat m\u00e9s de 150 signatures a l&#8217;ajuntament de Bunyol per a sol\u00b7licitar a les administracions competents que condicionen el barranc del Poyo (a l&#8217;altura de Bunyol es denomina rambla del Gall) per a evitar en el futur greus inundacions en la seua horta. L&#8217;Associaci\u00f3 Valenciana d&#8217;Agricultors (AVA-Asaja) dona suport a aquesta iniciativa perqu\u00e8, tal com alerta el col\u00b7lectiu, l&#8217;obra d&#8217;emerg\u00e8ncia que acaba de realitzar ADIF en les vies ferrovi\u00e0ries redirigir\u00e0 les aig\u00fces, en cas d&#8217;una nova DANA, als camps de Bunyol i el poble de Xiva.<\/p>\n\n\n\n<p class=\"wp-block-paragraph\">El delegat de AVA-Asaja a Bunyol, Joaqu\u00edn Lambies, lamenta que \u201cels ve\u00efns i agricultors de la zona estem molt preocupats per si torna a ploure, encara que siga molt menys que en l&#8217;anterior DANA, ja que s&#8217;han ajuntat dues circumst\u00e0ncies que farien que l&#8217;aigua, en lloc d&#8217;anar canalitzada pel barranc, es desviaria cap a l&#8217;horta del Ruedo, la m\u00e9s productiva del terme, destrossant camps d&#8217;hortalisses, per\u00f2 tamb\u00e9 tarongers, ametlers, oliveres i vinyes\u201d.\u00a0<\/p>\n\n\n\n<p class=\"wp-block-paragraph\">D&#8217;una banda, ADIF, entitat p\u00fablica empresarial adscrita al Ministeri de Transports i Mobilitat Sostenible, acaba de reparar a l&#8217;altura de Bunyol la l\u00ednia de rodalia Val\u00e8ncia-Utiel, deixant sis sobreeixidors per a l&#8217;evacuaci\u00f3 de l&#8217;aigua a trav\u00e9s de la rambla. Per\u00f2, d&#8217;altra banda, en eixe mateix tram del barranc no s&#8217;han retirat la grava i els materials, tant vegetals com urbans, que va arrossegar la DANA i, per tant, el llit del barranc ha quedat sensiblement redu\u00eft i no seria l&#8217;adequat per a assumir pluges torrencials.<\/p>\n\n\n\n<p class=\"wp-block-paragraph\">El president de AVA-Asaja, Crist\u00f3bal Aguado, ha manifestat al president de la Generalitat Valenciana, la delegada del Govern, el president de la Confederaci\u00f3 Hidrogr\u00e0fica del X\u00faquer (CHJ) i el comissionat del Govern per a la reconstrucci\u00f3 despr\u00e9s de la DANA \u201caquesta anomalia que pot tindre conseq\u00fc\u00e8ncies greus en cas de patir noves riuades. No volem que hi haja cap risc en la infraestructura ferrovi\u00e0ria, per\u00f2 no pot ser que el mal estat del barranc pose en perill als ciutadans i els agricultors. Demanem les actuacions, per part de qui siga, per a condicionar els llits i estar preparats per a nous temporals, que arribaran s\u00ed o s\u00ed perqu\u00e8 s\u00f3n recurrents en la conca mediterr\u00e0nia\u201d.<\/p>\n","protected":false},"excerpt":{"rendered":"<div class=\"mh-excerpt\">AVA-Asaja alerta que l&#8217;obra d&#8217;emerg\u00e8ncia d&#8217;ADIF, unida a la falta de condicionament del llit, redirigeix futures riuades als camps i el poble de Xiva. Agricultors de Bunyol i, en menor mesura, Xiva han presentat m\u00e9s <a class=\"mh-excerpt-more\" href=\"https:\/\/tucomarca.whitekongsoftware.com\/ca\/mes-de-150-agricultors-de-bunyol-reuneixen-signatures-per-a-netejar-el-barranc-del-pedris-i-evitar-noves-inundacions-en-les-seues-hortes\/\" title=\"M\u00e9s de 150 agricultors de Bunyol reuneixen signatures per a netejar el barranc del Poyo i evitar noves inundacions en les seues hortes\">[+] <\/a><\/div>\n","protected":false},"author":13,"featured_media":260879,"comment_status":"open","ping_status":"open","sticky":false,"template":"","format":"standard","meta":{"footnotes":""},"categories":[10905,10911,21466,10898,10948,10894,10904,10912,10903,10947,10896,10897],"tags":[11309,10913,10914,12166],"class_list":["post-260881","post","type-post","status-publish","format-standard","has-post-thumbnail","category-agricultura-la-comarca-ca","category-bunol-ca","category-dana-ca","category-ventana-ca","category-infraestructuras-ca","category-la-comarca-ca","category-sin-categorizar-ca","category-la-hoya-ca","category-medio-ambiente-la-comarca-ca","category-politica","category-seccion-ca","category-sucesos-la-comarca-ca","tag-agricultura-ca","tag-bunol-ca","tag-la-hoya-de-bunol-chiva-ca","tag-medio-ambiente-ca"],"_links":{"self":[{"href":"https:\/\/tucomarca.whitekongsoftware.com\/ca\/wp-json\/wp\/v2\/posts\/260881","targetHints":{"allow":["GET"]}}],"collection":[{"href":"https:\/\/tucomarca.whitekongsoftware.com\/ca\/wp-json\/wp\/v2\/posts"}],"about":[{"href":"https:\/\/tucomarca.whitekongsoftware.com\/ca\/wp-json\/wp\/v2\/types\/post"}],"author":[{"embeddable":true,"href":"https:\/\/tucomarca.whitekongsoftware.com\/ca\/wp-json\/wp\/v2\/users\/13"}],"replies":[{"embeddable":true,"href":"https:\/\/tucomarca.whitekongsoftware.com\/ca\/wp-json\/wp\/v2\/comments?post=260881"}],"version-history":[{"count":0,"href":"https:\/\/tucomarca.whitekongsoftware.com\/ca\/wp-json\/wp\/v2\/posts\/260881\/revisions"}],"wp:featuredmedia":[{"embeddable":true,"href":"https:\/\/tucomarca.whitekongsoftware.com\/ca\/wp-json\/wp\/v2\/media\/260879"}],"wp:attachment":[{"href":"https:\/\/tucomarca.whitekongsoftware.com\/ca\/wp-json\/wp\/v2\/media?parent=260881"}],"wp:term":[{"taxonomy":"category","embeddable":true,"href":"https:\/\/tucomarca.whitekongsoftware.com\/ca\/wp-json\/wp\/v2\/categories?post=260881"},{"taxonomy":"post_tag","embeddable":true,"href":"https:\/\/tucomarca.whitekongsoftware.com\/ca\/wp-json\/wp\/v2\/tags?post=260881"}],"curies":[{"name":"wp","href":"https:\/\/api.w.org\/{rel}","templated":true}]}}