{"id":260874,"date":"2025-04-08T14:00:00","date_gmt":"2025-04-08T12:00:00","guid":{"rendered":"https:\/\/www.tucomarca.com\/wordpress\/segunda\/?p=260874"},"modified":"2025-04-08T14:27:52","modified_gmt":"2025-04-08T12:27:52","slug":"condemnen-a-un-jove-a-quatre-anys-dinternament-per-abusos-sexuals-comesos-a-un-xiquet-de-8-anys-a-bunyol","status":"publish","type":"post","link":"https:\/\/tucomarca.whitekongsoftware.com\/ca\/condemnen-a-un-jove-a-quatre-anys-dinternament-per-abusos-sexuals-comesos-a-un-xiquet-de-8-anys-a-bunyol\/","title":{"rendered":"Condemnen a un jove a quatre anys d&#8217;internament per abusos sexuals comesos a un xiquet de 8 anys a Bunyol"},"content":{"rendered":"\n<h3 class=\"wp-block-heading\">Condemnen a un jove (que ara t\u00e9 30 anys) a quatre anys d&#8217;internament per abusos comesos a un xiquet de huit anys a Bunyol ocorreguts l&#8217;any 2010.<\/h3>\n\n\n\n<h3 class=\"wp-block-heading\">La v\u00edctima no volia denunciar per\u00f2 va decidir fer-ho 14 anys despr\u00e9s quan es va assabentar que l&#8217;agressor tenia contacte amb altres xiquets de col\u00b7legis i entitats socials amb els quals col\u00b7laborava.<\/h3>\n\n\n\n<p class=\"wp-block-paragraph\">El Jutjat de Menors n\u00famero 2 de Val\u00e8ncia ha condemnat a un jove (que ara t\u00e9 30 anys d&#8217;edat) per agredir sexualment a un xiquet de huit anys a Bunyol \u00aba quatre anys d&#8217;internament en r\u00e8gim tancat seguit d&#8217;un any de llibertat vigilada amb contingut obert, per\u00f2 que en tot cas haur\u00e0 d&#8217;incloure contingut afectiu sexual; a m\u00e9s, com a mesura access\u00f2ria (\u2026) l&#8217;obligaci\u00f3 de sotmetre&#8217;s a programes formatius d&#8217;educaci\u00f3 sexual i d&#8217;educaci\u00f3 en igualtat, havent d&#8217;indemnitzar al perjudicat\u00bb, tal com arreplega literalment la sent\u00e8ncia a la qual ha tingut acc\u00e9s <strong>tucomarca.com<\/strong>.<\/p>\n\n\n\n<p class=\"wp-block-paragraph\">Els fets van oc\u00f3rrer l&#8217;any 2010 quan la v\u00edctima acudia \u00abregularment a classes de nataci\u00f3 en la piscina municipal de Bunyol. Un dels dies, el xiquet va tardar m\u00e9s que la resta del grup a dutxar-se i canviar-se i es va quedar l&#8217;\u00faltim a les dutxes del vestuari\u00bb. La circumst\u00e0ncia va ser aprofitada per l&#8217;agressor, llavors menor d&#8217;edat ja que comptava en eixe moment amb 16 anys, \u00abqui amb \u00e0nim de satisfer els seus desitjos l\u00fabrics, es va dirigir al cubiculum de dutxa en qu\u00e8 es trobava la v\u00edctima es va posar enfront d&#8217;ell impedint-li l&#8217;eixida i li va preguntar si volia jugar un poc. El xiquet li va dir que no, per\u00f2 l&#8217;agressor li va dir que li ho anava a passar b\u00e9, ho va agarrar amb for\u00e7a del bra\u00e7 i el va portar a un altre cubiculum de les dutxes m\u00e9s allunyat de la porta. All\u00ed, li va fer posar-se cara a la paret i li va dir que s&#8217;estiguera quiet. El xiquet va obeir puix que es va quedar bloquejat ja que era una persona que li doblegava l&#8217;edat\u00bb, segons s&#8217;arreplega en la sent\u00e8ncia.<\/p>\n\n\n\n<p class=\"wp-block-paragraph\">Despr\u00e9s de cometre l&#8217;agressi\u00f3 sexual amb penetraci\u00f3, l&#8217;agressor va amena\u00e7ar al xiquet que no l&#8217;explicara: \u00abaix\u00f2 no li ho pots comptar als teus pares m&#8217;ho promets?, insistint fins que el xiquet va dir que s\u00ed. I abans d&#8217;anar-se li va dir \u2018recorda, eres un xiquet bo i els xiquets bons compleixen les seues promeses&#8217;\u00bb, tal com es detalla en la sent\u00e8ncia, alguna cosa que la v\u00edctima no va fer fins a mar\u00e7 de 2023, quan li ho va explicar als seus progenitors en assabentar-se que el jove que li va for\u00e7ar quan tenia 8 anys tenia contacte amb un col\u00b7legi religi\u00f3s on, pel que sembla, la direcci\u00f3 havia rebut queixes per part d&#8217;alguns alumnes; aix\u00ed com que tamb\u00e9 tenia relaci\u00f3 amb altres entitats socials del municipi.<\/p>\n\n\n\n<p class=\"wp-block-paragraph\">La sent\u00e8ncia tamb\u00e9 arreplega que la v\u00edctima, \u00aba conseq\u00fc\u00e8ncia d&#8217;aquests fets, al llarg dels anys, ha sentit soledat, dolor, tristesa, culpabilitat i inseguretat en les seues relacions socials, sentimentals i familiars; ha tingut malsons recurrents, va abandonar la nataci\u00f3 i durant la seua vida ha evitat fer \u00fas de vestuaris quan realitzava activitats esportives. Fins a l&#8217;any 2018 no va ser capa\u00e7 de verbalitzar el que havia viscut i fins a mar\u00e7 de 2023 no li ho va explicar als seus progenitors. De mar\u00e7 a juliol de 2023 va rebre tractament psicol\u00f2gic i va denunciar aquests fets davant la Gu\u00e0rdia Civil el 20 de mar\u00e7 de 2024\u00bb.<\/p>\n\n\n\n<p class=\"wp-block-paragraph\"><strong>Den\u00fancia en la caserna de Bunyol<\/strong><\/p>\n\n\n\n<p class=\"wp-block-paragraph\">Com consta en la sent\u00e8ncia, el 20 de mar\u00e7 de 2024 el jove agredit va acudir a la caserna de la Gu\u00e0rdia Civil de Bunyol per a denunciar al pederasta, no obstant aix\u00f2 l&#8217;ara condemnat no el va recon\u00e9ixer en el seu moment i nom\u00e9s va confessar l&#8217;agressi\u00f3 sexual en el judici, en el qual va ser acusat per la Fiscalia de Menors d&#8217;un delicte d&#8217;ab\u00fas sexual conforme al Codi Penal vigent en 2010.<\/p>\n\n\n\n<p class=\"wp-block-paragraph\">Llocs en contacte des de <strong>tucomarca.com<\/strong> tant amb la v\u00edctima com amb investigadors de la Gu\u00e0rdia Civil, tots dos sospiten que l&#8217;agressor sexual podria haver sotm\u00e9s a abusos sexuals a m\u00e9s menors.<\/p>\n","protected":false},"excerpt":{"rendered":"<div class=\"mh-excerpt\">Condemnen a un jove (que ara t\u00e9 30 anys) a quatre anys d&#8217;internament per abusos comesos a un xiquet de huit anys a Bunyol ocorreguts l&#8217;any 2010. La v\u00edctima no volia denunciar per\u00f2 va decidir <a class=\"mh-excerpt-more\" href=\"https:\/\/tucomarca.whitekongsoftware.com\/ca\/condemnen-a-un-jove-a-quatre-anys-dinternament-per-abusos-sexuals-comesos-a-un-xiquet-de-8-anys-a-bunyol\/\" title=\"Condemnen a un jove a quatre anys d&#8217;internament per abusos sexuals comesos a un xiquet de 8 anys a Bunyol\">[+] <\/a><\/div>\n","protected":false},"author":12,"featured_media":260979,"comment_status":"open","ping_status":"open","sticky":false,"template":"","format":"standard","meta":{"footnotes":""},"categories":[10911,10898,10894,10904,10912,10896,10897],"tags":[22125,10913,22126,10914],"class_list":["post-260874","post","type-post","status-publish","format-standard","has-post-thumbnail","category-bunol-ca","category-ventana-ca","category-la-comarca-ca","category-sin-categorizar-ca","category-la-hoya-ca","category-seccion-ca","category-sucesos-la-comarca-ca","tag-agresion-sexual-ca","tag-bunol-ca","tag-guardia-civil-de-bunol-ca","tag-la-hoya-de-bunol-chiva-ca"],"_links":{"self":[{"href":"https:\/\/tucomarca.whitekongsoftware.com\/ca\/wp-json\/wp\/v2\/posts\/260874","targetHints":{"allow":["GET"]}}],"collection":[{"href":"https:\/\/tucomarca.whitekongsoftware.com\/ca\/wp-json\/wp\/v2\/posts"}],"about":[{"href":"https:\/\/tucomarca.whitekongsoftware.com\/ca\/wp-json\/wp\/v2\/types\/post"}],"author":[{"embeddable":true,"href":"https:\/\/tucomarca.whitekongsoftware.com\/ca\/wp-json\/wp\/v2\/users\/12"}],"replies":[{"embeddable":true,"href":"https:\/\/tucomarca.whitekongsoftware.com\/ca\/wp-json\/wp\/v2\/comments?post=260874"}],"version-history":[{"count":0,"href":"https:\/\/tucomarca.whitekongsoftware.com\/ca\/wp-json\/wp\/v2\/posts\/260874\/revisions"}],"wp:featuredmedia":[{"embeddable":true,"href":"https:\/\/tucomarca.whitekongsoftware.com\/ca\/wp-json\/wp\/v2\/media\/260979"}],"wp:attachment":[{"href":"https:\/\/tucomarca.whitekongsoftware.com\/ca\/wp-json\/wp\/v2\/media?parent=260874"}],"wp:term":[{"taxonomy":"category","embeddable":true,"href":"https:\/\/tucomarca.whitekongsoftware.com\/ca\/wp-json\/wp\/v2\/categories?post=260874"},{"taxonomy":"post_tag","embeddable":true,"href":"https:\/\/tucomarca.whitekongsoftware.com\/ca\/wp-json\/wp\/v2\/tags?post=260874"}],"curies":[{"name":"wp","href":"https:\/\/api.w.org\/{rel}","templated":true}]}}