{"id":260854,"date":"2025-04-07T00:15:00","date_gmt":"2025-04-06T22:15:00","guid":{"rendered":"https:\/\/www.tucomarca.com\/wordpress\/segunda\/?p=260854"},"modified":"2025-04-07T12:51:09","modified_gmt":"2025-04-07T10:51:09","slug":"empat-entre-el-cd-bunyol-i-el-cd-borriana-en-un-dol-igualat-en-el-beltran-baguena-1-1","status":"publish","type":"post","link":"https:\/\/tucomarca.whitekongsoftware.com\/ca\/empat-entre-el-cd-bunyol-i-el-cd-borriana-en-un-dol-igualat-en-el-beltran-baguena-1-1\/","title":{"rendered":"Empat entre el CD Bunyol i el CD Borriana en un dol igualat en el Beltr\u00e1n B\u00e1guena (1-1)"},"content":{"rendered":"\n<p class=\"wp-block-paragraph\">El CD Bunyol i el CD Borriana han taules (1-1) en la trobada corresponent a la jornada 26 de la Lliga Comunitat, disputat aquest passat dissabte, 5 d&#8217;abril, en el camp de futbol Beltr\u00e1n B\u00e1guena de Bunyol.<\/p>\n\n\n\n<p class=\"wp-block-paragraph\">El partit va estar marcat per la igualtat entre tots dos conjunts; encara que el CD Borriana es va avan\u00e7ar, en el minut 64. Per\u00f2 l&#8217;equip local va reaccionar en els compassos finals i, per mediaci\u00f3 de Fede, en el minut 85, els blancs van anotar el punt de l&#8217;empat per als locals, rescatant un punt per als seus.<\/p>\n\n\n\n<p class=\"wp-block-paragraph\">Amb aquest resultat, el CD Bunyol se situa en la sisena posici\u00f3 de la classificaci\u00f3 amb un total de 43 punts, els mateixos que el CD Borriana, en una lluita molt ajustada en la zona alta de la taula.<\/p>\n","protected":false},"excerpt":{"rendered":"<div class=\"mh-excerpt\">El CD Bunyol i el CD Borriana han taules (1-1) en la trobada corresponent a la jornada 26 de la Lliga Comunitat, disputat aquest passat dissabte, 5 d&#8217;abril, en el camp de futbol Beltr\u00e1n B\u00e1guena <a class=\"mh-excerpt-more\" href=\"https:\/\/tucomarca.whitekongsoftware.com\/ca\/empat-entre-el-cd-bunyol-i-el-cd-borriana-en-un-dol-igualat-en-el-beltran-baguena-1-1\/\" title=\"Empat entre el CD Bunyol i el CD Borriana en un dol igualat en el Beltr\u00e1n B\u00e1guena (1-1)\">[+] <\/a><\/div>\n","protected":false},"author":13,"featured_media":260852,"comment_status":"open","ping_status":"open","sticky":false,"template":"","format":"standard","meta":{"footnotes":""},"categories":[10911,11015,11003,10894,10912,10896],"tags":[10913,11126,11075,10914],"class_list":["post-260854","post","type-post","status-publish","format-standard","has-post-thumbnail","category-bunol-ca","category-canal-futbol","category-sports","category-la-comarca-ca","category-la-hoya-ca","category-seccion-ca","tag-bunol-ca","tag-cd-bunol-ca","tag-futbol-ca","tag-la-hoya-de-bunol-chiva-ca"],"_links":{"self":[{"href":"https:\/\/tucomarca.whitekongsoftware.com\/ca\/wp-json\/wp\/v2\/posts\/260854","targetHints":{"allow":["GET"]}}],"collection":[{"href":"https:\/\/tucomarca.whitekongsoftware.com\/ca\/wp-json\/wp\/v2\/posts"}],"about":[{"href":"https:\/\/tucomarca.whitekongsoftware.com\/ca\/wp-json\/wp\/v2\/types\/post"}],"author":[{"embeddable":true,"href":"https:\/\/tucomarca.whitekongsoftware.com\/ca\/wp-json\/wp\/v2\/users\/13"}],"replies":[{"embeddable":true,"href":"https:\/\/tucomarca.whitekongsoftware.com\/ca\/wp-json\/wp\/v2\/comments?post=260854"}],"version-history":[{"count":0,"href":"https:\/\/tucomarca.whitekongsoftware.com\/ca\/wp-json\/wp\/v2\/posts\/260854\/revisions"}],"wp:featuredmedia":[{"embeddable":true,"href":"https:\/\/tucomarca.whitekongsoftware.com\/ca\/wp-json\/wp\/v2\/media\/260852"}],"wp:attachment":[{"href":"https:\/\/tucomarca.whitekongsoftware.com\/ca\/wp-json\/wp\/v2\/media?parent=260854"}],"wp:term":[{"taxonomy":"category","embeddable":true,"href":"https:\/\/tucomarca.whitekongsoftware.com\/ca\/wp-json\/wp\/v2\/categories?post=260854"},{"taxonomy":"post_tag","embeddable":true,"href":"https:\/\/tucomarca.whitekongsoftware.com\/ca\/wp-json\/wp\/v2\/tags?post=260854"}],"curies":[{"name":"wp","href":"https:\/\/api.w.org\/{rel}","templated":true}]}}