{"id":260833,"date":"2025-04-05T11:00:00","date_gmt":"2025-04-05T09:00:00","guid":{"rendered":"https:\/\/www.tucomarca.com\/wordpress\/segunda\/?p=260833"},"modified":"2025-04-07T11:21:49","modified_gmt":"2025-04-07T09:21:49","slug":"bombers-del-parc-de-requena-i-cofrents-intervenen-en-un-incendi-en-una-subestacio-electrica-del-parc-eolic-daquesta-ultima-localitat","status":"publish","type":"post","link":"https:\/\/tucomarca.whitekongsoftware.com\/ca\/bombers-del-parc-de-requena-i-cofrents-intervenen-en-un-incendi-en-una-subestacio-electrica-del-parc-eolic-daquesta-ultima-localitat\/","title":{"rendered":"Bombers del parc de Requena i Cofrents intervenen en un incendi en una subestaci\u00f3 el\u00e8ctrica del parc e\u00f2lic d&#8217;aquesta \u00faltima localitat"},"content":{"rendered":"\n<p class=\"wp-block-paragraph\">Aquest divendres passat, els bombers van intervindre en un incendi declarat en les instal\u00b7lacions d&#8217;una subestaci\u00f3 el\u00e8ctrica situada al parc e\u00f2lic de Cofrents.<\/p>\n\n\n\n<p class=\"wp-block-paragraph\">L&#8217;av\u00eds de l&#8217;incendi es va rebre a les&nbsp;08.18 h, i fins al lloc es van despla\u00e7ar&nbsp;quatre dotacions&nbsp;de bombers procedents de Requena i del parc de bombers voluntaris de Cofrents, a m\u00e9s del sergent&nbsp; de Requena&nbsp;i el&nbsp;cap del parc de Cofrents.<\/p>\n\n\n\n<p class=\"wp-block-paragraph\">Els treballs d&#8217;extinci\u00f3 per part dels efectius del Consorci Provincial es van prolongar fins a les&nbsp;11.30 h, moment en el qual l&#8217;incendi va quedar&nbsp;confinat, sense arribar a afectar altres instal\u00b7lacions del parc.<\/p>\n\n\n\n<figure class=\"wp-block-gallery has-nested-images columns-2 is-cropped wp-block-gallery-1 is-layout-flex wp-block-gallery-is-layout-flex\">\n<figure class=\"wp-block-image size-large\"><img loading=\"lazy\" decoding=\"async\" width=\"1024\" height=\"768\" data-id=\"260827\" src=\"https:\/\/www.tucomarca.com\/wordpress\/segunda\/wp-content\/uploads\/2025\/04\/CofrentesBomberos4-1024x768.jpg\" alt=\"\" class=\"wp-image-260827\" srcset=\"https:\/\/tucomarca.whitekongsoftware.com\/wp-content\/uploads\/2025\/04\/CofrentesBomberos4-1024x768.jpg 1024w, https:\/\/tucomarca.whitekongsoftware.com\/wp-content\/uploads\/2025\/04\/CofrentesBomberos4-300x225.jpg 300w, https:\/\/tucomarca.whitekongsoftware.com\/wp-content\/uploads\/2025\/04\/CofrentesBomberos4-768x576.jpg 768w, https:\/\/tucomarca.whitekongsoftware.com\/wp-content\/uploads\/2025\/04\/CofrentesBomberos4-678x509.jpg 678w, https:\/\/tucomarca.whitekongsoftware.com\/wp-content\/uploads\/2025\/04\/CofrentesBomberos4-326x245.jpg 326w, https:\/\/tucomarca.whitekongsoftware.com\/wp-content\/uploads\/2025\/04\/CofrentesBomberos4-80x60.jpg 80w, https:\/\/tucomarca.whitekongsoftware.com\/wp-content\/uploads\/2025\/04\/CofrentesBomberos4.jpg 1536w\" sizes=\"auto, (max-width: 1024px) 100vw, 1024px\" \/><\/figure>\n\n\n\n<figure class=\"wp-block-image size-large\"><img loading=\"lazy\" decoding=\"async\" width=\"768\" height=\"1024\" data-id=\"260821\" src=\"https:\/\/www.tucomarca.com\/wordpress\/segunda\/wp-content\/uploads\/2025\/04\/CofrentesBomberos1-768x1024.jpg\" alt=\"\" class=\"wp-image-260821\" srcset=\"https:\/\/tucomarca.whitekongsoftware.com\/wp-content\/uploads\/2025\/04\/CofrentesBomberos1-768x1024.jpg 768w, https:\/\/tucomarca.whitekongsoftware.com\/wp-content\/uploads\/2025\/04\/CofrentesBomberos1-225x300.jpg 225w, https:\/\/tucomarca.whitekongsoftware.com\/wp-content\/uploads\/2025\/04\/CofrentesBomberos1.jpg 1152w\" sizes=\"auto, (max-width: 768px) 100vw, 768px\" \/><\/figure>\n\n\n\n<figure class=\"wp-block-image size-large\"><img loading=\"lazy\" decoding=\"async\" width=\"1024\" height=\"768\" data-id=\"260825\" src=\"https:\/\/www.tucomarca.com\/wordpress\/segunda\/wp-content\/uploads\/2025\/04\/CofrentesBomberos3-1024x768.jpg\" alt=\"\" class=\"wp-image-260825\" srcset=\"https:\/\/tucomarca.whitekongsoftware.com\/wp-content\/uploads\/2025\/04\/CofrentesBomberos3-1024x768.jpg 1024w, https:\/\/tucomarca.whitekongsoftware.com\/wp-content\/uploads\/2025\/04\/CofrentesBomberos3-300x225.jpg 300w, https:\/\/tucomarca.whitekongsoftware.com\/wp-content\/uploads\/2025\/04\/CofrentesBomberos3-768x576.jpg 768w, https:\/\/tucomarca.whitekongsoftware.com\/wp-content\/uploads\/2025\/04\/CofrentesBomberos3-1536x1153.jpg 1536w, https:\/\/tucomarca.whitekongsoftware.com\/wp-content\/uploads\/2025\/04\/CofrentesBomberos3-678x509.jpg 678w, https:\/\/tucomarca.whitekongsoftware.com\/wp-content\/uploads\/2025\/04\/CofrentesBomberos3-326x245.jpg 326w, https:\/\/tucomarca.whitekongsoftware.com\/wp-content\/uploads\/2025\/04\/CofrentesBomberos3-80x60.jpg 80w, https:\/\/tucomarca.whitekongsoftware.com\/wp-content\/uploads\/2025\/04\/CofrentesBomberos3.jpg 1599w\" sizes=\"auto, (max-width: 1024px) 100vw, 1024px\" \/><\/figure>\n\n\n\n<figure class=\"wp-block-image size-large\"><img loading=\"lazy\" decoding=\"async\" width=\"768\" height=\"1024\" data-id=\"260823\" src=\"https:\/\/www.tucomarca.com\/wordpress\/segunda\/wp-content\/uploads\/2025\/04\/CofrentesBomberos2-768x1024.jpg\" alt=\"\" class=\"wp-image-260823\" srcset=\"https:\/\/tucomarca.whitekongsoftware.com\/wp-content\/uploads\/2025\/04\/CofrentesBomberos2-768x1023.jpg 768w, https:\/\/tucomarca.whitekongsoftware.com\/wp-content\/uploads\/2025\/04\/CofrentesBomberos2-225x300.jpg 225w, https:\/\/tucomarca.whitekongsoftware.com\/wp-content\/uploads\/2025\/04\/CofrentesBomberos2-1153x1536.jpg 1153w, https:\/\/tucomarca.whitekongsoftware.com\/wp-content\/uploads\/2025\/04\/CofrentesBomberos2.jpg 1200w\" sizes=\"auto, (max-width: 768px) 100vw, 768px\" \/><\/figure>\n<\/figure>\n","protected":false},"excerpt":{"rendered":"<div class=\"mh-excerpt\">Aquest divendres passat, els bombers van intervindre en un incendi declarat en les instal\u00b7lacions d&#8217;una subestaci\u00f3 el\u00e8ctrica situada al parc e\u00f2lic de Cofrents. L&#8217;av\u00eds de l&#8217;incendi es va rebre a les&nbsp;08.18 h, i fins al <a class=\"mh-excerpt-more\" href=\"https:\/\/tucomarca.whitekongsoftware.com\/ca\/bombers-del-parc-de-requena-i-cofrents-intervenen-en-un-incendi-en-una-subestacio-electrica-del-parc-eolic-daquesta-ultima-localitat\/\" title=\"Bombers del parc de Requena i Cofrents intervenen en un incendi en una subestaci\u00f3 el\u00e8ctrica del parc e\u00f2lic d&#8217;aquesta \u00faltima localitat\">[+] <\/a><\/div>\n","protected":false},"author":1,"featured_media":260830,"comment_status":"open","ping_status":"open","sticky":false,"template":"","format":"gallery","meta":{"footnotes":""},"categories":[10951,10955,10894,10904,10896,10897],"tags":[11216,11480,10901],"class_list":["post-260833","post","type-post","status-publish","format-gallery","has-post-thumbnail","category-ayora-cofrentes-ca","category-cofrentes-ca","category-la-comarca-ca","category-sin-categorizar-ca","category-seccion-ca","category-sucesos-la-comarca-ca","tag-ayora-cofrentes-ca","tag-cofrentes-ca","tag-sucesos-ca","post_format-post-format-gallery"],"_links":{"self":[{"href":"https:\/\/tucomarca.whitekongsoftware.com\/ca\/wp-json\/wp\/v2\/posts\/260833","targetHints":{"allow":["GET"]}}],"collection":[{"href":"https:\/\/tucomarca.whitekongsoftware.com\/ca\/wp-json\/wp\/v2\/posts"}],"about":[{"href":"https:\/\/tucomarca.whitekongsoftware.com\/ca\/wp-json\/wp\/v2\/types\/post"}],"author":[{"embeddable":true,"href":"https:\/\/tucomarca.whitekongsoftware.com\/ca\/wp-json\/wp\/v2\/users\/1"}],"replies":[{"embeddable":true,"href":"https:\/\/tucomarca.whitekongsoftware.com\/ca\/wp-json\/wp\/v2\/comments?post=260833"}],"version-history":[{"count":0,"href":"https:\/\/tucomarca.whitekongsoftware.com\/ca\/wp-json\/wp\/v2\/posts\/260833\/revisions"}],"wp:featuredmedia":[{"embeddable":true,"href":"https:\/\/tucomarca.whitekongsoftware.com\/ca\/wp-json\/wp\/v2\/media\/260830"}],"wp:attachment":[{"href":"https:\/\/tucomarca.whitekongsoftware.com\/ca\/wp-json\/wp\/v2\/media?parent=260833"}],"wp:term":[{"taxonomy":"category","embeddable":true,"href":"https:\/\/tucomarca.whitekongsoftware.com\/ca\/wp-json\/wp\/v2\/categories?post=260833"},{"taxonomy":"post_tag","embeddable":true,"href":"https:\/\/tucomarca.whitekongsoftware.com\/ca\/wp-json\/wp\/v2\/tags?post=260833"}],"curies":[{"name":"wp","href":"https:\/\/api.w.org\/{rel}","templated":true}]}}