{"id":260758,"date":"2025-04-05T19:00:00","date_gmt":"2025-04-05T17:00:00","guid":{"rendered":"https:\/\/www.tucomarca.com\/wordpress\/segunda\/?p=260758"},"modified":"2025-04-05T20:48:05","modified_gmt":"2025-04-05T18:48:05","slug":"la-generalitat-impulsa-lacces-al-programa-life-2025-per-a-canalitzar-fons-europeus-a-les-zones-afectades-per-la-riuada","status":"publish","type":"post","link":"https:\/\/tucomarca.whitekongsoftware.com\/ca\/la-generalitat-impulsa-lacces-al-programa-life-2025-per-a-canalitzar-fons-europeus-a-les-zones-afectades-per-la-riuada\/","title":{"rendered":"La Generalitat impulsa l&#8217;acc\u00e9s al programa LIFE 2025 per a canalitzar fons europeus a les zones afectades per la riuada"},"content":{"rendered":"\n<h3 class=\"wp-block-heading\">La Direcci\u00f3 General de Fons Europeus organitza una jornada informativa per a activar propostes de finan\u00e7ament a trav\u00e9s del programa LIFE 2025.<\/h3>\n\n\n\n<h3 class=\"wp-block-heading\">Les convocat\u00f2ries es publicaran el 24 d&#8217;abril i permetran a entitats p\u00fabliques i privades optar a ajudes per a l&#8217;adaptaci\u00f3 clim\u00e0tica i la sostenibilitat.<\/h3>\n\n\n\n<p class=\"wp-block-paragraph\">La Direcci\u00f3 General de Fons Europeus i Sector P\u00fablic ha celebrat una jornada informativa en l\u00ednia sobre les pr\u00f2ximes convocat\u00f2ries del programa LIFE 2025, amb l&#8217;objectiu d&#8217;activar propostes que permeten canalitzar finan\u00e7ament europeu cap a les zones afectades per la riuada del passat 29 d&#8217;octubre en la Comunitat Valenciana.<\/p>\n\n\n\n<p class=\"wp-block-paragraph\">La iniciativa, organitzada en col\u00b7laboraci\u00f3 amb la Xarxa d&#8217;Instituts Tecnol\u00f2gics de la Comunitat Valenciana (REDIT), s&#8217;emmarca en l&#8217;estrat\u00e8gia de la Conselleria d&#8217;Hisenda i Economia per a maximitzar la captaci\u00f3 de fons europeus i refor\u00e7ar el suport institucional al teixit empresarial i local en contextos d&#8217;emerg\u00e8ncia clim\u00e0tica.<\/p>\n\n\n\n<p class=\"wp-block-paragraph\">Durant la jornada, s&#8217;ha anunciat que les convocat\u00f2ries del programa LIFE 2025 es publicaran el 24 d&#8217;abril. Es tracta d&#8217;una via fonamental de finan\u00e7ament directe de la Uni\u00f3 Europea per a projectes relacionats amb el medi ambient, el clima i la transici\u00f3 energ\u00e8tica, oberta a entitats p\u00fabliques i privades.<\/p>\n\n\n\n<p class=\"wp-block-paragraph\">L&#8217;esdeveniment ha comptat amb la participaci\u00f3 de representants de REDIT i de la xarxa Enterprise Europe Network (EEN), la major xarxa europea de suport a les pimes en innovaci\u00f3, internacionalitzaci\u00f3 i sostenibilitat, aix\u00ed com d&#8217;un portaveu del Punt de Contacte Nacional del Ministeri per a la Transici\u00f3 Ecol\u00f2gica i el Repte Demogr\u00e0fic i representants de diverses entitats locals de la Comunitat Valenciana.<\/p>\n\n\n\n<p class=\"wp-block-paragraph\">\u201cVolem que els fons europeus arriben all\u00ed on m\u00e9s es necessiten, i el programa LIFE \u00e9s clau per a impulsar la recuperaci\u00f3 verda del nostre territori\u201d, ha afirmat la directora general de Fons Europeus i Sector P\u00fablic, Mar\u00eda de la Mar Gonz\u00e1lez.<\/p>\n\n\n\n<p class=\"wp-block-paragraph\"><strong>LIFE: m\u00e9s de 6.000 projectes europeus<\/strong><\/p>\n\n\n\n<p class=\"wp-block-paragraph\">Des de la seua creaci\u00f3 en 1992, el programa LIFE ha recolzat m\u00e9s de 6.000 projectes a Europa, dels quals m\u00e9s d&#8217;un miler han sigut coordinats per entitats espanyoles. El programa s&#8217;articula en quatre subprogrames: Naturalesa i biodiversitat; Economia circular i qualitat de vida; Mitigaci\u00f3 i adaptaci\u00f3 al canvi clim\u00e0tic; i Transici\u00f3 cap a una energia neta.<\/p>\n\n\n\n<p class=\"wp-block-paragraph\">La Generalitat destaca la import\u00e0ncia d&#8217;aquesta eina europea per a avan\u00e7ar en la resili\u00e8ncia clim\u00e0tica, la modernitzaci\u00f3 ambiental d&#8217;infraestructures i la reactivaci\u00f3 dels territoris afectats per fen\u00f2mens extrems.<\/p>\n","protected":false},"excerpt":{"rendered":"<div class=\"mh-excerpt\">La Direcci\u00f3 General de Fons Europeus organitza una jornada informativa per a activar propostes de finan\u00e7ament a trav\u00e9s del programa LIFE 2025. Les convocat\u00f2ries es publicaran el 24 d&#8217;abril i permetran a entitats p\u00fabliques i <a class=\"mh-excerpt-more\" href=\"https:\/\/tucomarca.whitekongsoftware.com\/ca\/la-generalitat-impulsa-lacces-al-programa-life-2025-per-a-canalitzar-fons-europeus-a-les-zones-afectades-per-la-riuada\/\" title=\"La Generalitat impulsa l&#8217;acc\u00e9s al programa LIFE 2025 per a canalitzar fons europeus a les zones afectades per la riuada\">[+] <\/a><\/div>\n","protected":false},"author":1,"featured_media":242697,"comment_status":"open","ping_status":"open","sticky":false,"template":"","format":"standard","meta":{"footnotes":""},"categories":[21466,10898,10948,10894,10904,10903,10947,10896,10897],"tags":[13821,15409,11199],"class_list":["post-260758","post","type-post","status-publish","format-standard","has-post-thumbnail","category-dana-ca","category-ventana-ca","category-infraestructuras-ca","category-la-comarca-ca","category-sin-categorizar-ca","category-medio-ambiente-la-comarca-ca","category-politica","category-seccion-ca","category-sucesos-la-comarca-ca","tag-ayudas-ca","tag-dana-2-ca","tag-la-comunitat-ca"],"_links":{"self":[{"href":"https:\/\/tucomarca.whitekongsoftware.com\/ca\/wp-json\/wp\/v2\/posts\/260758","targetHints":{"allow":["GET"]}}],"collection":[{"href":"https:\/\/tucomarca.whitekongsoftware.com\/ca\/wp-json\/wp\/v2\/posts"}],"about":[{"href":"https:\/\/tucomarca.whitekongsoftware.com\/ca\/wp-json\/wp\/v2\/types\/post"}],"author":[{"embeddable":true,"href":"https:\/\/tucomarca.whitekongsoftware.com\/ca\/wp-json\/wp\/v2\/users\/1"}],"replies":[{"embeddable":true,"href":"https:\/\/tucomarca.whitekongsoftware.com\/ca\/wp-json\/wp\/v2\/comments?post=260758"}],"version-history":[{"count":0,"href":"https:\/\/tucomarca.whitekongsoftware.com\/ca\/wp-json\/wp\/v2\/posts\/260758\/revisions"}],"wp:featuredmedia":[{"embeddable":true,"href":"https:\/\/tucomarca.whitekongsoftware.com\/ca\/wp-json\/wp\/v2\/media\/242697"}],"wp:attachment":[{"href":"https:\/\/tucomarca.whitekongsoftware.com\/ca\/wp-json\/wp\/v2\/media?parent=260758"}],"wp:term":[{"taxonomy":"category","embeddable":true,"href":"https:\/\/tucomarca.whitekongsoftware.com\/ca\/wp-json\/wp\/v2\/categories?post=260758"},{"taxonomy":"post_tag","embeddable":true,"href":"https:\/\/tucomarca.whitekongsoftware.com\/ca\/wp-json\/wp\/v2\/tags?post=260758"}],"curies":[{"name":"wp","href":"https:\/\/api.w.org\/{rel}","templated":true}]}}