{"id":260687,"date":"2025-04-06T12:00:00","date_gmt":"2025-04-06T10:00:00","guid":{"rendered":"https:\/\/www.tucomarca.com\/wordpress\/segunda\/?p=260687"},"modified":"2025-04-07T00:39:18","modified_gmt":"2025-04-06T22:39:18","slug":"17-equips-del-consorci-provincial-de-bombers-de-valencia-competiran-en-la-trobada-interna-dexcarceracio-en-leliana","status":"publish","type":"post","link":"https:\/\/tucomarca.whitekongsoftware.com\/ca\/17-equips-del-consorci-provincial-de-bombers-de-valencia-competiran-en-la-trobada-interna-dexcarceracio-en-leliana\/","title":{"rendered":"17 equips del Consorci Provincial de Bombers de Val\u00e8ncia competiran en la Trobada Interna d&#8217;Excarceraci\u00f3 en l\u2019Eliana"},"content":{"rendered":"\n<h3 class=\"wp-block-heading\">L&#8217;esdeveniment, el qual tindr\u00e0 lloc els dies 9 i 10 d&#8217;abril en la Pla\u00e7a Europa de l&#8217;Eliana, mostrar\u00e0 les maniobres que duen a terme els bombers en els rescats que es duen a terme en casos d&#8217;accidents de tr\u00e0nsit.<\/h3>\n\n\n\n<h3 class=\"wp-block-heading\">El president del Consorci, Avelino Mascarell, presenta la XVI edici\u00f3 d&#8217;esta trobada al costat de l&#8217;alcalde de l&#8217;Eliana, Salvador Torrent, i representants del Comit\u00e9 de Trobades d&#8217;Excarceraci\u00f3 del CPBV.<\/h3>\n\n\n\n<p class=\"wp-block-paragraph\">S&#8217;ha presentat la XVI Trobada Intern d&#8217;Excarceraci\u00f3 organitzada pel Consorci Provincial de Bombers de Val\u00e8ncia, amb la col\u00b7laboraci\u00f3 de l&#8217;Ajuntament de l&#8217;Eliana, que tindr\u00e0 lloc els dies 9 i 10 d&#8217;abril en esta localitat. L&#8217;acte ha comptat amb l&#8217;assist\u00e8ncia del diputat i president del Consorci de Bombers de Val\u00e8ncia, Avelino Mascarell, l&#8217;alcalde de l&#8217;Eliana, Salvador Torrent, i representants del COMENEX, Comit\u00e9 de Trobades d&#8217;Excarceraci\u00f3 del Consorci.\u00a0<\/p>\n\n\n\n<figure class=\"wp-block-image size-large\"><img loading=\"lazy\" decoding=\"async\" width=\"1024\" height=\"768\" src=\"http:\/\/www.tucomarca.com\/wordpress\/segunda\/wp-content\/uploads\/2025\/04\/avelino-1024x768.jpeg\" alt=\"\" class=\"wp-image-260682\" srcset=\"https:\/\/tucomarca.whitekongsoftware.com\/wp-content\/uploads\/2025\/04\/avelino-1024x768.jpeg 1024w, https:\/\/tucomarca.whitekongsoftware.com\/wp-content\/uploads\/2025\/04\/avelino-300x225.jpeg 300w, https:\/\/tucomarca.whitekongsoftware.com\/wp-content\/uploads\/2025\/04\/avelino-768x576.jpeg 768w, https:\/\/tucomarca.whitekongsoftware.com\/wp-content\/uploads\/2025\/04\/avelino-1536x1152.jpeg 1536w, https:\/\/tucomarca.whitekongsoftware.com\/wp-content\/uploads\/2025\/04\/avelino-678x509.jpeg 678w, https:\/\/tucomarca.whitekongsoftware.com\/wp-content\/uploads\/2025\/04\/avelino-326x245.jpeg 326w, https:\/\/tucomarca.whitekongsoftware.com\/wp-content\/uploads\/2025\/04\/avelino-80x60.jpeg 80w, https:\/\/tucomarca.whitekongsoftware.com\/wp-content\/uploads\/2025\/04\/avelino.jpeg 1600w\" sizes=\"auto, (max-width: 1024px) 100vw, 1024px\" \/><\/figure>\n\n\n\n<p class=\"wp-block-paragraph\">Es tracta d&#8217;una trobada dedicada al m\u00f3n dels rescats en accidents de tr\u00e0nsit en la qual participaran 17 equips del Consorci i que tindr\u00e0 lloc en la Pla\u00e7a Europa de l&#8217;Eliana amb car\u00e0cter obert al p\u00fablic. Durant dos jornades este recinte ser\u00e0 escenari de diverses maniobres d&#8217;excarceraci\u00f3 que simularan accidents reals, utilitzant per a aix\u00f2 prop de 30 vehicles de desballestament i recreant atrapaments de v\u00edctimes a les quals cal soc\u00f3rrer.&nbsp;<\/p>\n\n\n\n<p class=\"wp-block-paragraph\">L&#8217;objectiu de la Trobada d&#8217;Excarceraci\u00f3, de la qual el Consorci ja ha organitzat setze edicions, \u00e9s potenciar la formaci\u00f3 dels bombers i bomberes del Consorci en mat\u00e8ria d&#8217;excarceracions. Segons ha indicat el diputat i president del Consorci, Avelino Mascarell, \u201cen 2024 vam atendre quasi 700 accidents de tr\u00e0nsit, en 240 d&#8217;ells amb persones atrapades, per la qual cosa trobades com este ens ajuden a continuar millorant cada dia per a donar la millor resposta als ciutadans en el moment en el qual s\u00f3n m\u00e9s vulnerables i m\u00e9s ens necessiten\u201d. \u201cEstes trobades no s\u00f3n nom\u00e9s formaci\u00f3, s\u00f3n divulgaci\u00f3 de la labor del cos, s\u00f3n educaci\u00f3 vi\u00e0ria i s\u00f3n valors\u201d.<\/p>\n\n\n\n<p class=\"wp-block-paragraph\">La trobada posa sobre la taula la problem\u00e0tica dels accidents, per la qual cosa ajuda tamb\u00e9 a la conscienciaci\u00f3 ciutadana. No \u00e9s la primera vegada que l&#8217;Eliana acull esta trobada, ja que l&#8217;edici\u00f3 de 2023 es va realitzar en este municipi amb gran \u00e8xit. Tamb\u00e9 enguany l&#8217;Ajuntament de la localitat s&#8217;ha implicat de manera especial a col\u00b7laborar amb l&#8217;esdeveniment, aix\u00ed com la comunitat educativa, ja que els centres escolars locals i comarcals han sigut informats de la cita. A m\u00e9s de les maniobres d&#8217;excarceraci\u00f3, per a ells estar\u00e0 preparada la Galeria d&#8217;Entrenament del Consorci, un espai educatiu per a la inf\u00e0ncia.<\/p>\n\n\n\n<p class=\"wp-block-paragraph\">L&#8217;alcalde de l&#8217;Eliana ha indicat que \u201cper al nostre municipi \u00e9s un plaer acollir esta trobada, com ja vam fer en 2023 i realment \u00e9s molt important veure com actuen estos professionals. Els nostres ve\u00efns i ve\u00efnes tenen l&#8217;oportunitat de veure este treball que \u00e9s tan minuci\u00f3s i tan vital, i per aix\u00f2 quan ens ho van proposar apost\u00e0rem per a acollir este acte\u201d.<\/p>\n\n\n\n<p class=\"wp-block-paragraph\">A m\u00e9s de tots estos al\u00b7licients, les proves tindran car\u00e0cter classificatori per a seleccionar a l&#8217;equip que representar\u00e0 al Consorci de Val\u00e8ncia en el campionat nacional d&#8217;Espanya que se celebrar\u00e0 al maig a M\u00farcia. Per aix\u00f2, un jurat de APRAT, l&#8217;associaci\u00f3 que promou els campionats nacionals, supervisar\u00e0 i avaluar\u00e0 als participants valencians.&nbsp;<\/p>\n\n\n\n<p class=\"wp-block-paragraph\">Segons han destacat els organitzadors del Comit\u00e9 de Trobades d&#8217;Excarceraci\u00f3 del Consorci, \u201cs\u00f3n proves molt exigents amb una gran dificultat t\u00e8cnica en les quals cada equip participant haur\u00e0 de rescatar a dos v\u00edctimes de les quals es desconeix el seu estat, per la qual cosa la precisi\u00f3 ha de ser m\u00e0xima\u201d, afegint que \u201cper a aix\u00f2 ens preparem al llarg de tot l&#8217;any en les diferents activitats de formaci\u00f3 en excarceraci\u00f3 que tenim programades\u201d.&nbsp;<\/p>\n\n\n\n<p class=\"wp-block-paragraph\">El Consorci Provincial de Bombers de Val\u00e8ncia \u00e9s un referent en mat\u00e8ria d&#8217;excarceracions en rescat de tr\u00e0nsit, aconseguint diversos guardons en els campionats nacionals i havent obtingut el campionat mundial de 2022 de Luxemburg.<\/p>\n","protected":false},"excerpt":{"rendered":"<div class=\"mh-excerpt\">L&#8217;esdeveniment, el qual tindr\u00e0 lloc els dies 9 i 10 d&#8217;abril en la Pla\u00e7a Europa de l&#8217;Eliana, mostrar\u00e0 les maniobres que duen a terme els bombers en els rescats que es duen a terme en <a class=\"mh-excerpt-more\" href=\"https:\/\/tucomarca.whitekongsoftware.com\/ca\/17-equips-del-consorci-provincial-de-bombers-de-valencia-competiran-en-la-trobada-interna-dexcarceracio-en-leliana\/\" title=\"17 equips del Consorci Provincial de Bombers de Val\u00e8ncia competiran en la Trobada Interna d&#8217;Excarceraci\u00f3 en l\u2019Eliana\">[+] <\/a><\/div>\n","protected":false},"author":12,"featured_media":260685,"comment_status":"open","ping_status":"open","sticky":false,"template":"","format":"standard","meta":{"footnotes":""},"categories":[10892,10898,10948,10894,10904,10893,10903,10947,10896],"tags":[10899,12834,11993],"class_list":["post-260687","post","type-post","status-publish","format-standard","has-post-thumbnail","category-camp-de-turia-ca","category-ventana-ca","category-infraestructuras-ca","category-la-comarca-ca","category-sin-categorizar-ca","category-leliana-ca","category-medio-ambiente-la-comarca-ca","category-politica","category-seccion-ca","tag-camp-de-turia-ca","tag-consorcio-provincial-de-bomberos-de-valencia-ca","tag-eliana-ca"],"_links":{"self":[{"href":"https:\/\/tucomarca.whitekongsoftware.com\/ca\/wp-json\/wp\/v2\/posts\/260687","targetHints":{"allow":["GET"]}}],"collection":[{"href":"https:\/\/tucomarca.whitekongsoftware.com\/ca\/wp-json\/wp\/v2\/posts"}],"about":[{"href":"https:\/\/tucomarca.whitekongsoftware.com\/ca\/wp-json\/wp\/v2\/types\/post"}],"author":[{"embeddable":true,"href":"https:\/\/tucomarca.whitekongsoftware.com\/ca\/wp-json\/wp\/v2\/users\/12"}],"replies":[{"embeddable":true,"href":"https:\/\/tucomarca.whitekongsoftware.com\/ca\/wp-json\/wp\/v2\/comments?post=260687"}],"version-history":[{"count":0,"href":"https:\/\/tucomarca.whitekongsoftware.com\/ca\/wp-json\/wp\/v2\/posts\/260687\/revisions"}],"wp:featuredmedia":[{"embeddable":true,"href":"https:\/\/tucomarca.whitekongsoftware.com\/ca\/wp-json\/wp\/v2\/media\/260685"}],"wp:attachment":[{"href":"https:\/\/tucomarca.whitekongsoftware.com\/ca\/wp-json\/wp\/v2\/media?parent=260687"}],"wp:term":[{"taxonomy":"category","embeddable":true,"href":"https:\/\/tucomarca.whitekongsoftware.com\/ca\/wp-json\/wp\/v2\/categories?post=260687"},{"taxonomy":"post_tag","embeddable":true,"href":"https:\/\/tucomarca.whitekongsoftware.com\/ca\/wp-json\/wp\/v2\/tags?post=260687"}],"curies":[{"name":"wp","href":"https:\/\/api.w.org\/{rel}","templated":true}]}}