{"id":260595,"date":"2025-04-04T08:30:00","date_gmt":"2025-04-04T06:30:00","guid":{"rendered":"https:\/\/www.tucomarca.com\/wordpress\/segunda\/?p=260595"},"modified":"2025-04-04T15:19:07","modified_gmt":"2025-04-04T13:19:07","slug":"la-diputacio-de-valencia-promociona-la-provincia-en-la-fira-de-cicloturisme-de-bolonya","status":"publish","type":"post","link":"https:\/\/tucomarca.whitekongsoftware.com\/ca\/la-diputacio-de-valencia-promociona-la-provincia-en-la-fira-de-cicloturisme-de-bolonya\/","title":{"rendered":"La Diputaci\u00f3 de Val\u00e8ncia promociona la prov\u00edncia en la Fira de Cicloturisme de Bolonya"},"content":{"rendered":"\n<h3 class=\"wp-block-heading\">El diputat de Turisme i Esports, Pedro Cuesta, presenta l&#8217;oferta tur\u00edstica de Val\u00e8ncia a professionals, empreses i mitjans de comunicaci\u00f3 en un acte previ celebrat en l&#8217;hip\u00f2drom de la ciutat italiana, acompanyat del diputat de Bandes de M\u00fasica, Ricardo Gabald\u00f3n.<\/h3>\n\n\n\n<p class=\"wp-block-paragraph\">La Diputaci\u00f3 de Val\u00e8ncia, a trav\u00e9s de la seua marca tur\u00edstica Val\u00e8ncia Turisme, promociona la prov\u00edncia este cap de setmana a It\u00e0lia i, concretament, la pr\u00e0ctica del cicloturisme a la nostra prov\u00edncia, mitjan\u00e7ant la seua participaci\u00f3 en la Fira de Cicloturisme de Bolonya 2025, dins de l&#8217;estand de Turespa\u00f1a i juntament amb Turisme Comunitat Valenciana.<\/p>\n\n\n\n<p class=\"wp-block-paragraph\">La corporaci\u00f3 provincial donar\u00e0 a con\u00e9ixer durant el certamen, obert al p\u00fablic fins diumenge que ve, el seu Cat\u00e0leg de Cicloturisme a la prov\u00edncia de Val\u00e8ncia, que arreplega nombroses propostes i empreses especialitzades en esta pr\u00e0ctica tur\u00edstic-esportiva per a descobrir el territori valenci\u00e0. A m\u00e9s, complementar\u00e0 esta informaci\u00f3 amb la qual oferix el Cat\u00e0leg d&#8217;Experi\u00e8ncies Tur\u00edstiques, que conjumina tota l&#8217;oferta actual de turisme actiu, cultural i gastron\u00f2mic de la prov\u00edncia.&nbsp;<\/p>\n\n\n\n<figure class=\"wp-block-gallery has-nested-images columns-default is-cropped wp-block-gallery-1 is-layout-flex wp-block-gallery-is-layout-flex\">\n<figure class=\"wp-block-image size-large\"><img loading=\"lazy\" decoding=\"async\" width=\"1024\" height=\"683\" data-id=\"260588\" src=\"https:\/\/www.tucomarca.com\/wordpress\/segunda\/wp-content\/uploads\/2025\/04\/Turismo3-1024x683.jpg\" alt=\"\" class=\"wp-image-260588\" srcset=\"https:\/\/tucomarca.whitekongsoftware.com\/wp-content\/uploads\/2025\/04\/Turismo3-1024x683.jpg 1024w, https:\/\/tucomarca.whitekongsoftware.com\/wp-content\/uploads\/2025\/04\/Turismo3-300x200.jpg 300w, https:\/\/tucomarca.whitekongsoftware.com\/wp-content\/uploads\/2025\/04\/Turismo3-768x512.jpg 768w, https:\/\/tucomarca.whitekongsoftware.com\/wp-content\/uploads\/2025\/04\/Turismo3-1536x1024.jpg 1536w, https:\/\/tucomarca.whitekongsoftware.com\/wp-content\/uploads\/2025\/04\/Turismo3.jpg 1842w\" sizes=\"auto, (max-width: 1024px) 100vw, 1024px\" \/><\/figure>\n\n\n\n<figure class=\"wp-block-image size-large\"><img loading=\"lazy\" decoding=\"async\" width=\"1024\" height=\"683\" data-id=\"260590\" src=\"https:\/\/www.tucomarca.com\/wordpress\/segunda\/wp-content\/uploads\/2025\/04\/Turismo6-1024x683.jpg\" alt=\"\" class=\"wp-image-260590\" srcset=\"https:\/\/tucomarca.whitekongsoftware.com\/wp-content\/uploads\/2025\/04\/Turismo6-1024x683.jpg 1024w, https:\/\/tucomarca.whitekongsoftware.com\/wp-content\/uploads\/2025\/04\/Turismo6-300x200.jpg 300w, https:\/\/tucomarca.whitekongsoftware.com\/wp-content\/uploads\/2025\/04\/Turismo6-768x512.jpg 768w, https:\/\/tucomarca.whitekongsoftware.com\/wp-content\/uploads\/2025\/04\/Turismo6-1536x1024.jpg 1536w, https:\/\/tucomarca.whitekongsoftware.com\/wp-content\/uploads\/2025\/04\/Turismo6.jpg 2048w\" sizes=\"auto, (max-width: 1024px) 100vw, 1024px\" \/><\/figure>\n<\/figure>\n\n\n\n<p class=\"wp-block-paragraph\">El diputat de Turisme i Esports, Pedro Cuesta, ha visitat la fira al costat del diputat de Bandes de M\u00fasica de la Diputaci\u00f3, Ricardo Gabald\u00f3n, i ha destacat que \u201cla pr\u00e0ctica del cicloturisme ha crescut significativament a la prov\u00edncia de Val\u00e8ncia durant els \u00faltims anys, consolidant-se com un recurs complementari a altres activitats relacionades amb el turisme actiu, cultural o gastron\u00f2mic, la qual cosa contribu\u00efx tamb\u00e9 a la desestacionalitzaci\u00f3 del turisme en el nostre territori\u201d. \u201cA m\u00e9s, la nostra pres\u00e8ncia en este certamen refor\u00e7a el posicionament de la prov\u00edncia de Val\u00e8ncia com a dest\u00ed de refer\u00e8ncia per al turisme actiu i la mobilitat sostenible\u201d, ha afegit.<\/p>\n\n\n\n<p class=\"wp-block-paragraph\">Entre les propostes de la Diputaci\u00f3 de Val\u00e8ncia en este certamen -que presenta tamb\u00e9 durant la seua participaci\u00f3 en el workshop de la fira- es troben, entre altres, diverses travessies amb bicicleta de muntanya per l&#8217;Alt T\u00faria, experi\u00e8ncies amb bici el\u00e8ctrica per enclavaments com Bocairent, bike tours per la Serra de Mariola i propostes per a viure tant l&#8217;Albufera de Val\u00e8ncia com la pr\u00f2pia ciutat en dos rodes.<\/p>\n\n\n\n<p class=\"wp-block-paragraph\"><strong>Presentaci\u00f3 de dest\u00ed i intercanvi cultural<\/strong><\/p>\n\n\n\n<p class=\"wp-block-paragraph\">La pres\u00e8ncia de la Diputaci\u00f3 de Val\u00e8ncia a Bolonya s&#8217;ha complementat amb la presentaci\u00f3 de la prov\u00edncia com a destinaci\u00f3 tur\u00edstica de la m\u00e0 del diputat de Turisme en l&#8217;Hip\u00f2drom de Bolonya, en un acte organitzat per Val\u00e8ncia Turisme, que ha comptat amb la pres\u00e8ncia de nombrosos professionals, empreses i mitjans de comunicaci\u00f3 italians especialitzats en viatges i activitat tur\u00edstic-cultural, i en el qual tamb\u00e9 ha participat el diputat de Bandes de M\u00fasica de la corporaci\u00f3 provincial, Ricardo Gabald\u00f3n.<\/p>\n\n\n\n<p class=\"wp-block-paragraph\">\u201cL&#8217;esdeveniment ha servit per a celebrar la connexi\u00f3 entre Val\u00e8ncia i Bolonya, entre altres aspectes, per la m\u00fasica\u201d, segons ha manifestat Ricardo Gabald\u00f3n, amfitri\u00f3 de l&#8217;intercanvi cultural entre les dos regions.&nbsp;<\/p>\n\n\n\n<p class=\"wp-block-paragraph\">Per part seua, Pedro Cuesta ha incidit en este aspecte en explicar que \u201cBolonya aposta per la m\u00fasica i per a Val\u00e8ncia \u00e9s part de la seua ess\u00e8ncia cultural, ja que tots els municipis de la seua prov\u00edncia compten amb societats musicals i membres de totes les edats units per l&#8217;amor a la m\u00fasica, la qual cosa ha donat lloc, fins i tot, a l&#8217;obtenci\u00f3 de reconeixements internacionals com el de la ciutat de Ll\u00edria com a Ciutat Creativa de la Unesco\u201d.<\/p>\n\n\n\n<p class=\"wp-block-paragraph\">En finalitzar l&#8217;esdeveniment, els assistents han pogut con\u00e9ixer de primera rage part de la gastronomia valenciana amb la degustaci\u00f3 d&#8217;oli, embotits i vins d&#8217;Utiel, en una mostra conjunta de gastronomia utielana i italiana.<\/p>\n","protected":false},"excerpt":{"rendered":"<div class=\"mh-excerpt\">El diputat de Turisme i Esports, Pedro Cuesta, presenta l&#8217;oferta tur\u00edstica de Val\u00e8ncia a professionals, empreses i mitjans de comunicaci\u00f3 en un acte previ celebrat en l&#8217;hip\u00f2drom de la ciutat italiana, acompanyat del diputat de <a class=\"mh-excerpt-more\" href=\"https:\/\/tucomarca.whitekongsoftware.com\/ca\/la-diputacio-de-valencia-promociona-la-provincia-en-la-fira-de-cicloturisme-de-bolonya\/\" title=\"La Diputaci\u00f3 de Val\u00e8ncia promociona la prov\u00edncia en la Fira de Cicloturisme de Bolonya\">[+] <\/a><\/div>\n","protected":false},"author":12,"featured_media":260594,"comment_status":"open","ping_status":"open","sticky":false,"template":"","format":"gallery","meta":{"footnotes":""},"categories":[10894,10904,11007,10947,10896],"tags":[22112,11246,20742,19427,11404],"class_list":["post-260595","post","type-post","status-publish","format-gallery","has-post-thumbnail","category-la-comarca-ca","category-sin-categorizar-ca","category-ocio-y-cultura-ca","category-politica","category-seccion-ca","tag-catalogo-de-experiencias-turisticas-ca","tag-diputacio-de-valencia-ca","tag-pedro-cuesta-ca","tag-ricardo-gabaldon-ca","tag-valencia-turisme-ca","post_format-post-format-gallery"],"_links":{"self":[{"href":"https:\/\/tucomarca.whitekongsoftware.com\/ca\/wp-json\/wp\/v2\/posts\/260595","targetHints":{"allow":["GET"]}}],"collection":[{"href":"https:\/\/tucomarca.whitekongsoftware.com\/ca\/wp-json\/wp\/v2\/posts"}],"about":[{"href":"https:\/\/tucomarca.whitekongsoftware.com\/ca\/wp-json\/wp\/v2\/types\/post"}],"author":[{"embeddable":true,"href":"https:\/\/tucomarca.whitekongsoftware.com\/ca\/wp-json\/wp\/v2\/users\/12"}],"replies":[{"embeddable":true,"href":"https:\/\/tucomarca.whitekongsoftware.com\/ca\/wp-json\/wp\/v2\/comments?post=260595"}],"version-history":[{"count":0,"href":"https:\/\/tucomarca.whitekongsoftware.com\/ca\/wp-json\/wp\/v2\/posts\/260595\/revisions"}],"wp:featuredmedia":[{"embeddable":true,"href":"https:\/\/tucomarca.whitekongsoftware.com\/ca\/wp-json\/wp\/v2\/media\/260594"}],"wp:attachment":[{"href":"https:\/\/tucomarca.whitekongsoftware.com\/ca\/wp-json\/wp\/v2\/media?parent=260595"}],"wp:term":[{"taxonomy":"category","embeddable":true,"href":"https:\/\/tucomarca.whitekongsoftware.com\/ca\/wp-json\/wp\/v2\/categories?post=260595"},{"taxonomy":"post_tag","embeddable":true,"href":"https:\/\/tucomarca.whitekongsoftware.com\/ca\/wp-json\/wp\/v2\/tags?post=260595"}],"curies":[{"name":"wp","href":"https:\/\/api.w.org\/{rel}","templated":true}]}}