{"id":260508,"date":"2025-04-03T11:55:00","date_gmt":"2025-04-03T09:55:00","guid":{"rendered":"https:\/\/www.tucomarca.com\/wordpress\/segunda\/?p=260508"},"modified":"2025-04-04T15:50:38","modified_gmt":"2025-04-04T13:50:38","slug":"lartistica-de-bunyol-celebra-el-lxxii-aniversari-del-teatre-montecarlo-amb-el-concert-del-cor-orfeos-i-del-de-lescola-de-musica-i-dansa-luis-ayllon","status":"publish","type":"post","link":"https:\/\/tucomarca.whitekongsoftware.com\/ca\/lartistica-de-bunyol-celebra-el-lxxii-aniversari-del-teatre-montecarlo-amb-el-concert-del-cor-orfeos-i-del-de-lescola-de-musica-i-dansa-luis-ayllon\/","title":{"rendered":"\u00abL&#8217;Art\u00edstica\u00bb de Bunyol celebra el LXXII Aniversari del Teatre Montecarlo amb el concert del Cor OrFeos i del de l&#8217;Escola de M\u00fasica i Dansa &#8216;Luis Ayll\u00f3n&#8217;"},"content":{"rendered":"\n<p class=\"wp-block-paragraph\">La Societat Musical \u201cL&#8217;Art\u00edstica\u201d de Bunyol ha organitzat un concert especial per a commemorar el LXXII aniversari de la inauguraci\u00f3 del Teatre Montecarlo. Aquest esdeveniment se celebrar\u00e0 el diumenge 6 d&#8217;abril a les 19.00 h en el Sal\u00f3 d&#8217;Assajos &#8220;Enrique Garc\u00eda Asensio&#8221;.<\/p>\n\n\n<div class=\"wp-block-image\">\n<figure class=\"alignleft size-large is-resized\"><img loading=\"lazy\" decoding=\"async\" width=\"640\" height=\"1024\" src=\"https:\/\/www.tucomarca.com\/wordpress\/segunda\/wp-content\/uploads\/2025\/04\/OrFeos-640x1024.jpg\" alt=\"\" class=\"wp-image-260505\" style=\"width:322px;height:auto\" srcset=\"https:\/\/tucomarca.whitekongsoftware.com\/wp-content\/uploads\/2025\/04\/OrFeos-640x1024.jpg 640w, https:\/\/tucomarca.whitekongsoftware.com\/wp-content\/uploads\/2025\/04\/OrFeos-188x300.jpg 188w, https:\/\/tucomarca.whitekongsoftware.com\/wp-content\/uploads\/2025\/04\/OrFeos-768x1229.jpg 768w, https:\/\/tucomarca.whitekongsoftware.com\/wp-content\/uploads\/2025\/04\/OrFeos.jpg 900w\" sizes=\"auto, (max-width: 640px) 100vw, 640px\" \/><\/figure>\n<\/div>\n\n\n<p class=\"wp-block-paragraph\">El concert comptar\u00e0 amb la participaci\u00f3 del Cor OrFeos i el Cor de l&#8217;Escola de M\u00fasica i Dansa &#8216;Luis Ayll\u00f3n&#8217;, tots dos sota la direcci\u00f3 de Jos\u00e9 Ram\u00f3n Peinado. S&#8217;espera que el repertori musical reta homenatge a la hist\u00f2ria de l&#8217;emblem\u00e0tic teatre i regruix la import\u00e0ncia de la m\u00fasica coral en la localitat.<\/p>\n\n\n\n<p class=\"wp-block-paragraph\">Aquest concert forma part dels actes commemoratius que la societat musical ha preparat per a celebrar m\u00e9s de set d\u00e8cades d&#8217;hist\u00f2ria del Teatre Montecarlo, un espai cultural fonamental per a Bunyol.<\/p>\n","protected":false},"excerpt":{"rendered":"<div class=\"mh-excerpt\">La Societat Musical \u201cL&#8217;Art\u00edstica\u201d de Bunyol ha organitzat un concert especial per a commemorar el LXXII aniversari de la inauguraci\u00f3 del Teatre Montecarlo. Aquest esdeveniment se celebrar\u00e0 el diumenge 6 d&#8217;abril a les 19.00 h <a class=\"mh-excerpt-more\" href=\"https:\/\/tucomarca.whitekongsoftware.com\/ca\/lartistica-de-bunyol-celebra-el-lxxii-aniversari-del-teatre-montecarlo-amb-el-concert-del-cor-orfeos-i-del-de-lescola-de-musica-i-dansa-luis-ayllon\/\" title=\"\u00abL&#8217;Art\u00edstica\u00bb de Bunyol celebra el LXXII Aniversari del Teatre Montecarlo amb el concert del Cor OrFeos i del de l&#8217;Escola de M\u00fasica i Dansa &#8216;Luis Ayll\u00f3n&#8217;\">[+] <\/a><\/div>\n","protected":false},"author":12,"featured_media":260506,"comment_status":"open","ping_status":"open","sticky":false,"template":"","format":"standard","meta":{"footnotes":""},"categories":[11019,10911,11005,10894,10912,10896],"tags":[10913,22106,10914,11154],"class_list":["post-260508","post","type-post","status-publish","format-standard","has-post-thumbnail","category-agenda-ca","category-bunol-ca","category-canal-musica","category-la-comarca-ca","category-la-hoya-ca","category-seccion-ca","tag-bunol-ca","tag-coro-orfeos-ca","tag-la-hoya-de-bunol-chiva-ca","tag-sm-la-artistica-de-bunol-ca"],"_links":{"self":[{"href":"https:\/\/tucomarca.whitekongsoftware.com\/ca\/wp-json\/wp\/v2\/posts\/260508","targetHints":{"allow":["GET"]}}],"collection":[{"href":"https:\/\/tucomarca.whitekongsoftware.com\/ca\/wp-json\/wp\/v2\/posts"}],"about":[{"href":"https:\/\/tucomarca.whitekongsoftware.com\/ca\/wp-json\/wp\/v2\/types\/post"}],"author":[{"embeddable":true,"href":"https:\/\/tucomarca.whitekongsoftware.com\/ca\/wp-json\/wp\/v2\/users\/12"}],"replies":[{"embeddable":true,"href":"https:\/\/tucomarca.whitekongsoftware.com\/ca\/wp-json\/wp\/v2\/comments?post=260508"}],"version-history":[{"count":0,"href":"https:\/\/tucomarca.whitekongsoftware.com\/ca\/wp-json\/wp\/v2\/posts\/260508\/revisions"}],"wp:featuredmedia":[{"embeddable":true,"href":"https:\/\/tucomarca.whitekongsoftware.com\/ca\/wp-json\/wp\/v2\/media\/260506"}],"wp:attachment":[{"href":"https:\/\/tucomarca.whitekongsoftware.com\/ca\/wp-json\/wp\/v2\/media?parent=260508"}],"wp:term":[{"taxonomy":"category","embeddable":true,"href":"https:\/\/tucomarca.whitekongsoftware.com\/ca\/wp-json\/wp\/v2\/categories?post=260508"},{"taxonomy":"post_tag","embeddable":true,"href":"https:\/\/tucomarca.whitekongsoftware.com\/ca\/wp-json\/wp\/v2\/tags?post=260508"}],"curies":[{"name":"wp","href":"https:\/\/api.w.org\/{rel}","templated":true}]}}