{"id":260412,"date":"2025-04-03T08:00:00","date_gmt":"2025-04-03T06:00:00","guid":{"rendered":"https:\/\/www.tucomarca.com\/wordpress\/segunda\/?p=260412"},"modified":"2025-04-03T20:36:59","modified_gmt":"2025-04-03T18:36:59","slug":"la-comissio-davaluacio-del-ivc-proposa-a-luis-gosalbez-paya-com-a-director-adjunt-daudiovisuals-i-a-beatriz-traver-badenes-com-a-directora-adjunta-de-musica-i-cultura-popular","status":"publish","type":"post","link":"https:\/\/tucomarca.whitekongsoftware.com\/ca\/la-comissio-davaluacio-del-ivc-proposa-a-luis-gosalbez-paya-com-a-director-adjunt-daudiovisuals-i-a-beatriz-traver-badenes-com-a-directora-adjunta-de-musica-i-cultura-popular\/","title":{"rendered":"La Comissi\u00f3 d&#8217;Avaluaci\u00f3 del IVC proposa a Luis Gos\u00e1lbez Pay\u00e1 com a director adjunt d&#8217;Audiovisuals i a Beatriz Traver Badenes com a directora adjunta de M\u00fasica i Cultura Popular"},"content":{"rendered":"\n<h3 class=\"wp-block-heading\">Traver,\u00a0llicenciada en Hist\u00f2ria de l&#8217;Art i Hist\u00f2ria i Ci\u00e8ncies de la M\u00fasica,\u00a0compta amb una s\u00f2lida formaci\u00f3 especialitzada en gesti\u00f3 cultural, que inclou postgraus en organitzaci\u00f3 d&#8217;esdeveniments musicals.\u00a0<\/h3>\n\n\n\n<h3 class=\"wp-block-heading\">Gos\u00e1lbez t\u00e9\u00a0una extensa traject\u00f2ria vinculada al sector audiovisual valenci\u00e0 i des de l&#8217;any 2000\u00a0 \u00e9s gerent de l&#8217;associaci\u00f3 Productors Audiovisuals Valencians.<\/h3>\n\n\n\n<p class=\"wp-block-paragraph\">La Comissi\u00f3 d&#8217;Avaluaci\u00f3 del Institut Valenci\u00e0 de Cultura (IVC), una vegada finalitzat el proc\u00e9s de selecci\u00f3 de candidats, ha proposat el nomenament de Beatriz Traver Badenes i Luis Gos\u00e1lbez Pay\u00e1 com a directors adjunts de M\u00fasica i Cultura Popular Valenciana i Audiovisuals i Cinematografia, respectivament.&nbsp;<\/p>\n\n\n\n<p class=\"wp-block-paragraph\">La Comissi\u00f3 d&#8217;Avaluaci\u00f3 del IVC va concloure aquest dimecres amb les entrevistes personals, \u00faltima fase del proc\u00e9s de selecci\u00f3, al qual havien accedit tres aspirants a la direcci\u00f3 adjunta d&#8217;Audiovisuals i Cinematografia i cinc candidats a la direcci\u00f3 de M\u00fasica i Cultura Popular Valenciana.&nbsp;<\/p>\n\n\n\n<p class=\"wp-block-paragraph\">La Conselleria d&#8217;Educaci\u00f3, Cultura, Universitats i Ocupaci\u00f3 proposar\u00e0 els nomenaments al Consell per a la seua aprovaci\u00f3, despr\u00e9s de rebre aquesta proposta de la Comissi\u00f3 d&#8217;avaluaci\u00f3 de candidatures.<\/p>\n\n\n\n<p class=\"wp-block-paragraph\">Amb la seua proposta, la Comissi\u00f3 ha complit amb la base novena de la Resoluci\u00f3 de 19 de febrer de 2025 del president del Institut Valenci\u00e0 de Cultura, per la qual es dona publicitat a les bases del procediment per a la selecci\u00f3 de les direccions adjuntes de M\u00fasica i Cultura Popular Valenciana i d&#8217;Audiovisuals i Cinematografia del Institut Valenci\u00e0 de Cultura (IVC), publicada en el Diari Oficial de la Generalitat (DOGV) i amb la qual va arrancar el proc\u00e9s per a cobrir els llocs vacants de l&#8217;organisme p\u00fablic.<\/p>\n\n\n\n<p class=\"wp-block-paragraph\">Al proc\u00e9s es van presentar en total 11 candidatures per a la Direcci\u00f3 Adjunta d&#8217;Audiovisuals i Cinematografia i 15 candidatures per a la Direcci\u00f3 Adjunta de M\u00fasica i Cultura Popular Valenciana. Cal recordar que tots els aspirants van participar en la primera fase, que suposava un 60% de la puntuaci\u00f3, i d&#8217;ells van passar a la fase d&#8217;entrevistes, que suposava un 40%, tres candidats d&#8217;Audiovisuals i cinc de M\u00fasica.&nbsp;<\/p>\n\n\n\n<p class=\"wp-block-paragraph\">Els criteris de valoraci\u00f3 seguits han sigut, entre altres, la solv\u00e8ncia acad\u00e8mica, professional, t\u00e8cnica, cient\u00edfica o art\u00edstica; l&#8217;experi\u00e8ncia en l&#8217;acompliment de llocs de responsabilitat en la gesti\u00f3 p\u00fablica o privada relacionada amb la disciplina corresponent a la direcci\u00f3 adjunta a la qual s&#8217;optara; la capacitat de lideratge per a planificar, implementar i revisar estrat\u00e8gies, pol\u00edtiques i programes que facen possible aconseguir per part del IVC la seua missi\u00f3 i objectius; la capacitat de comunicaci\u00f3 i negociaci\u00f3; la formaci\u00f3 en igualtat de g\u00e8nere; i el coneixement d&#8217;idiomes, especialment dels cooficials de la Comunitat Valenciana.<\/p>\n\n\n\n<p class=\"wp-block-paragraph\"><strong>Direcci\u00f3 adjunta de M\u00fasica i Cultura Popular Valenciana<\/strong><\/p>\n\n\n\n<p class=\"wp-block-paragraph\">Beatriz Traver Badenes ha sigut proposada com a directora adjunta de M\u00fasica i Cultura Popular Valenciana. Llicenciada en Hist\u00f2ria de l&#8217;Art i Hist\u00f2ria i Ci\u00e8ncies de la M\u00fasica, compta amb una s\u00f2lida formaci\u00f3 especialitzada en gesti\u00f3 cultural, que inclou postgraus en organitzaci\u00f3 d&#8217;esdeveniments musicals, cultura visual i gesti\u00f3 empresarial de la m\u00fasica.<\/p>\n\n\n\n<p class=\"wp-block-paragraph\">Amb una traject\u00f2ria professional \u00e0mplia i diversa, ha treballat en la producci\u00f3 i direcci\u00f3 de destacats festivals com el Festival Internacional de M\u00fasica de Cambra de Godella i el Festival de M\u00fasica Antiga de Granada, aix\u00ed com en projectes al costat d&#8217;artistes de renom com Pablo Heras-Casado o Joan Enric Lluna. Ha col\u00b7laborat amb el Institut Valenci\u00e0 de Cultura i actualment presideix l&#8217;associaci\u00f3 Amics de l\u2019\u00d2pera i dels Arts. El seu perfil combina experi\u00e8ncia en gesti\u00f3, producci\u00f3, programaci\u00f3 i comunicaci\u00f3 en l&#8217;\u00e0mbit musical, amb una especial sensibilitat cap al patrimoni sonor i la cultura popular.<\/p>\n\n\n\n<p class=\"wp-block-paragraph\"><strong>Direcci\u00f3 adjunta d&#8217;Audiovisuals i Cinematografia<\/strong><\/p>\n\n\n\n<p class=\"wp-block-paragraph\">Luis Gos\u00e1lbez Pay\u00e1 ha sigut proposat com a director adjunt d&#8217;Audiovisuals i Cinematografia. Llicenciat en Dret per la Universitat Complutense de Madrid, compta amb una extensa traject\u00f2ria vinculada al sector audiovisual valenci\u00e0. Des de l&#8217;any 2000 exerceix com a gerent de l&#8217;associaci\u00f3 Productors Audiovisuals Valencians (PAV). Aix\u00ed mateix, \u00e9s president de la Federaci\u00f3 Empreses Audiovisuals Valencianes Federades (EAVF) i ha sigut coordinador de l&#8217;Associaci\u00f3 Patronal d&#8217;Empreses de Serveis Audiovisuals Valencianes (AESAV), organitzacions des de les quals ha impulsat pol\u00edtiques de foment, professionalitzaci\u00f3 i internacionalitzaci\u00f3 de l&#8217;audiovisual en la Comunitat Valenciana.<\/p>\n\n\n\n<p class=\"wp-block-paragraph\">Al llarg de la seua carrera ha participat en l&#8217;elaboraci\u00f3 de normatives sectorials, ha col\u00b7laborat amb institucions com el IVAC, el IVC i \u00c0 Punt, i ha gestionat programes d&#8217;ajudes, formaci\u00f3 i promoci\u00f3 exterior. \u00c9s a m\u00e9s fundador i primer secretari de l&#8217;Acad\u00e8mia Valenciana de l&#8217;Audiovisual (AVAV) i ha format part de l&#8217;organitzaci\u00f3 dels Premis de l&#8217;Audiovisual Valenci\u00e0 des de la seua creaci\u00f3.<\/p>\n","protected":false},"excerpt":{"rendered":"<div class=\"mh-excerpt\">Traver,\u00a0llicenciada en Hist\u00f2ria de l&#8217;Art i Hist\u00f2ria i Ci\u00e8ncies de la M\u00fasica,\u00a0compta amb una s\u00f2lida formaci\u00f3 especialitzada en gesti\u00f3 cultural, que inclou postgraus en organitzaci\u00f3 d&#8217;esdeveniments musicals.\u00a0 Gos\u00e1lbez t\u00e9\u00a0una extensa traject\u00f2ria vinculada al sector audiovisual <a class=\"mh-excerpt-more\" href=\"https:\/\/tucomarca.whitekongsoftware.com\/ca\/la-comissio-davaluacio-del-ivc-proposa-a-luis-gosalbez-paya-com-a-director-adjunt-daudiovisuals-i-a-beatriz-traver-badenes-com-a-directora-adjunta-de-musica-i-cultura-popular\/\" title=\"La Comissi\u00f3 d&#8217;Avaluaci\u00f3 del IVC proposa a Luis Gos\u00e1lbez Pay\u00e1 com a director adjunt d&#8217;Audiovisuals i a Beatriz Traver Badenes com a directora adjunta de M\u00fasica i Cultura Popular\">[+] <\/a><\/div>\n","protected":false},"author":13,"featured_media":260410,"comment_status":"open","ping_status":"open","sticky":false,"template":"","format":"standard","meta":{"footnotes":""},"categories":[10898,10904,11007,10896],"tags":[13274,17761,11199,15856],"class_list":["post-260412","post","type-post","status-publish","format-standard","has-post-thumbnail","category-ventana-ca","category-sin-categorizar-ca","category-ocio-y-cultura-ca","category-seccion-ca","tag-institut-valencia-de-cultura-ca","tag-ivc-ca","tag-la-comunitat-ca","tag-ocio-y-cultura-ca"],"_links":{"self":[{"href":"https:\/\/tucomarca.whitekongsoftware.com\/ca\/wp-json\/wp\/v2\/posts\/260412","targetHints":{"allow":["GET"]}}],"collection":[{"href":"https:\/\/tucomarca.whitekongsoftware.com\/ca\/wp-json\/wp\/v2\/posts"}],"about":[{"href":"https:\/\/tucomarca.whitekongsoftware.com\/ca\/wp-json\/wp\/v2\/types\/post"}],"author":[{"embeddable":true,"href":"https:\/\/tucomarca.whitekongsoftware.com\/ca\/wp-json\/wp\/v2\/users\/13"}],"replies":[{"embeddable":true,"href":"https:\/\/tucomarca.whitekongsoftware.com\/ca\/wp-json\/wp\/v2\/comments?post=260412"}],"version-history":[{"count":0,"href":"https:\/\/tucomarca.whitekongsoftware.com\/ca\/wp-json\/wp\/v2\/posts\/260412\/revisions"}],"wp:featuredmedia":[{"embeddable":true,"href":"https:\/\/tucomarca.whitekongsoftware.com\/ca\/wp-json\/wp\/v2\/media\/260410"}],"wp:attachment":[{"href":"https:\/\/tucomarca.whitekongsoftware.com\/ca\/wp-json\/wp\/v2\/media?parent=260412"}],"wp:term":[{"taxonomy":"category","embeddable":true,"href":"https:\/\/tucomarca.whitekongsoftware.com\/ca\/wp-json\/wp\/v2\/categories?post=260412"},{"taxonomy":"post_tag","embeddable":true,"href":"https:\/\/tucomarca.whitekongsoftware.com\/ca\/wp-json\/wp\/v2\/tags?post=260412"}],"curies":[{"name":"wp","href":"https:\/\/api.w.org\/{rel}","templated":true}]}}