{"id":260284,"date":"2025-04-03T19:00:00","date_gmt":"2025-04-03T17:00:00","guid":{"rendered":"https:\/\/www.tucomarca.com\/wordpress\/segunda\/?p=260284"},"modified":"2025-04-03T20:44:12","modified_gmt":"2025-04-03T18:44:12","slug":"les-denominacions-dorigen-lamenten-els-aranzels-dels-estats-units-i-demanen-dialeg-per-a-protegir-el-sector-del-vi","status":"publish","type":"post","link":"https:\/\/tucomarca.whitekongsoftware.com\/ca\/les-denominacions-dorigen-lamenten-els-aranzels-dels-estats-units-i-demanen-dialeg-per-a-protegir-el-sector-del-vi\/","title":{"rendered":"Les Denominacions d&#8217;Origen lamenten els aranzels dels Estats Units i demanen di\u00e0leg per a protegir el sector del vi"},"content":{"rendered":"\n<h3 class=\"wp-block-heading\">EFOW i CECRV, les organitzacions representatives de les denominacions d&#8217;origen de vi a nivell europeu i a nivell nacional, respectivament, lamenten profundament la decisi\u00f3 dels Estats Units d&#8217;imposar un aranzel duaner addicional del 20% als vins europeus. La mesura suposa un important rev\u00e9s per al sector vitivin\u00edcola de la UE i del nostre pa\u00eds, que posa en risc un dels seus principals mercats d&#8217;exportaci\u00f3 en termes de valor i de volum.\u00a0<\/h3>\n\n\n\n<p class=\"wp-block-paragraph\">La European Federation of Origin Wines (EFOW), l&#8217;organitzaci\u00f3 que representa a les denominacions d&#8217;origen europees davant les institucions de la UE, i la Confer\u00e8ncia Espanyola de Consells Reguladors Vitivin\u00edcoles (CECRV), que representa a les DDOO de vi a nivell nacional, manifesten la seua profunda preocupaci\u00f3 pels aranzels del 20% anunciats pel president dels Estats Units als productes importats de la Uni\u00f3 Europea, incloent-hi el vi. Segons el parer de les denominacions d&#8217;origen, aquests aranzels s\u00f3n una p\u00e8ssima not\u00edcia per a les economies de la Uni\u00f3 Europea i del propi pa\u00eds nord-americ\u00e0, aix\u00ed com per a sectors amb vocaci\u00f3 exportadora com el vi. I no sols perqu\u00e8 afecten a un dels principals destins dels vins europeus i espanyols (els Estats Units est\u00e0 entre les tres primeres destinacions de les denominacions d&#8217;origen espanyoles que m\u00e9s vi venen fora del nostre pa\u00eds), sin\u00f3 perqu\u00e8 suposa una ruptura de les regles del comer\u00e7 internacional de les quals el m\u00f3n ha gaudit en les \u00faltimes d\u00e8cades i per l&#8217;escalada de mesures i contramesures que aix\u00f2 poden comportar i que far\u00e0 que les economies nacionals tendisquen a protegir-se m\u00e9s i, per tant, a imposar m\u00e9s barreres al comer\u00e7. &nbsp;<\/p>\n\n\n\n<p class=\"wp-block-paragraph\">Les denominacions d&#8217;origen destaquen que aquests aranzels arribarien, a m\u00e9s, en un context ja dif\u00edcil per al sector vitivin\u00edcola, que s&#8217;enfronta a una disminuci\u00f3 del consum i a una baixada de comercialitzaci\u00f3 en mercats exteriors en els \u00faltims anys, la qual cosa ha fet que la compet\u00e8ncia en aquests siga cada vegada m\u00e9s forta. Per tot aix\u00f2, aquestes mesures amenacen amb tindre greus conseq\u00fc\u00e8ncies econ\u00f2miques per a moltes regions vitivin\u00edcoles europees i del nostre pa\u00eds. Per al vi espanyol, el mercat estatunidenc suposa aproximadament unes vendes anuals pr\u00f2ximes als 400 milions d&#8217;euros. El nord-americ\u00e0 \u00e9s un mercat molt dif\u00edcil de substituir en el curt i mitj\u00e0 termini, tant en volum, com en valor. I les vendes que es perden als Estats Units no faran sin\u00f3 augmentar la compet\u00e8ncia en altres mercats, reduint al seu torn la quota de mercat dels nostres cellers en altres destins. Aix\u00ed mateix, eixos aranzels comportaran un augment de la inflaci\u00f3 a banda i banda de l&#8217;Atl\u00e0ntic, la qual cosa redunda en p\u00e8rdua de poder adquisitiu dels consumidors i d&#8217;ingressos per a les empreses. El que est\u00e0 en joc \u00e9s la p\u00e8rdua d&#8217;ocupacions en zones rurals, la paralitzaci\u00f3 d&#8217;inversions, el tancament d&#8217;empreses i, en definitiva, un mal significatiu a les economies rurals i als seus habitants.&nbsp;<\/p>\n\n\n\n<p class=\"wp-block-paragraph\">A m\u00e9s, no es pot subestimar la urg\u00e8ncia de la situaci\u00f3, at\u00e9s que moltes importacions de vins europeus i espanyols ja estan suspeses, despr\u00e9s de la crida que va realitzar fa uns dies la US Wine Trade Alliance (USWTA), que representa als importadors, majoristes, minoristes, restaurants i productors estatunidencs, aconsellant als seus membres que detinguen les seues compres de vins europeus fins que s&#8217;aclarisca la situaci\u00f3 aranzel\u00e0ria.&nbsp;<\/p>\n\n\n\n<p class=\"wp-block-paragraph\">EFOW i CECRV insisteixen que aquest desenvolupament posa en relleu la necessitat crucial d&#8217;un comprom\u00eds diplom\u00e0tic immediat i consideren que \u00e9s imperatiu continuar el di\u00e0leg amb la finalitat de protegir el sector del vi i negociar una soluci\u00f3 sostenible en el temps.&nbsp; Per a les organitzacions representatives del sector el vi, l&#8217;augment dels aranzels no \u00e9s la soluci\u00f3. Per aix\u00f2, demanen a la Comissi\u00f3 Europea que redoble esfor\u00e7os per a buscar una negociaci\u00f3 amb l&#8217;Administraci\u00f3 estatunidenca, que garantisca un acord just i sostenible per al sector. Referent a aix\u00f2, tant EFOW com CECRV advoquen per un acord de de 0 aranzels a banda i banda per a de l&#8217;Atl\u00e0ntic per a vins i begudes espirituoses, tant europeus com americans, com una soluci\u00f3 constructiva i amb visi\u00f3 de futur. La preservaci\u00f3 de la sostenibilitat econ\u00f2mica, l&#8217;ocupaci\u00f3 i el patrimoni cultural de les regions vitivin\u00edcoles d&#8217;Europa i del nostre pa\u00eds han de ser tingudes en compte per part de les autoritats comunit\u00e0ries en aquestes negociacions.<\/p>\n","protected":false},"excerpt":{"rendered":"<div class=\"mh-excerpt\">EFOW i CECRV, les organitzacions representatives de les denominacions d&#8217;origen de vi a nivell europeu i a nivell nacional, respectivament, lamenten profundament la decisi\u00f3 dels Estats Units d&#8217;imposar un aranzel duaner addicional del 20% als <a class=\"mh-excerpt-more\" href=\"https:\/\/tucomarca.whitekongsoftware.com\/ca\/les-denominacions-dorigen-lamenten-els-aranzels-dels-estats-units-i-demanen-dialeg-per-a-protegir-el-sector-del-vi\/\" title=\"Les Denominacions d&#8217;Origen lamenten els aranzels dels Estats Units i demanen di\u00e0leg per a protegir el sector del vi\">[+] <\/a><\/div>\n","protected":false},"author":13,"featured_media":193026,"comment_status":"open","ping_status":"open","sticky":false,"template":"","format":"standard","meta":{"footnotes":""},"categories":[10905,11006,10898,10948,10894,10904,10947,10896],"tags":[21075,11199,15856],"class_list":["post-260284","post","type-post","status-publish","format-standard","has-post-thumbnail","category-agricultura-la-comarca-ca","category-canal-vinos","category-ventana-ca","category-infraestructuras-ca","category-la-comarca-ca","category-sin-categorizar-ca","category-politica","category-seccion-ca","tag-canal-vinos-ca","tag-la-comunitat-ca","tag-ocio-y-cultura-ca"],"_links":{"self":[{"href":"https:\/\/tucomarca.whitekongsoftware.com\/ca\/wp-json\/wp\/v2\/posts\/260284","targetHints":{"allow":["GET"]}}],"collection":[{"href":"https:\/\/tucomarca.whitekongsoftware.com\/ca\/wp-json\/wp\/v2\/posts"}],"about":[{"href":"https:\/\/tucomarca.whitekongsoftware.com\/ca\/wp-json\/wp\/v2\/types\/post"}],"author":[{"embeddable":true,"href":"https:\/\/tucomarca.whitekongsoftware.com\/ca\/wp-json\/wp\/v2\/users\/13"}],"replies":[{"embeddable":true,"href":"https:\/\/tucomarca.whitekongsoftware.com\/ca\/wp-json\/wp\/v2\/comments?post=260284"}],"version-history":[{"count":0,"href":"https:\/\/tucomarca.whitekongsoftware.com\/ca\/wp-json\/wp\/v2\/posts\/260284\/revisions"}],"wp:featuredmedia":[{"embeddable":true,"href":"https:\/\/tucomarca.whitekongsoftware.com\/ca\/wp-json\/wp\/v2\/media\/193026"}],"wp:attachment":[{"href":"https:\/\/tucomarca.whitekongsoftware.com\/ca\/wp-json\/wp\/v2\/media?parent=260284"}],"wp:term":[{"taxonomy":"category","embeddable":true,"href":"https:\/\/tucomarca.whitekongsoftware.com\/ca\/wp-json\/wp\/v2\/categories?post=260284"},{"taxonomy":"post_tag","embeddable":true,"href":"https:\/\/tucomarca.whitekongsoftware.com\/ca\/wp-json\/wp\/v2\/tags?post=260284"}],"curies":[{"name":"wp","href":"https:\/\/api.w.org\/{rel}","templated":true}]}}