{"id":260166,"date":"2025-04-02T13:00:00","date_gmt":"2025-04-02T12:00:00","guid":{"rendered":"https:\/\/www.tucomarca.com\/wordpress\/segunda\/?p=260166"},"modified":"2025-04-02T13:00:54","modified_gmt":"2025-04-02T12:00:54","slug":"mazon-els-contribuents-valencians-sestalviaran-2565-milions-deuros-gracies-a-la-politica-fiscal-del-consell-per-a-les-rendes-mitjanes-i-baixes","status":"publish","type":"post","link":"https:\/\/tucomarca.whitekongsoftware.com\/ca\/mazon-els-contribuents-valencians-sestalviaran-2565-milions-deuros-gracies-a-la-politica-fiscal-del-consell-per-a-les-rendes-mitjanes-i-baixes\/","title":{"rendered":"Maz\u00f3n: \u201cEls contribuents valencians s&#8217;estalviaran 256,5 milions d&#8217;euros gr\u00e0cies a la pol\u00edtica fiscal del Consell per a les rendes mitjanes i baixes\u201d"},"content":{"rendered":"\n<h3 class=\"wp-block-heading\">Ressalta que \u201cavancem en una reforma fiscal justa i equitativa dissenyada per a baixar impostos als quals m\u00e9s ho necessiten, incentivar l&#8217;economia i millorar els serveis socials mentre augmenta un 7,8% la recaptaci\u00f3 tribut\u00e0ria\u201d.<\/h3>\n\n\n\n<h3 class=\"wp-block-heading\">Indica que per segon any els contribuents es podran beneficiar, en el tram auton\u00f2mic de l&#8217;IRPF, de les deduccions del Consell per despesa vinculats a la salut o la pr\u00e0ctica esportiva que han afavorit a 424.000 persones amb un estalvi de 50 milions d&#8217;euros<br>Assenyala que \u201cgr\u00e0cies a totes les deduccions auton\u00f2miques que tenen a veure nom\u00e9s amb la renda de 2024 es preveu que 750.000 contribuents de la Comunitat Valenciana deixaran de pagar 217 milions d&#8217;euros\u201d.<\/h3>\n\n\n\n<h3 class=\"wp-block-heading\">Subratlla que el damnificats per les riuades es podran estalviar fins a 32 milions d&#8217;euros en l&#8217;IRPF gr\u00e0cies a les deduccions posades en marxa \u201cper a ajudar-los en la recuperaci\u00f3\u201d.<\/h3>\n\n\n\n<h3 class=\"wp-block-heading\">Exigeix al Govern d&#8217;Espanya \u201cmesures d&#8217;alleujament fiscal per als afectats\u201d com l&#8217;IVA 0 per al canvi de vehicle i l&#8217;ampliaci\u00f3 de l&#8217;exempci\u00f3 de l&#8217;Impost sobre B\u00e9ns immobles i de l&#8217;Impost sobre Activitats Econ\u00f2miques en 2025.<\/h3>\n\n\n\n<h3 class=\"wp-block-heading\">Remarca que la Llei d&#8217;Acompanyament als Pressupostos de 2025 inclou noves deduccions en l&#8217;IRPF per naixement, adopci\u00f3 i acolliment de xiquets, l&#8217;eliminaci\u00f3 de taxes al sector pesquer i la reducci\u00f3 del 60% del ITP per a parcel\u00b7les agr\u00e0ries, entre altres.<\/h3>\n\n\n\n<p class=\"wp-block-paragraph\">El president de la Generalitat, Carlos Maz\u00f3n, ha ressaltat que \u201cels contribuents valencians s&#8217;estalviaran 256,5 milions d&#8217;euros gr\u00e0cies a la pol\u00edtica fiscal iniciada pel Consell del canvi per a les rendes mitjanes i baixes\u201d.<\/p>\n\n\n\n<p class=\"wp-block-paragraph\">Maz\u00f3n ha reiterat el comprom\u00eds per avan\u00e7ar en una reforma tribut\u00e0ria \u201cjusta, equitativa, efica\u00e7 i eficient que incentive l&#8217;economia i millore els serveis socials\u201d, al mateix temps que ha ressaltat que \u201cs&#8217;ha demostrat que baixar impostos als quals m\u00e9s el necessiten funciona\u201d.&nbsp;<\/p>\n\n\n\n<p class=\"wp-block-paragraph\">En aquest sentit, ha indicat que \u201cla recaptaci\u00f3 ha augmentat un 7,8% respecte a l&#8217;exercici anterior i fruit d&#8217;aquestes mesures l&#8217;Ag\u00e8ncia Tribut\u00e0ria Valenciana (ATV) va ingressar en 2024 un total de 2.541 milions d&#8217;euros\u201d.<\/p>\n\n\n\n<p class=\"wp-block-paragraph\">El president s&#8217;ha manifestat d&#8217;aquesta manera durant la presentaci\u00f3 de la Campanya de la Renda 2024, al costat de la consellera d&#8217;Hisenda i Economia, Ruth Merino, on ha recordat que aquest exercici \u00e9s \u201cel primer complet despr\u00e9s de la reforma fiscal iniciada pel Consell\u201d.&nbsp;<\/p>\n\n\n\n<p class=\"wp-block-paragraph\">D&#8217;aquesta manera, en aquesta campanya els contribuents de la Comunitat Valenciana es beneficiaran per segon any consecutiu de les deduccions fiscals sociosanit\u00e0ries del Govern del canvi en el tram auton\u00f2mic de l&#8217;IRPF per despeses vinculades a la salut o la pr\u00e0ctica esportiva, entre altres, que ha afavorit a 424.000 persones que \u201cque s&#8217;han estalviat m\u00e9s de 50 milions d&#8217;euros\u201d.<\/p>\n\n\n\n<p class=\"wp-block-paragraph\">De fet, el president ha assegurat que en conjunt &#8220;gr\u00e0cies a totes les deduccions auton\u00f2miques que tenen a veure nom\u00e9s amb la renda de 2024 es preveu que 750.000 contribuents de la Comunitat Valenciana deixaran de pagar 217 milions d&#8217;euros\u201d.&nbsp;<\/p>\n\n\n\n<p class=\"wp-block-paragraph\">Al marge de l&#8217;IRPF, Maz\u00f3n ha recordat que el Consell tamb\u00e9 ha eliminat l&#8217;Impost de Donacions i Successions, la rebaixa de tipus en l&#8217;Impost de Transmissions Patrimonials (ITP) per a facilitar l&#8217;acc\u00e9s a l&#8217;habitatge a joves i col\u00b7lectius vulnerables que han beneficiat a m\u00e9s de 21.000 persones, i l&#8217;eliminaci\u00f3 de la taxa tur\u00edstica.&nbsp;<\/p>\n\n\n\n<p class=\"wp-block-paragraph\">Aix\u00ed mateix, ha apuntat la derogaci\u00f3 de l&#8217;increment de 0,25 punts de l&#8217;Impost de Patrimoni i l&#8217;anul\u00b7laci\u00f3 dels nous impostos previstos per a aquest 2025 per l&#8217;anterior Consell que gravaven als vehicles de tracci\u00f3 mec\u00e0nica, l&#8217;emissi\u00f3 de gasos d&#8217;efecte d&#8217;hivernacle d&#8217;activitats i a grans establiments comercials.<\/p>\n\n\n\n<p class=\"wp-block-paragraph\"><strong>Deduccions en el tram auton\u00f2mic de l&#8217;IRPF per a persones damnificades<\/strong><\/p>\n\n\n\n<p class=\"wp-block-paragraph\">El cap del Consell tamb\u00e9 ha posat en valor les deduccions en el tram auton\u00f2mic de l&#8217;IRPF per als afectats per les riuades que s&#8217;estalviaran segons les estimacions \u201cfins a 32 milions d&#8217;euros\u201d.&nbsp;<\/p>\n\n\n\n<p class=\"wp-block-paragraph\">Entre les mesures fiscals a les quals es poden acollir les persones damnificades, destaca la deducci\u00f3 auton\u00f2mica per destinar quantitats a pal\u00b7liar els danys materials sobre l&#8217;habitatge habitual derivats del temporal, que aconsegueix el 100% d&#8217;aquestes despeses de reparaci\u00f3 fins a un m\u00e0xim de 2.000 euros, aplicable en els per\u00edodes impositius acabats en 2024 i 2025.<\/p>\n\n\n\n<p class=\"wp-block-paragraph\">Aix\u00ed mateix, es podran aplicar una deducci\u00f3 en la quota \u00edntegra auton\u00f2mica del 45% sobre les quantitats invertides en la subscripci\u00f3 i desemborsament d&#8217;accions o participacions socials a conseq\u00fc\u00e8ncia d&#8217;acords de constituci\u00f3 o d&#8217;ampliaci\u00f3 de capital de determinades entitats, amb el l\u00edmit de 9.900 euros.<\/p>\n\n\n\n<p class=\"wp-block-paragraph\"><strong>Fiscalitat 0 per a les persones afectades<\/strong><\/p>\n\n\n\n<p class=\"wp-block-paragraph\">Durant la seua intervenci\u00f3, Maz\u00f3n ha destacat el suport del Consell als damnificats aplicant una fiscalitat zero en els impostos sobre els que la Generalitat t\u00e9 compet\u00e8ncia normativa i tenen a veure amb la recuperaci\u00f3 de les persones i de les empreses despr\u00e9s de la riuada.<\/p>\n\n\n\n<p class=\"wp-block-paragraph\">En contraposici\u00f3, cal assenyalar que la conselleria d&#8217;Hisenda i Economia s&#8217;ha dirigit al Govern d&#8217;Espanya en reiterades ocasions perqu\u00e8 deixe exemptes de tributaci\u00f3 les ajudes de la Generalitat a aut\u00f2noms i pimes damnificats per les inundacions perqu\u00e8 \u00e9s l&#8217;\u00fanic que t\u00e9 capacitat normativa per a fer-ho.<\/p>\n\n\n\n<p class=\"wp-block-paragraph\">En aquest sentit, el president ha criticat la \u201cvoracitat fiscal amb els afectats per les riuades\u201d del Govern central i ha indicat que \u201cles pimes i aut\u00f2noms que hagen rebut ajudes de la Generalitat han de saber que, quan facen la seua declaraci\u00f3 de la renda a partir de les pr\u00f2ximes setmanes, qui els cobra impostos pels diners rebuts per a reconstruir els seus negocis \u00e9s el Govern central\u201d.&nbsp;<\/p>\n\n\n\n<p class=\"wp-block-paragraph\">A m\u00e9s, ha exigit al Govern d&#8217;Espanya \u201cmesures d&#8217;alleujament\u201d per als afectats per les riuades, entre elles \u201cl&#8217;IVA 0 per al canvi de vehicle i l&#8217;ampliaci\u00f3 de l&#8217;exempci\u00f3 de l&#8217;Impost sobre B\u00e9ns immobles i de l&#8217;Impost sobre Activitats Econ\u00f2mica en 2025.<\/p>\n\n\n\n<p class=\"wp-block-paragraph\">Carlos Maz\u00f3n ha destacat el suport del Consell al teixit empresarial d&#8217;aquestes zones amb &#8220;cr\u00e8dits de l&#8217;Institut Valenci\u00e0 de Finances (IVF) sense interessos i mancances de tres anys el que suposar\u00e0 un estalvi en costos financers de 65 milions d&#8217;euros\u201d, mentre l&#8217;Executiu central \u201cfa caixa amb els pr\u00e9stecs ICO que ha habilitat pels que els afectats pagaran prop de 900 milions d&#8217;euros d&#8217;interessos\u201d.<\/p>\n\n\n\n<p class=\"wp-block-paragraph\"><strong>M\u00e9s baixades d&#8217;impostos per a 2025<\/strong><\/p>\n\n\n\n<p class=\"wp-block-paragraph\">Durant la seua intervenci\u00f3, el president ha reiterat el comprom\u00eds del Consell per una pol\u00edtica fiscal \u201cque mantinga els serveis p\u00fablics de qualitat mitjan\u00e7ant m\u00e9s ingressos gr\u00e0cies a l&#8217;est\u00edmul de l&#8217;economia\u201d, al mateix temps que ha indicat que \u201cen 2025 seguirem per aquesta senda per a generar confian\u00e7a, prosperitat, credibilitat i estabilitat\u201d.<\/p>\n\n\n\n<p class=\"wp-block-paragraph\">El m\u00e0xim representant de l&#8217;Executiu valenci\u00e0 ha apostat per un r\u00e8gim fiscal \u201cracional i estimulador perqu\u00e8 el nostre territori continue sent un dest\u00ed atractiu, estable i segur per a la inversi\u00f3 i el creixement pese a l&#8217;injust model de finan\u00e7ament auton\u00f2mic que no continua castigant\u201d.<\/p>\n\n\n\n<p class=\"wp-block-paragraph\">D&#8217;aquesta manera, Maz\u00f3n ha explicat que la Llei d&#8217;Acompanyament dels Pressupostos de la Generalitat per a 2025 inclour\u00e0 mesures com \u201cla reducci\u00f3 d&#8217;un 60% del ITP que passar\u00e0 del 10 al 4% i Actes Jur\u00eddics Documentats per a parcel\u00b7les agr\u00e0ries, l&#8217;eliminaci\u00f3 de taxes que graven al sector pesquer i el manteniment de la congelaci\u00f3 del c\u00e0non d&#8217;aigua vigent des de 2024\u201d.<\/p>\n\n\n\n<p class=\"wp-block-paragraph\">Aix\u00ed mateix, s&#8217;inclouen altres baixades d&#8217;impostos que permetran \u201cduplicar i fins a triplicar les deduccions en l&#8217;IRPF per naixements, adopcions i acolliment per a la Renda 2025, la bonificaci\u00f3 del 50% de l&#8217;impost per a Actes Jur\u00eddics Documentats per als Projectes d&#8217;Inter\u00e9s Auton\u00f2mic i la flexibilitzaci\u00f3 dels requisits fiscals per a ampliar els municipis considerats despoblats\u201d.<\/p>\n\n\n\n<p class=\"wp-block-paragraph\"><strong>Novetats campanya renda 2024<\/strong><\/p>\n\n\n\n<p class=\"wp-block-paragraph\">La presentaci\u00f3 per internet de la Renda 2024 arranca el 2 d&#8217;abril i s&#8217;estendr\u00e0 fins al 30 de juny. Per a accedir al servei presencial ser\u00e0 imprescindible concertar pr\u00e8viament una cita, tr\u00e0mit disponible des del 29 de maig fins al 27 de juny mitjan\u00e7ant els mateixos canals habilitats per a l&#8217;atenci\u00f3 telef\u00f2nica.<\/p>\n\n\n\n<p class=\"wp-block-paragraph\">A partir del 2 de juny i fins al 30 del mateix mes, la ATV posar\u00e0 en marxa 68 punts d&#8217;atenci\u00f3 per als contribuents entre els quals s&#8217;inclou un addicional a Paiporta.<\/p>\n\n\n\n<p class=\"wp-block-paragraph\">A m\u00e9s, com a novetats generals de la campanya cal destacar, entre altres, el pagament mitjan\u00e7ant bizum i targetes banc\u00e0ries; ampliaci\u00f3 de la reducci\u00f3 per rendiments del treball; augment del m\u00ednim exempt per a declarar; modificacions en les reduccions per lloguer d&#8217;habitatge; deduccions per obres d&#8217;efici\u00e8ncia energ\u00e8tica; deducci\u00f3 per adquisici\u00f3 vehicles el\u00e8ctrics; actualitzaci\u00f3 de dietes per despeses despla\u00e7ament; i pr\u00f2rroga sistema m\u00f2duls per a aut\u00f2noms<\/p>\n\n\n\n<p class=\"wp-block-paragraph\">Tota la informaci\u00f3 sobre la campanya est\u00e0 disponible en la web oficial de la ATV: atv.gva.es.<\/p>\n\n\n\n<figure class=\"wp-block-image size-large\"><img loading=\"lazy\" decoding=\"async\" width=\"1024\" height=\"694\" src=\"http:\/\/www.tucomarca.com\/wordpress\/segunda\/wp-content\/uploads\/2025\/04\/MazonRenta2-1024x694.jpg\" alt=\"\" class=\"wp-image-260159\" srcset=\"https:\/\/tucomarca.whitekongsoftware.com\/wp-content\/uploads\/2025\/04\/MazonRenta2-1024x694.jpg 1024w, https:\/\/tucomarca.whitekongsoftware.com\/wp-content\/uploads\/2025\/04\/MazonRenta2-300x203.jpg 300w, https:\/\/tucomarca.whitekongsoftware.com\/wp-content\/uploads\/2025\/04\/MazonRenta2-768x521.jpg 768w, https:\/\/tucomarca.whitekongsoftware.com\/wp-content\/uploads\/2025\/04\/MazonRenta2-1536x1041.jpg 1536w, https:\/\/tucomarca.whitekongsoftware.com\/wp-content\/uploads\/2025\/04\/MazonRenta2-2048x1388.jpg 2048w\" sizes=\"auto, (max-width: 1024px) 100vw, 1024px\" \/><\/figure>\n","protected":false},"excerpt":{"rendered":"<div class=\"mh-excerpt\">Ressalta que \u201cavancem en una reforma fiscal justa i equitativa dissenyada per a baixar impostos als quals m\u00e9s ho necessiten, incentivar l&#8217;economia i millorar els serveis socials mentre augmenta un 7,8% la recaptaci\u00f3 tribut\u00e0ria\u201d. Indica <a class=\"mh-excerpt-more\" href=\"https:\/\/tucomarca.whitekongsoftware.com\/ca\/mazon-els-contribuents-valencians-sestalviaran-2565-milions-deuros-gracies-a-la-politica-fiscal-del-consell-per-a-les-rendes-mitjanes-i-baixes\/\" title=\"Maz\u00f3n: \u201cEls contribuents valencians s&#8217;estalviaran 256,5 milions d&#8217;euros gr\u00e0cies a la pol\u00edtica fiscal del Consell per a les rendes mitjanes i baixes\u201d\">[+] <\/a><\/div>\n","protected":false},"author":1,"featured_media":260158,"comment_status":"open","ping_status":"open","sticky":false,"template":"","format":"standard","meta":{"footnotes":""},"categories":[21466,10898,10948,10894,10904,10903,10947,10896,10897],"tags":[18807,12683,11498,11199,22092],"class_list":["post-260166","post","type-post","status-publish","format-standard","has-post-thumbnail","category-dana-ca","category-ventana-ca","category-infraestructuras-ca","category-la-comarca-ca","category-sin-categorizar-ca","category-medio-ambiente-la-comarca-ca","category-politica","category-seccion-ca","category-sucesos-la-comarca-ca","tag-carlos-mazon-ca","tag-consell-ca","tag-generalitat-valenciana-ca","tag-la-comunitat-ca","tag-renta-ca"],"_links":{"self":[{"href":"https:\/\/tucomarca.whitekongsoftware.com\/ca\/wp-json\/wp\/v2\/posts\/260166","targetHints":{"allow":["GET"]}}],"collection":[{"href":"https:\/\/tucomarca.whitekongsoftware.com\/ca\/wp-json\/wp\/v2\/posts"}],"about":[{"href":"https:\/\/tucomarca.whitekongsoftware.com\/ca\/wp-json\/wp\/v2\/types\/post"}],"author":[{"embeddable":true,"href":"https:\/\/tucomarca.whitekongsoftware.com\/ca\/wp-json\/wp\/v2\/users\/1"}],"replies":[{"embeddable":true,"href":"https:\/\/tucomarca.whitekongsoftware.com\/ca\/wp-json\/wp\/v2\/comments?post=260166"}],"version-history":[{"count":0,"href":"https:\/\/tucomarca.whitekongsoftware.com\/ca\/wp-json\/wp\/v2\/posts\/260166\/revisions"}],"wp:featuredmedia":[{"embeddable":true,"href":"https:\/\/tucomarca.whitekongsoftware.com\/ca\/wp-json\/wp\/v2\/media\/260158"}],"wp:attachment":[{"href":"https:\/\/tucomarca.whitekongsoftware.com\/ca\/wp-json\/wp\/v2\/media?parent=260166"}],"wp:term":[{"taxonomy":"category","embeddable":true,"href":"https:\/\/tucomarca.whitekongsoftware.com\/ca\/wp-json\/wp\/v2\/categories?post=260166"},{"taxonomy":"post_tag","embeddable":true,"href":"https:\/\/tucomarca.whitekongsoftware.com\/ca\/wp-json\/wp\/v2\/tags?post=260166"}],"curies":[{"name":"wp","href":"https:\/\/api.w.org\/{rel}","templated":true}]}}