{"id":260051,"date":"2025-04-01T09:10:00","date_gmt":"2025-04-01T08:10:00","guid":{"rendered":"https:\/\/www.tucomarca.com\/wordpress\/segunda\/?p=260051"},"modified":"2025-04-01T18:04:55","modified_gmt":"2025-04-01T17:04:55","slug":"joves-dentre-12-i-19-anys-comparteixen-les-seues-propostes-amb-lajuntament-de-xest-durant-la-celebracio-del-forum-jove","status":"publish","type":"post","link":"https:\/\/tucomarca.whitekongsoftware.com\/ca\/joves-dentre-12-i-19-anys-comparteixen-les-seues-propostes-amb-lajuntament-de-xest-durant-la-celebracio-del-forum-jove\/","title":{"rendered":"Joves d&#8217;entre 12 i 19 anys comparteixen les seues propostes amb l&#8217;Ajuntament de Xest durant la celebraci\u00f3 del F\u00f2rum Jove"},"content":{"rendered":"\n<p class=\"wp-block-paragraph\">El sal\u00f3 de plens de l&#8217;Ajuntament va acollir la celebraci\u00f3 del F\u00f2rum Jove de Xest, una activitat participativa organitzada en el marc de l&#8217;elaboraci\u00f3 del Pla de Joventut municipal que es va realitzar aquest passat dissabte, 29 de mar\u00e7. Aquest projecte estrat\u00e8gic contemplar\u00e0 la programaci\u00f3 d&#8217;activitats destinades a la joventut i la creaci\u00f3 de serveis espec\u00edfics en funci\u00f3 de les necessitats recaptades.<\/p>\n\n\n\n<p class=\"wp-block-paragraph\">Per a donar inici al F\u00f2rum, el regidor de Joventut, \u00d3scar Gald\u00f3n, va donar la benvinguda als prop de 30 participants d&#8217;entre 12 i 19 anys. \u201cSom ac\u00ed per a escoltar-vos i per a tindre en compte les vostres propostes, gr\u00e0cies per vindre a aquest acte tan important\u201d, apuntava Gald\u00f3n.<\/p>\n\n\n\n<p class=\"wp-block-paragraph\">L&#8217;activitat, dinamitzada per la t\u00e8cnica de Joventut, Sandra Sebasti\u00e1, va comen\u00e7ar amb la creaci\u00f3 de grups de 5-6 joves per a escriure idees d&#8217;una tem\u00e0tica proposta sota la premissa de con\u00e9ixer com els agradaria que fora eixe \u00e0rea al seu poble. Els espais per a la joventut, la informaci\u00f3 juvenil o la participaci\u00f3 social van ser algunes de les q\u00fcestions abordades. \u201cEls temes que us proposem han sorgit de les enquestes pr\u00e8vies realitzades i ara es tracta de concretar un poc m\u00e9s, de fer plantejaments m\u00e9s realistes. Totes aquestes idees que isquen hui s&#8217;inclouran en el Pla de Joventut; aix\u00f2 \u00e9s el mateix que fa un grup d&#8217;amics per a organitzar un sopar, per\u00f2 a gran escala, l&#8217;ha de fer un Ajuntament amb un poble sencer, penseu que a Xest sou 1.800 joves\u201d, explicava Sebasti\u00e1.<\/p>\n\n\n\n<figure class=\"wp-block-gallery has-nested-images columns-2 is-cropped wp-block-gallery-1 is-layout-flex wp-block-gallery-is-layout-flex\">\n<figure class=\"wp-block-image size-large\"><img loading=\"lazy\" decoding=\"async\" width=\"1024\" height=\"682\" data-id=\"260036\" src=\"https:\/\/www.tucomarca.com\/wordpress\/segunda\/wp-content\/uploads\/2025\/04\/ChesteForoJoven1-1024x682.jpg\" alt=\"\" class=\"wp-image-260036\" srcset=\"https:\/\/tucomarca.whitekongsoftware.com\/wp-content\/uploads\/2025\/04\/ChesteForoJoven1-1024x682.jpg 1024w, https:\/\/tucomarca.whitekongsoftware.com\/wp-content\/uploads\/2025\/04\/ChesteForoJoven1-300x200.jpg 300w, https:\/\/tucomarca.whitekongsoftware.com\/wp-content\/uploads\/2025\/04\/ChesteForoJoven1-768x512.jpg 768w, https:\/\/tucomarca.whitekongsoftware.com\/wp-content\/uploads\/2025\/04\/ChesteForoJoven1.jpg 1181w\" sizes=\"auto, (max-width: 1024px) 100vw, 1024px\" \/><\/figure>\n\n\n\n<figure class=\"wp-block-image size-large\"><img loading=\"lazy\" decoding=\"async\" width=\"1024\" height=\"682\" data-id=\"260047\" src=\"https:\/\/www.tucomarca.com\/wordpress\/segunda\/wp-content\/uploads\/2025\/04\/ChesteForoJoven5-1024x682.jpg\" alt=\"\" class=\"wp-image-260047\" srcset=\"https:\/\/tucomarca.whitekongsoftware.com\/wp-content\/uploads\/2025\/04\/ChesteForoJoven5-1024x682.jpg 1024w, https:\/\/tucomarca.whitekongsoftware.com\/wp-content\/uploads\/2025\/04\/ChesteForoJoven5-300x200.jpg 300w, https:\/\/tucomarca.whitekongsoftware.com\/wp-content\/uploads\/2025\/04\/ChesteForoJoven5-768x512.jpg 768w, https:\/\/tucomarca.whitekongsoftware.com\/wp-content\/uploads\/2025\/04\/ChesteForoJoven5.jpg 1181w\" sizes=\"auto, (max-width: 1024px) 100vw, 1024px\" \/><\/figure>\n\n\n\n<figure class=\"wp-block-image size-large\"><img loading=\"lazy\" decoding=\"async\" width=\"1024\" height=\"682\" data-id=\"260038\" src=\"https:\/\/www.tucomarca.com\/wordpress\/segunda\/wp-content\/uploads\/2025\/04\/ChesteForoJoven2-1024x682.jpg\" alt=\"\" class=\"wp-image-260038\" srcset=\"https:\/\/tucomarca.whitekongsoftware.com\/wp-content\/uploads\/2025\/04\/ChesteForoJoven2-1024x682.jpg 1024w, https:\/\/tucomarca.whitekongsoftware.com\/wp-content\/uploads\/2025\/04\/ChesteForoJoven2-300x200.jpg 300w, https:\/\/tucomarca.whitekongsoftware.com\/wp-content\/uploads\/2025\/04\/ChesteForoJoven2-768x512.jpg 768w, https:\/\/tucomarca.whitekongsoftware.com\/wp-content\/uploads\/2025\/04\/ChesteForoJoven2.jpg 1181w\" sizes=\"auto, (max-width: 1024px) 100vw, 1024px\" \/><\/figure>\n\n\n\n<figure class=\"wp-block-image size-large\"><img loading=\"lazy\" decoding=\"async\" width=\"1024\" height=\"683\" data-id=\"260042\" src=\"https:\/\/www.tucomarca.com\/wordpress\/segunda\/wp-content\/uploads\/2025\/04\/ChesteForoJoven4-1024x683.jpg\" alt=\"\" class=\"wp-image-260042\" srcset=\"https:\/\/tucomarca.whitekongsoftware.com\/wp-content\/uploads\/2025\/04\/ChesteForoJoven4-1024x683.jpg 1024w, https:\/\/tucomarca.whitekongsoftware.com\/wp-content\/uploads\/2025\/04\/ChesteForoJoven4-300x200.jpg 300w, https:\/\/tucomarca.whitekongsoftware.com\/wp-content\/uploads\/2025\/04\/ChesteForoJoven4-768x512.jpg 768w, https:\/\/tucomarca.whitekongsoftware.com\/wp-content\/uploads\/2025\/04\/ChesteForoJoven4.jpg 1181w\" sizes=\"auto, (max-width: 1024px) 100vw, 1024px\" \/><\/figure>\n<\/figure>\n\n\n\n<p class=\"wp-block-paragraph\">La din\u00e0mica va finalitzar amb la presentaci\u00f3 de les propostes per cada grup a la resta de participants, en la qual tots i totes van poder expressar a nivell individual si li agradava la idea, amb una targeta verda; si estaven d&#8217;acord per\u00f2 volien matisar-la, amb una targeta taronja; o si, per contra, no veien viable la iniciativa, amb una targeta roja. Com a resultat d&#8217;aquest espai de co-creaci\u00f3 de propostes van eixir idees com la programaci\u00f3 de cinema, per\u00f2 elegint els t\u00edtols per votaci\u00f3; sopars per a joves, activitats de relaxaci\u00f3 al parc de La Lomiquia o la creaci\u00f3 de grups de Whatsapp amb tots els delegats dels&nbsp; col\u00b7legis, entre altres.<\/p>\n\n\n\n<p class=\"wp-block-paragraph\">A aquesta \u00faltima part es van unir el regidor de Joventut i l&#8217;alcalde, Jos\u00e9 Morell, qui van escoltar els i les joves, van prendre nota i els van donar un primer feedback sobre la viabilitat i l&#8217;encaix de les propostes en l&#8217;\u00e0mbit de la gesti\u00f3 municipal. \u201cS&#8217;est\u00e0 fent un gran esfor\u00e7 des de la Regidoria de Joventut perqu\u00e8 volem que cresquen els serveis i activitats per als joves de Xest. El resultat de les enquestes, entrevistes i din\u00e0miques com aquesta tindr\u00e0 com a resultat una programaci\u00f3 d&#8217;activitats d&#8217;oci alternatiu, donarem resposta a les necessitats d&#8217;assessorament i tamb\u00e9 crearem un espai jove que ser\u00e0 el lloc per a la realitzaci\u00f3 de la majoria de les activitats\u201d, explicava l&#8217;alcalde.<\/p>\n\n\n\n<p class=\"wp-block-paragraph\">El f\u00f2rum va comptar amb un berenar i amb una Scape Room posterior titulada \u201cPersonalitat M\u00faltiple. Evita els pr\u00f2xims crims\u201d, en la qual els i les participants van haver de respondre a una s\u00e8rie d&#8217;enigmes de manera col\u00b7laborativa per a poder resoldre el cas plantejat.<\/p>\n\n\n\n<p class=\"wp-block-paragraph\">\u201cLa intenci\u00f3 de hui era crear un ambient c\u00f2mode i divertit, pr\u00f2xim, en el qual els joves se sentiren a gust per a opinar amb llibertat, fent-los veure que les seues aportacions s\u00f3n realment importants. Crec que hem generat una experi\u00e8ncia positiva que podran compartir amb la resta dels seus companys i amics\u201d, apuntava Sebasti\u00e1 com a conclusi\u00f3.<\/p>\n","protected":false},"excerpt":{"rendered":"<div class=\"mh-excerpt\">El sal\u00f3 de plens de l&#8217;Ajuntament va acollir la celebraci\u00f3 del F\u00f2rum Jove de Xest, una activitat participativa organitzada en el marc de l&#8217;elaboraci\u00f3 del Pla de Joventut municipal que es va realitzar aquest passat <a class=\"mh-excerpt-more\" href=\"https:\/\/tucomarca.whitekongsoftware.com\/ca\/joves-dentre-12-i-19-anys-comparteixen-les-seues-propostes-amb-lajuntament-de-xest-durant-la-celebracio-del-forum-jove\/\" title=\"Joves d&#8217;entre 12 i 19 anys comparteixen les seues propostes amb l&#8217;Ajuntament de Xest durant la celebraci\u00f3 del F\u00f2rum Jove\">[+] <\/a><\/div>\n","protected":false},"author":12,"featured_media":260041,"comment_status":"open","ping_status":"open","sticky":false,"template":"","format":"gallery","meta":{"footnotes":""},"categories":[10894,10912,11007,10896,10974],"tags":[11071,19456,10914],"class_list":["post-260051","post","type-post","status-publish","format-gallery","has-post-thumbnail","category-la-comarca-ca","category-la-hoya-ca","category-ocio-y-cultura-ca","category-seccion-ca","category-cheste-ca","tag-cheste","tag-foro-joven-ca","tag-la-hoya-de-bunol-chiva-ca","post_format-post-format-gallery"],"_links":{"self":[{"href":"https:\/\/tucomarca.whitekongsoftware.com\/ca\/wp-json\/wp\/v2\/posts\/260051","targetHints":{"allow":["GET"]}}],"collection":[{"href":"https:\/\/tucomarca.whitekongsoftware.com\/ca\/wp-json\/wp\/v2\/posts"}],"about":[{"href":"https:\/\/tucomarca.whitekongsoftware.com\/ca\/wp-json\/wp\/v2\/types\/post"}],"author":[{"embeddable":true,"href":"https:\/\/tucomarca.whitekongsoftware.com\/ca\/wp-json\/wp\/v2\/users\/12"}],"replies":[{"embeddable":true,"href":"https:\/\/tucomarca.whitekongsoftware.com\/ca\/wp-json\/wp\/v2\/comments?post=260051"}],"version-history":[{"count":0,"href":"https:\/\/tucomarca.whitekongsoftware.com\/ca\/wp-json\/wp\/v2\/posts\/260051\/revisions"}],"wp:featuredmedia":[{"embeddable":true,"href":"https:\/\/tucomarca.whitekongsoftware.com\/ca\/wp-json\/wp\/v2\/media\/260041"}],"wp:attachment":[{"href":"https:\/\/tucomarca.whitekongsoftware.com\/ca\/wp-json\/wp\/v2\/media?parent=260051"}],"wp:term":[{"taxonomy":"category","embeddable":true,"href":"https:\/\/tucomarca.whitekongsoftware.com\/ca\/wp-json\/wp\/v2\/categories?post=260051"},{"taxonomy":"post_tag","embeddable":true,"href":"https:\/\/tucomarca.whitekongsoftware.com\/ca\/wp-json\/wp\/v2\/tags?post=260051"}],"curies":[{"name":"wp","href":"https:\/\/api.w.org\/{rel}","templated":true}]}}