{"id":260016,"date":"2025-04-01T09:45:00","date_gmt":"2025-04-01T08:45:00","guid":{"rendered":"https:\/\/www.tucomarca.com\/wordpress\/segunda\/?p=260016"},"modified":"2025-04-01T18:00:30","modified_gmt":"2025-04-01T17:00:30","slug":"el-teatre-principal-de-valencia-es-rendix-a-pep-gimeno-botifarra-amb-el-seu-concert-les-veus-secretes","status":"publish","type":"post","link":"https:\/\/tucomarca.whitekongsoftware.com\/ca\/el-teatre-principal-de-valencia-es-rendix-a-pep-gimeno-botifarra-amb-el-seu-concert-les-veus-secretes\/","title":{"rendered":"El Teatre Principal de Val\u00e8ncia es rendix a Pep Gimeno &#8216;Botifarra&#8217; amb el seu concert &#8216;Les veus secretes\u2019"},"content":{"rendered":"\n<h3 class=\"wp-block-heading\">La gira impulsada per l&#8217;\u00e0rea d&#8217;Igualtat de la Diputaci\u00f3 de Val\u00e8ncia destinar\u00e0 la recaptaci\u00f3 a entitats culturals afectades per la DANA.<\/h3>\n\n\n\n<h3 class=\"wp-block-heading\">La vicepresidenta Nat\u00e0lia Enguix destaca que amb este projecte \u201chem recuperat i donat veu a la mem\u00f2ria musical de les nostres dones\u201d.\u00a0<\/h3>\n\n\n\n<p class=\"wp-block-paragraph\">El Teatre Principal de Val\u00e8ncia va acollir este diumenge l&#8217;emotiu concert de Pep Gimeno \u2018Botifarra\u2019, pen\u00faltima escala de la gira \u2018Les veus secretes\u2019, impulsada i finan\u00e7ada per l&#8217;\u00e0rea d&#8217;Igualtat de la Diputaci\u00f3 de Val\u00e8ncia per a posar en valor el paper que les dones han jugat en la conservaci\u00f3 de la m\u00fasica tradicional i la cultura valenciana. El Principal es va omplir, amb el cartell d&#8217;entrades esgotades penjat setmanes abans de l&#8217;esdeveniment, la recaptaci\u00f3 del qual es destinar\u00e0 a entitats culturals afectades per la DANA a iniciativa de la vicepresidenta primera de la Diputaci\u00f3, Nat\u00e0lia Enguix, i Pep Gimeno.<\/p>\n\n\n\n<p class=\"wp-block-paragraph\">La mateixa Nat\u00e0lia Enguix va exercir d&#8217;amfitriona en el concert celebrat en el teatre de la Diputaci\u00f3, al qual va assistir acompanyada pel diputat de Cultura, Paco Teruel, la diputada de Benestar Social, Imma Gonz\u00e1lez, i els tamb\u00e9 diputats en la instituci\u00f3 provincial Dolors Gimeno i Pau Andr\u00e9s. Abans de l&#8217;inici del concert, Enguix va dedicar unes paraules al p\u00fablic assistent destacant la import\u00e0ncia del projecte: \u201camb \u2018Les veus secretes\u2019 hem volgut rescatar i dignificar la veu de tantes dones an\u00f2nimes que, al llarg de generacions, han sigut les guardianes de la nostra tradici\u00f3 oral. Este concert, i esta gira, han sigut un homenatge a elles, al seu llegat i a la import\u00e0ncia de mantindre viva la nostra hist\u00f2ria a trav\u00e9s de la m\u00fasica\u201d.<\/p>\n\n\n\n<figure class=\"wp-block-gallery has-nested-images columns-2 is-cropped wp-block-gallery-1 is-layout-flex wp-block-gallery-is-layout-flex\">\n<figure class=\"wp-block-image size-large\"><img loading=\"lazy\" decoding=\"async\" width=\"1024\" height=\"691\" data-id=\"260011\" src=\"https:\/\/www.tucomarca.com\/wordpress\/segunda\/wp-content\/uploads\/2025\/04\/BotifarraPrincipal03-1024x691.jpg\" alt=\"\" class=\"wp-image-260011\" srcset=\"https:\/\/tucomarca.whitekongsoftware.com\/wp-content\/uploads\/2025\/04\/BotifarraPrincipal03-1024x691.jpg 1024w, https:\/\/tucomarca.whitekongsoftware.com\/wp-content\/uploads\/2025\/04\/BotifarraPrincipal03-300x202.jpg 300w, https:\/\/tucomarca.whitekongsoftware.com\/wp-content\/uploads\/2025\/04\/BotifarraPrincipal03-768x518.jpg 768w, https:\/\/tucomarca.whitekongsoftware.com\/wp-content\/uploads\/2025\/04\/BotifarraPrincipal03.jpg 1181w\" sizes=\"auto, (max-width: 1024px) 100vw, 1024px\" \/><\/figure>\n\n\n\n<figure class=\"wp-block-image size-large\"><img loading=\"lazy\" decoding=\"async\" width=\"1024\" height=\"691\" data-id=\"260009\" src=\"https:\/\/www.tucomarca.com\/wordpress\/segunda\/wp-content\/uploads\/2025\/04\/BotifarraPrincipal02-1024x691.jpg\" alt=\"\" class=\"wp-image-260009\" srcset=\"https:\/\/tucomarca.whitekongsoftware.com\/wp-content\/uploads\/2025\/04\/BotifarraPrincipal02-1024x691.jpg 1024w, https:\/\/tucomarca.whitekongsoftware.com\/wp-content\/uploads\/2025\/04\/BotifarraPrincipal02-300x202.jpg 300w, https:\/\/tucomarca.whitekongsoftware.com\/wp-content\/uploads\/2025\/04\/BotifarraPrincipal02-768x518.jpg 768w, https:\/\/tucomarca.whitekongsoftware.com\/wp-content\/uploads\/2025\/04\/BotifarraPrincipal02.jpg 1181w\" sizes=\"auto, (max-width: 1024px) 100vw, 1024px\" \/><\/figure>\n\n\n\n<figure class=\"wp-block-image size-large\"><img loading=\"lazy\" decoding=\"async\" width=\"1024\" height=\"691\" data-id=\"260013\" src=\"https:\/\/www.tucomarca.com\/wordpress\/segunda\/wp-content\/uploads\/2025\/04\/BotifarraPrincipal04-1024x691.jpg\" alt=\"\" class=\"wp-image-260013\" srcset=\"https:\/\/tucomarca.whitekongsoftware.com\/wp-content\/uploads\/2025\/04\/BotifarraPrincipal04-1024x691.jpg 1024w, https:\/\/tucomarca.whitekongsoftware.com\/wp-content\/uploads\/2025\/04\/BotifarraPrincipal04-300x202.jpg 300w, https:\/\/tucomarca.whitekongsoftware.com\/wp-content\/uploads\/2025\/04\/BotifarraPrincipal04-768x518.jpg 768w, https:\/\/tucomarca.whitekongsoftware.com\/wp-content\/uploads\/2025\/04\/BotifarraPrincipal04.jpg 1181w\" sizes=\"auto, (max-width: 1024px) 100vw, 1024px\" \/><\/figure>\n<\/figure>\n\n\n\n<p class=\"wp-block-paragraph\">L&#8217;espectacle, dividit en quatre actes representats en les quatre estacions de l&#8217;any que s\u00f3n al seu torn el pas del temps, va comptar amb la participaci\u00f3 especial d&#8217;algunes de les protagonistes del documental que completa el projecte, produ\u00eft per Barret Films. Despr\u00e9s de disfrutar del concert de Pep Gimeno, les dones van pujar a l&#8217;escenari per a rebre l&#8217;afecte d&#8217;un Teatre Principal posat en peus.<\/p>\n\n\n\n<p class=\"wp-block-paragraph\"><strong>Veus femenines<\/strong><\/p>\n\n\n\n<p class=\"wp-block-paragraph\">El concert de \u2018Botifarra\u2019 en el Principal, que s&#8217;emetr\u00e0 \u00edntegrament en \u00c0 Punt, va comptar amb la col\u00b7laboraci\u00f3 de les cantants Sandra Monfort i Abril, aix\u00ed com del grup Th\u00edasos Coral, amb la interpretaci\u00f3 d&#8217;algunes de les peces destacades del repertori valenci\u00e0, cas de la \u2018Flor del taronger\u2019, \u2018Ja veu l\u2019a\u00efri\u2019 o la universal \u2018Nana, naneta, nana\u2019. El p\u00fablic, absolutament entregat, va cantar a capella junt amb Pep Gimeno la \u2018Malaguenya de Barxeta\u2019.<\/p>\n\n\n\n<p class=\"wp-block-paragraph\">La vicepresidenta Enguix, responsable de l&#8217;\u00e0rea provincial d&#8217;Igualtat, va indicar que l&#8217;espectacle del Principal \u201c\u00e9s el perfecte exemple del que vol\u00edem aconseguir quan varem decidir impulsar esta gira. Per aix\u00f2, des de la Diputaci\u00f3 continuarem apostant per projectes que, com este, ens permeten con\u00e9ixer i valorar les nostres arrels. La m\u00fasica \u00e9s un vehicle excepcional per a transmetre la nostra hist\u00f2ria i refor\u00e7ar la nostra identitat\u201d.<\/p>\n\n\n\n<p class=\"wp-block-paragraph\">Despr\u00e9s del concert en el Teatre Principal de Val\u00e8ncia, la gira \u2018Les veus secretes\u2019 es tancar\u00e0 el pr\u00f2xim 4 d&#8217;abril en el Teatre Echegaray d&#8217;Ontinyent despr\u00e9s d&#8217;haver recorregut nou comarques i m\u00e9s d&#8217;una desena de municipis de la prov\u00edncia. Amb un gran acolliment de p\u00fablic en cadascuna de les seues parades, \u2018Les veus secretes\u2019 s&#8217;ha consolidat com un referent en la difusi\u00f3 de la m\u00fasica tradicional i el reconeixement del seu valor patrimonial.<\/p>\n","protected":false},"excerpt":{"rendered":"<div class=\"mh-excerpt\">La gira impulsada per l&#8217;\u00e0rea d&#8217;Igualtat de la Diputaci\u00f3 de Val\u00e8ncia destinar\u00e0 la recaptaci\u00f3 a entitats culturals afectades per la DANA. La vicepresidenta Nat\u00e0lia Enguix destaca que amb este projecte \u201chem recuperat i donat veu <a class=\"mh-excerpt-more\" href=\"https:\/\/tucomarca.whitekongsoftware.com\/ca\/el-teatre-principal-de-valencia-es-rendix-a-pep-gimeno-botifarra-amb-el-seu-concert-les-veus-secretes\/\" title=\"El Teatre Principal de Val\u00e8ncia es rendix a Pep Gimeno &#8216;Botifarra&#8217; amb el seu concert &#8216;Les veus secretes\u2019\">[+] <\/a><\/div>\n","protected":false},"author":12,"featured_media":260008,"comment_status":"open","ping_status":"open","sticky":false,"template":"","format":"gallery","meta":{"footnotes":""},"categories":[11005,21466,20541,10894,10904,20456,11007,10947,10896],"tags":[11246,21701,20262,21702],"class_list":["post-260016","post","type-post","status-publish","format-gallery","has-post-thumbnail","category-canal-musica","category-dana-ca","category-igualtat-i-diversitat","category-la-comarca-ca","category-sin-categorizar-ca","category-la-diputacio-de-valencia-informa-ca","category-ocio-y-cultura-ca","category-politica","category-seccion-ca","tag-diputacio-de-valencia-ca","tag-les-veus-secretes-ca","tag-natalia-enguix-ca","tag-pep-gimeno-botifarra-ca","post_format-post-format-gallery"],"_links":{"self":[{"href":"https:\/\/tucomarca.whitekongsoftware.com\/ca\/wp-json\/wp\/v2\/posts\/260016","targetHints":{"allow":["GET"]}}],"collection":[{"href":"https:\/\/tucomarca.whitekongsoftware.com\/ca\/wp-json\/wp\/v2\/posts"}],"about":[{"href":"https:\/\/tucomarca.whitekongsoftware.com\/ca\/wp-json\/wp\/v2\/types\/post"}],"author":[{"embeddable":true,"href":"https:\/\/tucomarca.whitekongsoftware.com\/ca\/wp-json\/wp\/v2\/users\/12"}],"replies":[{"embeddable":true,"href":"https:\/\/tucomarca.whitekongsoftware.com\/ca\/wp-json\/wp\/v2\/comments?post=260016"}],"version-history":[{"count":0,"href":"https:\/\/tucomarca.whitekongsoftware.com\/ca\/wp-json\/wp\/v2\/posts\/260016\/revisions"}],"wp:featuredmedia":[{"embeddable":true,"href":"https:\/\/tucomarca.whitekongsoftware.com\/ca\/wp-json\/wp\/v2\/media\/260008"}],"wp:attachment":[{"href":"https:\/\/tucomarca.whitekongsoftware.com\/ca\/wp-json\/wp\/v2\/media?parent=260016"}],"wp:term":[{"taxonomy":"category","embeddable":true,"href":"https:\/\/tucomarca.whitekongsoftware.com\/ca\/wp-json\/wp\/v2\/categories?post=260016"},{"taxonomy":"post_tag","embeddable":true,"href":"https:\/\/tucomarca.whitekongsoftware.com\/ca\/wp-json\/wp\/v2\/tags?post=260016"}],"curies":[{"name":"wp","href":"https:\/\/api.w.org\/{rel}","templated":true}]}}