{"id":259978,"date":"2025-04-01T09:30:00","date_gmt":"2025-04-01T08:30:00","guid":{"rendered":"https:\/\/www.tucomarca.com\/wordpress\/segunda\/?p=259978"},"modified":"2025-04-01T18:02:55","modified_gmt":"2025-04-01T17:02:55","slug":"delmundo-mila-presenta-a-bunyol-el-seu-recital-poetic-entre-paraules-amargues-i-sons-dolcos","status":"publish","type":"post","link":"https:\/\/tucomarca.whitekongsoftware.com\/ca\/delmundo-mila-presenta-a-bunyol-el-seu-recital-poetic-entre-paraules-amargues-i-sons-dolcos\/","title":{"rendered":"Delmundo Mil\u00e0 presenta a Bunyol el seu recital po\u00e8tic &#8220;Entre paraules amargues i sons dol\u00e7os&#8221;\u00a0"},"content":{"rendered":"\n<h3 class=\"wp-block-heading\">Un recital sobre textos propis i de diversos autors i autores, amb el so de la flauta de Victorino Santos.<\/h3>\n\n\n\n<p class=\"wp-block-paragraph\">L&#8217;editorial po\u00e8tica La poesia \u00e9s nutritiva ha organitzat un emotiu recital titulat \u201cEntre paraules amargues i sons dol\u00e7os\u201d, que ha tingut lloc els dies 28 i 29 de mar\u00e7 en el Quiosc El Molino de Bunyol a les 20,00 hores.<\/p>\n\n\n\n<p class=\"wp-block-paragraph\">Un recital amb m\u00fasica de flauta basat en els textos de <em>\u201cViaje a los confines de la nada\u201d<\/em> i ha comptat amb la participaci\u00f3 a la flauta de Victorino Santos.<\/p>\n\n\n\n<p class=\"wp-block-paragraph\">L&#8217;acte ha comptat amb la participaci\u00f3 del poeta Delmundo Mil\u00e0, qui ha recitat textos de la seua obra <em>\u201cViaje a los confines de la nada\u201d<\/em>, una profunda reflexi\u00f3 sobre els excessos de la guerra i altres temes de l&#8217;actualitat, trav\u00e9s dels seus versos, Mil\u00e0 ha transm\u00e9s el dolor, la desesperan\u00e7a i la resist\u00e8ncia d&#8217;un poble com Gaza, castigat per la guerra.<\/p>\n\n\n\n<p class=\"wp-block-paragraph\">La lectura ha estat acompanyada per la m\u00fasica de la flauta, creant una atmosfera \u00edntima i commovedora que ha tocat la sensibilitat del p\u00fablic assistent.<\/p>\n\n\n\n<p class=\"wp-block-paragraph\">L&#8217;acc\u00e9s ha sigut gratu\u00eft, encara que amb aforament limitat, permetent que un grup selecte d&#8217;espectadors gaudira d&#8217;una vetlada on la poesia i la m\u00fasica s&#8217;han unit per a denunciar el sofriment i reivindicar la pau.<\/p>\n","protected":false},"excerpt":{"rendered":"<div class=\"mh-excerpt\">Un recital sobre textos propis i de diversos autors i autores, amb el so de la flauta de Victorino Santos. L&#8217;editorial po\u00e8tica La poesia \u00e9s nutritiva ha organitzat un emotiu recital titulat \u201cEntre paraules amargues <a class=\"mh-excerpt-more\" href=\"https:\/\/tucomarca.whitekongsoftware.com\/ca\/delmundo-mila-presenta-a-bunyol-el-seu-recital-poetic-entre-paraules-amargues-i-sons-dolcos\/\" title=\"Delmundo Mil\u00e0 presenta a Bunyol el seu recital po\u00e8tic &#8220;Entre paraules amargues i sons dol\u00e7os&#8221;\u00a0\">[+] <\/a><\/div>\n","protected":false},"author":12,"featured_media":259976,"comment_status":"open","ping_status":"open","sticky":false,"template":"","format":"standard","meta":{"footnotes":""},"categories":[10911,10894,10912,11007,10896],"tags":[10913,22081,10914],"class_list":["post-259978","post","type-post","status-publish","format-standard","has-post-thumbnail","category-bunol-ca","category-la-comarca-ca","category-la-hoya-ca","category-ocio-y-cultura-ca","category-seccion-ca","tag-bunol-ca","tag-delmundo-mila-2-ca","tag-la-hoya-de-bunol-chiva-ca"],"_links":{"self":[{"href":"https:\/\/tucomarca.whitekongsoftware.com\/ca\/wp-json\/wp\/v2\/posts\/259978","targetHints":{"allow":["GET"]}}],"collection":[{"href":"https:\/\/tucomarca.whitekongsoftware.com\/ca\/wp-json\/wp\/v2\/posts"}],"about":[{"href":"https:\/\/tucomarca.whitekongsoftware.com\/ca\/wp-json\/wp\/v2\/types\/post"}],"author":[{"embeddable":true,"href":"https:\/\/tucomarca.whitekongsoftware.com\/ca\/wp-json\/wp\/v2\/users\/12"}],"replies":[{"embeddable":true,"href":"https:\/\/tucomarca.whitekongsoftware.com\/ca\/wp-json\/wp\/v2\/comments?post=259978"}],"version-history":[{"count":0,"href":"https:\/\/tucomarca.whitekongsoftware.com\/ca\/wp-json\/wp\/v2\/posts\/259978\/revisions"}],"wp:featuredmedia":[{"embeddable":true,"href":"https:\/\/tucomarca.whitekongsoftware.com\/ca\/wp-json\/wp\/v2\/media\/259976"}],"wp:attachment":[{"href":"https:\/\/tucomarca.whitekongsoftware.com\/ca\/wp-json\/wp\/v2\/media?parent=259978"}],"wp:term":[{"taxonomy":"category","embeddable":true,"href":"https:\/\/tucomarca.whitekongsoftware.com\/ca\/wp-json\/wp\/v2\/categories?post=259978"},{"taxonomy":"post_tag","embeddable":true,"href":"https:\/\/tucomarca.whitekongsoftware.com\/ca\/wp-json\/wp\/v2\/tags?post=259978"}],"curies":[{"name":"wp","href":"https:\/\/api.w.org\/{rel}","templated":true}]}}