{"id":259951,"date":"2025-03-31T09:05:00","date_gmt":"2025-03-31T08:05:00","guid":{"rendered":"https:\/\/www.tucomarca.com\/wordpress\/segunda\/?p=259951"},"modified":"2025-03-31T20:26:30","modified_gmt":"2025-03-31T19:26:30","slug":"el-pp-enlletgix-al-pspv-que-eludisca-reclamar-al-govern-que-14-pobles-de-la-ribera-estiguen-en-el-decret-dajudes-de-la-dana","status":"publish","type":"post","link":"https:\/\/tucomarca.whitekongsoftware.com\/ca\/el-pp-enlletgix-al-pspv-que-eludisca-reclamar-al-govern-que-14-pobles-de-la-ribera-estiguen-en-el-decret-dajudes-de-la-dana\/","title":{"rendered":"El PP enlletgix al PSPV que eludisca reclamar al Govern que 14 pobles de la Ribera estiguen en el decret d&#8217;ajudes de la DANA"},"content":{"rendered":"\n<h3 class=\"wp-block-heading\">La moci\u00f3 del Partit Popular en la Diputaci\u00f3 de Val\u00e8ncia per a demanar que l&#8217;Executiu incloga 28 municipis m\u00e9s en el decret de la dana ha tirat avant amb el vot favorable de tots els grups menys del PSPV.<\/h3>\n\n\n\n<h3 class=\"wp-block-heading\">Ferrer: &#8220;Al contrari que el PSPV, el PP est\u00e0 lluitant perqu\u00e8 els municipis afectats, per\u00f2 no reconeguts pel Govern, puguen rebre el mateix tracte que tots els que han patit danys&#8221;.<\/h3>\n\n\n\n<p class=\"wp-block-paragraph\">El Partit Popular de la Ribera ha enlletgit al PSPV que no haja votat a favor d&#8217;incloure 14 municipis de la Ribera Alta en el decret del Govern sobre els municipis afectats per la DANA. &#8220;\u00c9s una moci\u00f3 del PP en la Diputaci\u00f3 en la qual es demana a l&#8217;Executiu que incloga 28 municipis afectats per la riuada, per\u00f2 que s&#8217;han quedat fora del decret del Govern i per tant tamb\u00e9 de moltes ajudes que s\u00f3n imprescindibles per a la reconstrucci\u00f3&#8221;, ha explicat la coordinadora comarcal del PP i alcaldessa d&#8217;Alginet, Elia Ferrer.<\/p>\n\n\n\n<p class=\"wp-block-paragraph\">La iniciativa del PP ha tirat avant este mat\u00ed amb el vot favorable de tots els grups menys del PSPV. La mitat dels municipis que s&#8217;inclouen en ella perqu\u00e8 reben el mateix tracte que la resta dels afectats estan a la Ribera Alta: Castell\u00f3, L&#8217;\u00c8nova, Manuel, La Pobla Llarga, Rafelguaraf, Senyera, Benimuslem, Sant Joanet, Alberic, Gavarda, Benimodo, Carcaixent, Tous, Massalav\u00e9s. Al contrari que el Govern, la Generalitat s\u00ed que els reconeix com afectats perqu\u00e8 &#8220;\u00e9s evident que han patit danys i han de tindre les mateixes ferramentes per a traure els seus pobles avant&#8221;.<\/p>\n\n\n\n<p class=\"wp-block-paragraph\">En este sentit, ha criticat Ferrer, &#8220;\u00e9s incomprensible que els socialistes no donen suport a una iniciativa que beneficia a tots els pobles afectats, entre ells els que el propi PSPV governa com s\u00f3n Castell\u00f3, L&#8217;\u00c8nova, Manuel, La Pobla Llarga, Rafelguaraf, Senyera, Benimuslem i Sant Joanet&#8221;. En la mateixa l\u00ednia, ha destacat, &#8220;clama al cel que l&#8217;alcaldessa de la Pobla Llarga, diputada provincial, s&#8217;abstinga de demanar la inclusi\u00f3 del seu municipi; potser no vol rebre del Govern el que li correspon?, ha anteposat el seu partit als seus ve\u00efns?&#8221;.&nbsp;<\/p>\n\n\n\n<p class=\"wp-block-paragraph\">Per a Ferrer, &#8220;en la reconstrucci\u00f3 haur\u00edem d&#8217;anar tots a l&#8217;una perqu\u00e8 l&#8217;objectiu \u00e9s ajudar els nostres ve\u00efns i ve\u00efnes a eixir d&#8217;esta trag\u00e8dia com m\u00e9s prompte millor&#8221;. &#8220;Afortunadament, la majoria tenim altura de mires, el PP continuar\u00e0 demanant la inclusi\u00f3 de tots els municipis en este decret del Govern fins que siga una realitat i no es discrimine cap municipi&#8221;, ha assegurat.<\/p>\n","protected":false},"excerpt":{"rendered":"<div class=\"mh-excerpt\">La moci\u00f3 del Partit Popular en la Diputaci\u00f3 de Val\u00e8ncia per a demanar que l&#8217;Executiu incloga 28 municipis m\u00e9s en el decret de la dana ha tirat avant amb el vot favorable de tots els <a class=\"mh-excerpt-more\" href=\"https:\/\/tucomarca.whitekongsoftware.com\/ca\/el-pp-enlletgix-al-pspv-que-eludisca-reclamar-al-govern-que-14-pobles-de-la-ribera-estiguen-en-el-decret-dajudes-de-la-dana\/\" title=\"El PP enlletgix al PSPV que eludisca reclamar al Govern que 14 pobles de la Ribera estiguen en el decret d&#8217;ajudes de la DANA\">[+] <\/a><\/div>\n","protected":false},"author":1,"featured_media":226773,"comment_status":"open","ping_status":"open","sticky":false,"template":"","format":"standard","meta":{"footnotes":""},"categories":[21466,10948,10894,10904,10902,10903,10947,10896,10897],"tags":[15409,11199,11077],"class_list":["post-259951","post","type-post","status-publish","format-standard","has-post-thumbnail","category-dana-ca","category-infraestructuras-ca","category-la-comarca-ca","category-sin-categorizar-ca","category-la-ribera-ca","category-medio-ambiente-la-comarca-ca","category-politica","category-seccion-ca","category-sucesos-la-comarca-ca","tag-dana-2-ca","tag-la-comunitat-ca","tag-la-ribera-alta-ca"],"_links":{"self":[{"href":"https:\/\/tucomarca.whitekongsoftware.com\/ca\/wp-json\/wp\/v2\/posts\/259951","targetHints":{"allow":["GET"]}}],"collection":[{"href":"https:\/\/tucomarca.whitekongsoftware.com\/ca\/wp-json\/wp\/v2\/posts"}],"about":[{"href":"https:\/\/tucomarca.whitekongsoftware.com\/ca\/wp-json\/wp\/v2\/types\/post"}],"author":[{"embeddable":true,"href":"https:\/\/tucomarca.whitekongsoftware.com\/ca\/wp-json\/wp\/v2\/users\/1"}],"replies":[{"embeddable":true,"href":"https:\/\/tucomarca.whitekongsoftware.com\/ca\/wp-json\/wp\/v2\/comments?post=259951"}],"version-history":[{"count":0,"href":"https:\/\/tucomarca.whitekongsoftware.com\/ca\/wp-json\/wp\/v2\/posts\/259951\/revisions"}],"wp:featuredmedia":[{"embeddable":true,"href":"https:\/\/tucomarca.whitekongsoftware.com\/ca\/wp-json\/wp\/v2\/media\/226773"}],"wp:attachment":[{"href":"https:\/\/tucomarca.whitekongsoftware.com\/ca\/wp-json\/wp\/v2\/media?parent=259951"}],"wp:term":[{"taxonomy":"category","embeddable":true,"href":"https:\/\/tucomarca.whitekongsoftware.com\/ca\/wp-json\/wp\/v2\/categories?post=259951"},{"taxonomy":"post_tag","embeddable":true,"href":"https:\/\/tucomarca.whitekongsoftware.com\/ca\/wp-json\/wp\/v2\/tags?post=259951"}],"curies":[{"name":"wp","href":"https:\/\/api.w.org\/{rel}","templated":true}]}}