{"id":259942,"date":"2025-04-01T09:00:00","date_gmt":"2025-04-01T08:00:00","guid":{"rendered":"https:\/\/www.tucomarca.com\/wordpress\/segunda\/?p=259942"},"modified":"2025-04-01T17:43:02","modified_gmt":"2025-04-01T16:43:02","slug":"lajuntament-de-xest-collabora-en-lacte-solidari-organitzat-pels-instituts-de-la-comarca-en-favor-de-lies-albereda-dutiel","status":"publish","type":"post","link":"https:\/\/tucomarca.whitekongsoftware.com\/ca\/lajuntament-de-xest-collabora-en-lacte-solidari-organitzat-pels-instituts-de-la-comarca-en-favor-de-lies-albereda-dutiel\/","title":{"rendered":"L&#8217;Ajuntament de Xest col\u00b7labora en l&#8217;acte solidari organitzat pels instituts de la comarca en favor de l&#8217;IES Albereda d&#8217;Utiel"},"content":{"rendered":"<div class=\"wp-block-image\">\n<figure class=\"alignleft size-large is-resized\"><img loading=\"lazy\" decoding=\"async\" width=\"819\" height=\"1024\" src=\"http:\/\/www.tucomarca.com\/wordpress\/segunda\/wp-content\/uploads\/2025\/03\/Cheste_Acto-soldiario-IES-Alameda-819x1024.jpg\" alt=\"\" class=\"wp-image-259937\" style=\"width:364px;height:auto\" srcset=\"https:\/\/tucomarca.whitekongsoftware.com\/wp-content\/uploads\/2025\/03\/Cheste_Acto-soldiario-IES-Alameda-819x1024.jpg 819w, https:\/\/tucomarca.whitekongsoftware.com\/wp-content\/uploads\/2025\/03\/Cheste_Acto-soldiario-IES-Alameda-240x300.jpg 240w, https:\/\/tucomarca.whitekongsoftware.com\/wp-content\/uploads\/2025\/03\/Cheste_Acto-soldiario-IES-Alameda-768x960.jpg 768w, https:\/\/tucomarca.whitekongsoftware.com\/wp-content\/uploads\/2025\/03\/Cheste_Acto-soldiario-IES-Alameda-1229x1536.jpg 1229w, https:\/\/tucomarca.whitekongsoftware.com\/wp-content\/uploads\/2025\/03\/Cheste_Acto-soldiario-IES-Alameda-1638x2048.jpg 1638w, https:\/\/tucomarca.whitekongsoftware.com\/wp-content\/uploads\/2025\/03\/Cheste_Acto-soldiario-IES-Alameda-scaled.jpg 2048w\" sizes=\"auto, (max-width: 819px) 100vw, 819px\" \/><\/figure>\n<\/div>\n\n\n<p class=\"wp-block-paragraph\">El pr\u00f2xim 11 d&#8217;abril, divendres, a les 19.00, el Teatre Liceu de Xest acollir\u00e0 l&#8217;acte \u201cArt i paraula: un pont solidari. Intercentres per la DANA\u201d, organitzat pels instituts p\u00fablics de la comarca Foia de Bunyol-Xiva per a ajudar, amb recursos educatius per al seu alumnat, a l&#8217;AMPA de l&#8217;IES Albereda d&#8217;Utiel, centre destru\u00eft per la DANA.<\/p>\n\n\n\n<p class=\"wp-block-paragraph\">L&#8217;Ajuntament de Xest, a trav\u00e9s de la Regidoria d&#8217;Educaci\u00f3, ha facilitat tots els recursos espacials i t\u00e8cnics per a poder dur a terme aquest espectacle solidari, concebut com un conjunt de peces art\u00edstiques que conjuminen m\u00fasica, poesia, teatre, dansa, videoart i una exposici\u00f3 fotogr\u00e0fica, tot preparat des dels centres de secund\u00e0ria: IES Tor\u00eds, IES la Foia de Bunyol, IES Marjana de Xiva, IES n\u00ba1 Complex Educatiu de Xest i IES Ricardo Mar\u00edn, tamb\u00e9 de Xest. A m\u00e9s, estar\u00e0 a la venda de l&#8217;obra Gratitud, de Mayka Dessaborida Alonso, cedida per l&#8217;autora amb l&#8217;objectiu de col\u00b7laborar en aquesta causa.<\/p>\n\n\n\n<p class=\"wp-block-paragraph\">L&#8217;entrada t\u00e9 un preu simb\u00f2lic de 5 euros i existeix la possibilitat de contribuir amb una fila zero, amb la qual es podr\u00e0 fer un donatiu directament a l&#8217;AMPA de l&#8217;IES Albereda d&#8217;Utiel amb el concepte \u201cArt i paraula. Nom i cognoms\u201d en el seg\u00fcent n\u00famero de compte: ES16 0049 4821 6421 1604 2443. Les entrades es podran adquirir en els centres educatius participants, aix\u00ed com en els punts de venda habituals.<\/p>\n","protected":false},"excerpt":{"rendered":"<div class=\"mh-excerpt\">El pr\u00f2xim 11 d&#8217;abril, divendres, a les 19.00, el Teatre Liceu de Xest acollir\u00e0 l&#8217;acte \u201cArt i paraula: un pont solidari. Intercentres per la DANA\u201d, organitzat pels instituts p\u00fablics de la comarca Foia de Bunyol-Xiva <a class=\"mh-excerpt-more\" href=\"https:\/\/tucomarca.whitekongsoftware.com\/ca\/lajuntament-de-xest-collabora-en-lacte-solidari-organitzat-pels-instituts-de-la-comarca-en-favor-de-lies-albereda-dutiel\/\" title=\"L&#8217;Ajuntament de Xest col\u00b7labora en l&#8217;acte solidari organitzat pels instituts de la comarca en favor de l&#8217;IES Albereda d&#8217;Utiel\">[+] <\/a><\/div>\n","protected":false},"author":13,"featured_media":259938,"comment_status":"open","ping_status":"open","sticky":false,"template":"","format":"standard","meta":{"footnotes":""},"categories":[11019,21466,10948,10894,10912,10903,10909,10896,11059,10974],"tags":[11071,10914,10910,11174],"class_list":["post-259942","post","type-post","status-publish","format-standard","has-post-thumbnail","category-agenda-ca","category-dana-ca","category-infraestructuras-ca","category-la-comarca-ca","category-la-hoya-ca","category-medio-ambiente-la-comarca-ca","category-requena-utiel-ca","category-seccion-ca","category-utiel-ca","category-cheste-ca","tag-cheste","tag-la-hoya-de-bunol-chiva-ca","tag-requena-utiel-ca","tag-utiel-ca"],"_links":{"self":[{"href":"https:\/\/tucomarca.whitekongsoftware.com\/ca\/wp-json\/wp\/v2\/posts\/259942","targetHints":{"allow":["GET"]}}],"collection":[{"href":"https:\/\/tucomarca.whitekongsoftware.com\/ca\/wp-json\/wp\/v2\/posts"}],"about":[{"href":"https:\/\/tucomarca.whitekongsoftware.com\/ca\/wp-json\/wp\/v2\/types\/post"}],"author":[{"embeddable":true,"href":"https:\/\/tucomarca.whitekongsoftware.com\/ca\/wp-json\/wp\/v2\/users\/13"}],"replies":[{"embeddable":true,"href":"https:\/\/tucomarca.whitekongsoftware.com\/ca\/wp-json\/wp\/v2\/comments?post=259942"}],"version-history":[{"count":0,"href":"https:\/\/tucomarca.whitekongsoftware.com\/ca\/wp-json\/wp\/v2\/posts\/259942\/revisions"}],"wp:featuredmedia":[{"embeddable":true,"href":"https:\/\/tucomarca.whitekongsoftware.com\/ca\/wp-json\/wp\/v2\/media\/259938"}],"wp:attachment":[{"href":"https:\/\/tucomarca.whitekongsoftware.com\/ca\/wp-json\/wp\/v2\/media?parent=259942"}],"wp:term":[{"taxonomy":"category","embeddable":true,"href":"https:\/\/tucomarca.whitekongsoftware.com\/ca\/wp-json\/wp\/v2\/categories?post=259942"},{"taxonomy":"post_tag","embeddable":true,"href":"https:\/\/tucomarca.whitekongsoftware.com\/ca\/wp-json\/wp\/v2\/tags?post=259942"}],"curies":[{"name":"wp","href":"https:\/\/api.w.org\/{rel}","templated":true}]}}