{"id":259878,"date":"2025-03-31T12:00:00","date_gmt":"2025-03-31T11:00:00","guid":{"rendered":"https:\/\/www.tucomarca.com\/wordpress\/segunda\/?p=259878"},"modified":"2025-03-31T17:28:21","modified_gmt":"2025-03-31T16:28:21","slug":"benaguasil-rep-95-000-euros-de-les-ajudes-dana-de-la-generalitat-valenciana","status":"publish","type":"post","link":"https:\/\/tucomarca.whitekongsoftware.com\/ca\/benaguasil-rep-95-000-euros-de-les-ajudes-dana-de-la-generalitat-valenciana\/","title":{"rendered":"Benaguasil rep 95.000 euros de les ajudes DANA de la Generalitat Valenciana"},"content":{"rendered":"\n<p class=\"wp-block-paragraph\">Es destinaran a reparar els danys acasionados en infraestructures i edificis municipals com l&#8217;escola infantil o el cementeri.<\/p>\n\n\n\n<p class=\"wp-block-paragraph\">L&#8217;ajuntament de Benaguasil ha rebut una subvenci\u00f3 de la Conselleria de Just\u00edcia i Interior per a fer front als danys causats per la DANA que va afectar part del terme municipal el passat 29 d&#8217;octubre de 2024.<\/p>\n\n\n\n<p class=\"wp-block-paragraph\">Aquesta subvenci\u00f3 aconsegueix una quantia de 95.000 euros i amb ella s&#8217;escometran actuacions destinades a reconstruir i reparar les vies i infraestructures tant urbanes com r\u00fastiques, produ\u00efdes pel temporal de vent i pluges. Aix\u00ed mateix tamb\u00e9 es destinaran a reparar els danys ocasionats en edificis municipals com el cementeri o l&#8217;Escola Infantil Municipal \u2018La Basseta\u2019.<\/p>\n\n\n\n<p class=\"wp-block-paragraph\">L&#8217;ajuda, sol\u00b7licitada pel Consistori despr\u00e9s d&#8217;avaluar la magnitud dels danys, s&#8217;emmarca en el DECRET 164\/2024, de 4 de novembre, del Consell, d&#8217;aprovaci\u00f3 dels bases reguladores i del procediment de concessi\u00f3 directa d&#8217;ajudes urgents als municipis afectats per la DANA.<\/p>\n\n\n\n<p class=\"wp-block-paragraph\">Des del Consistori han agra\u00eft aquesta ajuda del govern auton\u00f2mic que \u201cens ha mostrat el seu suport, atenent les nostres necessitats per a abordar les actuacions a executar\u201d.<\/p>\n","protected":false},"excerpt":{"rendered":"<div class=\"mh-excerpt\">Es destinaran a reparar els danys acasionados en infraestructures i edificis municipals com l&#8217;escola infantil o el cementeri. L&#8217;ajuntament de Benaguasil ha rebut una subvenci\u00f3 de la Conselleria de Just\u00edcia i Interior per a fer <a class=\"mh-excerpt-more\" href=\"https:\/\/tucomarca.whitekongsoftware.com\/ca\/benaguasil-rep-95-000-euros-de-les-ajudes-dana-de-la-generalitat-valenciana\/\" title=\"Benaguasil rep 95.000 euros de les ajudes DANA de la Generalitat Valenciana\">[+] <\/a><\/div>\n","protected":false},"author":13,"featured_media":259876,"comment_status":"open","ping_status":"open","sticky":false,"template":"","format":"standard","meta":{"footnotes":""},"categories":[10952,10892,21466,10948,10894,10904,10947,10896],"tags":[11136,10899,15409,11199],"class_list":["post-259878","post","type-post","status-publish","format-standard","has-post-thumbnail","category-benaguasil-ca","category-camp-de-turia-ca","category-dana-ca","category-infraestructuras-ca","category-la-comarca-ca","category-sin-categorizar-ca","category-politica","category-seccion-ca","tag-benaguasil-ca","tag-camp-de-turia-ca","tag-dana-2-ca","tag-la-comunitat-ca"],"_links":{"self":[{"href":"https:\/\/tucomarca.whitekongsoftware.com\/ca\/wp-json\/wp\/v2\/posts\/259878","targetHints":{"allow":["GET"]}}],"collection":[{"href":"https:\/\/tucomarca.whitekongsoftware.com\/ca\/wp-json\/wp\/v2\/posts"}],"about":[{"href":"https:\/\/tucomarca.whitekongsoftware.com\/ca\/wp-json\/wp\/v2\/types\/post"}],"author":[{"embeddable":true,"href":"https:\/\/tucomarca.whitekongsoftware.com\/ca\/wp-json\/wp\/v2\/users\/13"}],"replies":[{"embeddable":true,"href":"https:\/\/tucomarca.whitekongsoftware.com\/ca\/wp-json\/wp\/v2\/comments?post=259878"}],"version-history":[{"count":0,"href":"https:\/\/tucomarca.whitekongsoftware.com\/ca\/wp-json\/wp\/v2\/posts\/259878\/revisions"}],"wp:featuredmedia":[{"embeddable":true,"href":"https:\/\/tucomarca.whitekongsoftware.com\/ca\/wp-json\/wp\/v2\/media\/259876"}],"wp:attachment":[{"href":"https:\/\/tucomarca.whitekongsoftware.com\/ca\/wp-json\/wp\/v2\/media?parent=259878"}],"wp:term":[{"taxonomy":"category","embeddable":true,"href":"https:\/\/tucomarca.whitekongsoftware.com\/ca\/wp-json\/wp\/v2\/categories?post=259878"},{"taxonomy":"post_tag","embeddable":true,"href":"https:\/\/tucomarca.whitekongsoftware.com\/ca\/wp-json\/wp\/v2\/tags?post=259878"}],"curies":[{"name":"wp","href":"https:\/\/api.w.org\/{rel}","templated":true}]}}