{"id":259678,"date":"2025-03-30T11:00:00","date_gmt":"2025-03-30T10:00:00","guid":{"rendered":"https:\/\/www.tucomarca.com\/wordpress\/segunda\/?p=259678"},"modified":"2025-03-30T12:46:31","modified_gmt":"2025-03-30T11:46:31","slug":"la-unio-musical-santa-cecilia-de-guadassuar-guanya-el-48e-certamen-de-bandes-de-la-diputacio-de-valencia","status":"publish","type":"post","link":"https:\/\/tucomarca.whitekongsoftware.com\/ca\/la-unio-musical-santa-cecilia-de-guadassuar-guanya-el-48e-certamen-de-bandes-de-la-diputacio-de-valencia\/","title":{"rendered":"La Uni\u00f3 Musical Santa Cec\u00edlia de Guadassuar guanya el 48\u00e9 Certamen de Bandes de la Diputaci\u00f3 de Val\u00e8ncia"},"content":{"rendered":"\n<h3 class=\"wp-block-heading\"><strong><strong>Guadassuar s&#8217;imposa en Secci\u00f3 Primera per davant del Centre Art\u00edstic Musical de B\u00e9tera i el Centre Instructiu Santa Cec\u00edlia de Pu\u00e7ol. Abans, La Uni\u00f3 de Tres Forques es va emportar el primer premi en Secci\u00f3 Quarta, on Amics de la M\u00fasica de Benifaraig va ser segona i el CIM Tendetes tercer<\/strong><\/strong>.<\/h3>\n\n\n\n<h3 class=\"wp-block-heading\"><strong><strong>El diputat Ricardo Gabald\u00f3n destaca l&#8217;extraordinari nivell de les bandes participants en la primera jornada del concurs provincial, on el jurat presidit per la compositora i pianista Marisa Manchado va concedir mencions d&#8217;honor a les agrupacions de Guadassuar i Tres Forques<\/strong><\/strong>.<\/h3>\n\n\n\n<h3 class=\"wp-block-heading\"><strong><strong>Este diumenge se celebra la segona i definitiva jornada del certamen en el Palau de la M\u00fasica de Val\u00e8ncia, amb altres sis bandes en concurs<\/strong><\/strong>.<\/h3>\n\n\n\n<p class=\"wp-block-paragraph\">La primera jornada del 48\u00e9 Certamen de Bandes de la Diputaci\u00f3 de Val\u00e8ncia es va tancar en la nit del dissabte amb el triomf de la Societat Uni\u00f3 Musical Santa Cec\u00edlia de Guadassuar en la categoria reina del concurs, per a formacions de fins a 90 m\u00fasics. La banda dirigida per Rafa Garc\u00eda, amb els \u2018Entornos\u2019 d&#8217;Amando Blanquer com a pe\u00e7a lliure, es va imposar en Secci\u00f3 Primera al Centre Art\u00edstic Musical de B\u00e9tera, que va optar per \u2018The Great Mystic\u2019, amb la direcci\u00f3 de Jos\u00e9 Ignacio Blesa, compositor de l&#8217;obra seleccionada, i al Centre Instructiu Santa Cec\u00edlia de Pu\u00e7ol, que amb la batuta de Sergio D\u00edaz va interpretar la \u2018Second Symphony for Wind Orchestra\u2019 de Luis Serrano Alarc\u00f3n com a pe\u00e7a de lliure elecci\u00f3.<\/p>\n\n\n\n<p class=\"wp-block-paragraph\">Amb \u2018Rituals i sortilegis\u2019 de Pedro Salinas com a obra obligada en Secci\u00f3 Primera, el jurat presidit per la compositora i pianista Marisa Manchado, amb Josep Vicent Egea, Beatriz Fern\u00e1ndez, Roberto Gianola i Crist\u00f3bal Soler com a vocals, va atorgar 362 punts a Guadassuar i menci\u00f3 d&#8217;honor, pels 295 punts de B\u00e9tera i els 281,50 de Pu\u00e7ol, els dos segons premis. La Uni\u00f3 Musical Santa Cecilia de Guadassuar s&#8217;ha portat tamb\u00e9 el premi Neom\u00fasica a la millor interpretaci\u00f3 de la pe\u00e7a obligada. El diputat de Bandes de M\u00fasica, Ricardo Gabald\u00f3n, va destacar el \u201cextraordinari nivell\u201d de les bandes participants durant l&#8217;entrega de premis en el Palau de la M\u00fasica, on va tornar a insistir en \u201cl&#8217;aposta de la Diputaci\u00f3 per la internacionalitzaci\u00f3 de les nostres societats musicals, en la qual continuarem treballant tant amb les guanyadores del certamen com amb la resta de bandes\u201d.<\/p>\n\n\n\n<p class=\"wp-block-paragraph\">Acompanyat pel diputat de Cultura, Paco Teruel, qui va posar en valor \u201cla universalitat de la m\u00fasica de banda valenciana que forma part del nostre dia a dia, de la festa a l&#8217;esport i en qualsevol esdeveniment social i cultural\u201d, el responsable provincial de Bandes va celebrar \u201cl&#8217;\u00e9xit que estem tenint en este certamen tant en participaci\u00f3 com en assist\u00e8ncia, la qual cosa demostra que ha sigut un encert avan\u00e7ar el concurs perqu\u00e8 no coincidisca amb altres cites destacades en el calendari musical, i incrementar la quantia dels premis\u201d. \u201cContinuarem treballant perqu\u00e8 cap societat musical es quede fora del certamen per falta de recursos materials i personals\u201d, va afegir Ricardo Gabald\u00f3n.<\/p>\n\n\n\n<p class=\"wp-block-paragraph\"><strong>Secci\u00f3 Quarta<\/strong><\/p>\n\n\n\n<p class=\"wp-block-paragraph\">En la matinal del dissabte, la Secci\u00f3 Quarta va obrir la 48a edici\u00f3 del concurs provincial, amb el triomf de La Uni\u00f3 de Tres Forques, amb 347 punts que li han valgut el primer premi i menci\u00f3 d&#8217;honor. La banda valenciana es va imposar en la categoria de fins a 40 m\u00fasics a la SM Amics de la M\u00fasica de Benifaraig, que va obtindre 325,90 punts i un altre primer premi, i el Centre Instructiu Musical Tendetes, amb 266 punts i el segon premi. Totes elles van interpretar, com a pe\u00e7a obligada, el \u2018Solstitium\u2019 de Raquel S\u00e1nchez Mart\u00ednez.<\/p>\n\n\n\n<p class=\"wp-block-paragraph\">Baix la direcci\u00f3 de Vicente Reche, la guanyadora va optar com a obra lliure pel \u2018P\u00f3rtico\u2019 d&#8217;Ant\u00f3n Alcalde. Per part seua, Amics de la M\u00fasica de Benifaraig va interpretar la \u2018Symphonie no 1 The Borgias (The black legend)\u2019 d&#8217;Otto M. Schwartz, amb la batuta de Jaume Castell\u00f3; mentre que el Centre Instructiu Musical Tendetes de la capital va tocar \u2018La Val\u00e8ncia daurada\u2019 d&#8217;Omar Sala, amb la direcci\u00f3 de Francisco Mengual.<\/p>\n\n\n\n<p class=\"wp-block-paragraph\">El Certamen de Bandes de la Diputaci\u00f3 es completar\u00e0 este diumenge en doble sessi\u00f3 matinal i vespertina, amb les categories Tercera i Segona. Al mat\u00ed, la Uni\u00f3 Musical d&#8217;Higueruelas, la Uni\u00f3 Musical d\u2019Alg\u00edmia d&#8217;Alfara i la Agrupaci\u00f3 Musical Santa Cec\u00edlia del Grau de Val\u00e8ncia competiran en Secci\u00f3 Tercera; ja a la vesprada, i amb l&#8217;assist\u00e8ncia del president de la Diputaci\u00f3, Vicent Momp\u00f3, ser\u00e0 el torn de la Societat Art\u00edstico Musical La Uni\u00f3 de Quart de Poblet, la Societat Musical La Familiar de Benissan\u00f3 i la Uni\u00f3 Musical d&#8217;Aldaia, que es disputaran el primer premi en Secci\u00f3 Segona per a bandes de fins a 70 m\u00fasics.<\/p>\n\n\n\n<figure class=\"wp-block-image size-large\"><img loading=\"lazy\" decoding=\"async\" width=\"1024\" height=\"683\" src=\"http:\/\/www.tucomarca.com\/wordpress\/segunda\/wp-content\/uploads\/2025\/03\/CertamenDipu_Guadassuar02-1024x683.jpeg\" alt=\"\" class=\"wp-image-259675\" srcset=\"https:\/\/tucomarca.whitekongsoftware.com\/wp-content\/uploads\/2025\/03\/CertamenDipu_Guadassuar02-1024x683.jpeg 1024w, https:\/\/tucomarca.whitekongsoftware.com\/wp-content\/uploads\/2025\/03\/CertamenDipu_Guadassuar02-300x200.jpeg 300w, https:\/\/tucomarca.whitekongsoftware.com\/wp-content\/uploads\/2025\/03\/CertamenDipu_Guadassuar02-768x512.jpeg 768w, https:\/\/tucomarca.whitekongsoftware.com\/wp-content\/uploads\/2025\/03\/CertamenDipu_Guadassuar02.jpeg 1368w\" sizes=\"auto, (max-width: 1024px) 100vw, 1024px\" \/><\/figure>\n","protected":false},"excerpt":{"rendered":"<div class=\"mh-excerpt\">Guadassuar s&#8217;imposa en Secci\u00f3 Primera per davant del Centre Art\u00edstic Musical de B\u00e9tera i el Centre Instructiu Santa Cec\u00edlia de Pu\u00e7ol. Abans, La Uni\u00f3 de Tres Forques es va emportar el primer premi en Secci\u00f3 <a class=\"mh-excerpt-more\" href=\"https:\/\/tucomarca.whitekongsoftware.com\/ca\/la-unio-musical-santa-cecilia-de-guadassuar-guanya-el-48e-certamen-de-bandes-de-la-diputacio-de-valencia\/\" title=\"La Uni\u00f3 Musical Santa Cec\u00edlia de Guadassuar guanya el 48\u00e9 Certamen de Bandes de la Diputaci\u00f3 de Val\u00e8ncia\">[+] <\/a><\/div>\n","protected":false},"author":12,"featured_media":259674,"comment_status":"open","ping_status":"open","sticky":false,"template":"","format":"standard","meta":{"footnotes":""},"categories":[11005,10898,10994,10894,10902,11007,10896],"tags":[22071,11342,22072,11077,15856],"class_list":["post-259678","post","type-post","status-publish","format-standard","has-post-thumbnail","category-canal-musica","category-ventana-ca","category-guadassuar-ca","category-la-comarca-ca","category-la-ribera-ca","category-ocio-y-cultura-ca","category-seccion-ca","tag-48o-certamen-de-bandas-de-la-diputacio-de-valencia-ca","tag-guadassuar-ca","tag-la-diputacio-de-valencia-2-ca","tag-la-ribera-alta-ca","tag-ocio-y-cultura-ca"],"_links":{"self":[{"href":"https:\/\/tucomarca.whitekongsoftware.com\/ca\/wp-json\/wp\/v2\/posts\/259678","targetHints":{"allow":["GET"]}}],"collection":[{"href":"https:\/\/tucomarca.whitekongsoftware.com\/ca\/wp-json\/wp\/v2\/posts"}],"about":[{"href":"https:\/\/tucomarca.whitekongsoftware.com\/ca\/wp-json\/wp\/v2\/types\/post"}],"author":[{"embeddable":true,"href":"https:\/\/tucomarca.whitekongsoftware.com\/ca\/wp-json\/wp\/v2\/users\/12"}],"replies":[{"embeddable":true,"href":"https:\/\/tucomarca.whitekongsoftware.com\/ca\/wp-json\/wp\/v2\/comments?post=259678"}],"version-history":[{"count":0,"href":"https:\/\/tucomarca.whitekongsoftware.com\/ca\/wp-json\/wp\/v2\/posts\/259678\/revisions"}],"wp:featuredmedia":[{"embeddable":true,"href":"https:\/\/tucomarca.whitekongsoftware.com\/ca\/wp-json\/wp\/v2\/media\/259674"}],"wp:attachment":[{"href":"https:\/\/tucomarca.whitekongsoftware.com\/ca\/wp-json\/wp\/v2\/media?parent=259678"}],"wp:term":[{"taxonomy":"category","embeddable":true,"href":"https:\/\/tucomarca.whitekongsoftware.com\/ca\/wp-json\/wp\/v2\/categories?post=259678"},{"taxonomy":"post_tag","embeddable":true,"href":"https:\/\/tucomarca.whitekongsoftware.com\/ca\/wp-json\/wp\/v2\/tags?post=259678"}],"curies":[{"name":"wp","href":"https:\/\/api.w.org\/{rel}","templated":true}]}}