{"id":259628,"date":"2025-03-29T14:00:00","date_gmt":"2025-03-29T13:00:00","guid":{"rendered":"https:\/\/www.tucomarca.com\/wordpress\/segunda\/?p=259628"},"modified":"2025-03-29T20:27:37","modified_gmt":"2025-03-29T19:27:37","slug":"fotogaleria-les-comissions-de-reis-catolics-i-el-prat-desfilen-aquest-dissabte-per-a-gaudir-duns-actes-de-falles-deslluits-per-les-pluges","status":"publish","type":"post","link":"https:\/\/tucomarca.whitekongsoftware.com\/ca\/fotogaleria-les-comissions-de-reis-catolics-i-el-prat-desfilen-aquest-dissabte-per-a-gaudir-duns-actes-de-falles-deslluits-per-les-pluges\/","title":{"rendered":"Fotogaler\u00eda: les comissions de Reis Cat\u00f2lics i El Prat desfilen aquest dissabte per a gaudir d&#8217;uns actes de Falles desllu\u00efts per les pluges"},"content":{"rendered":"\n<p class=\"wp-block-paragraph\">Aquest dissabte al mat\u00ed, les comissions falleres Reis Cat\u00f2lics i El Prat han desfilat juntes en un acte ple de color i alegria. Aprofitant el sol radiant i les temperatures agradables, els fallers han eixit al carrer per a celebrar unes festes que, a causa de la climatologia adversa de la setmana passada, no van poder gaudir-se plenament.<\/p>\n\n\n\n<p class=\"wp-block-paragraph\">Durant tot el cap de setmana, totes dues comissions tenen programats diversos actes a l&#8217;aire lliure i en els barracons, amb l&#8217;objectiu d&#8217;allargar l&#8217;esperit faller i compartir moments festius amb ve\u00efns i visitants. La decisi\u00f3 de prolongar les celebracions ha sigut rebuda amb entusiasme per part dels assistents, els qui veuen en aquestes jornades una oportunitat per a viure les Falles amb la passi\u00f3 i la intensitat que les caracteritza.<\/p>\n\n\n\n<p class=\"wp-block-paragraph\">Des de l&#8217;organitzaci\u00f3 han destacat la import\u00e0ncia d&#8217;aquests actes per a mantindre viva la tradici\u00f3 fallera, malgrat les dificultats clim\u00e0tiques que van afectar el calendari oficial. Amb m\u00fasica, vestits i el caracter\u00edstic ambient festiu, els fallers continuen celebrant una de les festes m\u00e9s emblem\u00e0tiques de Bunyol.<\/p>\n\n\n\n<figure class=\"wp-block-gallery has-nested-images columns-1 is-cropped wp-block-gallery-1 is-layout-flex wp-block-gallery-is-layout-flex\">\n<figure class=\"wp-block-image size-large\"><img loading=\"lazy\" decoding=\"async\" width=\"1024\" height=\"768\" data-id=\"259623\" src=\"https:\/\/www.tucomarca.com\/wordpress\/segunda\/wp-content\/uploads\/2025\/03\/RRCC_Prado_pasacalle8-1024x768.jpg\" alt=\"\" class=\"wp-image-259623\" srcset=\"https:\/\/tucomarca.whitekongsoftware.com\/wp-content\/uploads\/2025\/03\/RRCC_Prado_pasacalle8-1024x768.jpg 1024w, https:\/\/tucomarca.whitekongsoftware.com\/wp-content\/uploads\/2025\/03\/RRCC_Prado_pasacalle8-300x225.jpg 300w, https:\/\/tucomarca.whitekongsoftware.com\/wp-content\/uploads\/2025\/03\/RRCC_Prado_pasacalle8-768x576.jpg 768w, https:\/\/tucomarca.whitekongsoftware.com\/wp-content\/uploads\/2025\/03\/RRCC_Prado_pasacalle8-678x509.jpg 678w, https:\/\/tucomarca.whitekongsoftware.com\/wp-content\/uploads\/2025\/03\/RRCC_Prado_pasacalle8-326x245.jpg 326w, https:\/\/tucomarca.whitekongsoftware.com\/wp-content\/uploads\/2025\/03\/RRCC_Prado_pasacalle8-80x60.jpg 80w, https:\/\/tucomarca.whitekongsoftware.com\/wp-content\/uploads\/2025\/03\/RRCC_Prado_pasacalle8.jpg 1181w\" sizes=\"auto, (max-width: 1024px) 100vw, 1024px\" \/><\/figure>\n\n\n\n<figure class=\"wp-block-image size-large\"><img loading=\"lazy\" decoding=\"async\" width=\"1024\" height=\"768\" data-id=\"259611\" src=\"https:\/\/www.tucomarca.com\/wordpress\/segunda\/wp-content\/uploads\/2025\/03\/RRCC_Prado_pasacalle2-1024x768.jpg\" alt=\"\" class=\"wp-image-259611\" srcset=\"https:\/\/tucomarca.whitekongsoftware.com\/wp-content\/uploads\/2025\/03\/RRCC_Prado_pasacalle2-1024x768.jpg 1024w, https:\/\/tucomarca.whitekongsoftware.com\/wp-content\/uploads\/2025\/03\/RRCC_Prado_pasacalle2-300x225.jpg 300w, https:\/\/tucomarca.whitekongsoftware.com\/wp-content\/uploads\/2025\/03\/RRCC_Prado_pasacalle2-768x576.jpg 768w, https:\/\/tucomarca.whitekongsoftware.com\/wp-content\/uploads\/2025\/03\/RRCC_Prado_pasacalle2-678x509.jpg 678w, https:\/\/tucomarca.whitekongsoftware.com\/wp-content\/uploads\/2025\/03\/RRCC_Prado_pasacalle2-326x245.jpg 326w, https:\/\/tucomarca.whitekongsoftware.com\/wp-content\/uploads\/2025\/03\/RRCC_Prado_pasacalle2-80x60.jpg 80w, https:\/\/tucomarca.whitekongsoftware.com\/wp-content\/uploads\/2025\/03\/RRCC_Prado_pasacalle2.jpg 1181w\" sizes=\"auto, (max-width: 1024px) 100vw, 1024px\" \/><\/figure>\n\n\n\n<figure class=\"wp-block-image size-large\"><img loading=\"lazy\" decoding=\"async\" width=\"1024\" height=\"768\" data-id=\"259621\" src=\"https:\/\/www.tucomarca.com\/wordpress\/segunda\/wp-content\/uploads\/2025\/03\/RRCC_Prado_pasacalle7-1024x768.jpg\" alt=\"\" class=\"wp-image-259621\" srcset=\"https:\/\/tucomarca.whitekongsoftware.com\/wp-content\/uploads\/2025\/03\/RRCC_Prado_pasacalle7-1024x768.jpg 1024w, https:\/\/tucomarca.whitekongsoftware.com\/wp-content\/uploads\/2025\/03\/RRCC_Prado_pasacalle7-300x225.jpg 300w, https:\/\/tucomarca.whitekongsoftware.com\/wp-content\/uploads\/2025\/03\/RRCC_Prado_pasacalle7-768x576.jpg 768w, https:\/\/tucomarca.whitekongsoftware.com\/wp-content\/uploads\/2025\/03\/RRCC_Prado_pasacalle7-678x509.jpg 678w, https:\/\/tucomarca.whitekongsoftware.com\/wp-content\/uploads\/2025\/03\/RRCC_Prado_pasacalle7-326x245.jpg 326w, https:\/\/tucomarca.whitekongsoftware.com\/wp-content\/uploads\/2025\/03\/RRCC_Prado_pasacalle7-80x60.jpg 80w, https:\/\/tucomarca.whitekongsoftware.com\/wp-content\/uploads\/2025\/03\/RRCC_Prado_pasacalle7.jpg 1181w\" sizes=\"auto, (max-width: 1024px) 100vw, 1024px\" \/><\/figure>\n\n\n\n<figure class=\"wp-block-image size-large\"><img loading=\"lazy\" decoding=\"async\" width=\"1024\" height=\"576\" data-id=\"259619\" src=\"https:\/\/www.tucomarca.com\/wordpress\/segunda\/wp-content\/uploads\/2025\/03\/RRCC_Prado_pasacalle6-1024x576.jpg\" alt=\"\" class=\"wp-image-259619\" srcset=\"https:\/\/tucomarca.whitekongsoftware.com\/wp-content\/uploads\/2025\/03\/RRCC_Prado_pasacalle6-1024x576.jpg 1024w, https:\/\/tucomarca.whitekongsoftware.com\/wp-content\/uploads\/2025\/03\/RRCC_Prado_pasacalle6-300x169.jpg 300w, https:\/\/tucomarca.whitekongsoftware.com\/wp-content\/uploads\/2025\/03\/RRCC_Prado_pasacalle6-768x432.jpg 768w, https:\/\/tucomarca.whitekongsoftware.com\/wp-content\/uploads\/2025\/03\/RRCC_Prado_pasacalle6-678x381.jpg 678w, https:\/\/tucomarca.whitekongsoftware.com\/wp-content\/uploads\/2025\/03\/RRCC_Prado_pasacalle6.jpg 1181w\" sizes=\"auto, (max-width: 1024px) 100vw, 1024px\" \/><\/figure>\n\n\n\n<figure class=\"wp-block-image size-large\"><img loading=\"lazy\" decoding=\"async\" width=\"1024\" height=\"768\" data-id=\"259617\" src=\"https:\/\/www.tucomarca.com\/wordpress\/segunda\/wp-content\/uploads\/2025\/03\/RRCC_Prado_pasacalle5-1024x768.jpg\" alt=\"\" class=\"wp-image-259617\" srcset=\"https:\/\/tucomarca.whitekongsoftware.com\/wp-content\/uploads\/2025\/03\/RRCC_Prado_pasacalle5-1024x768.jpg 1024w, https:\/\/tucomarca.whitekongsoftware.com\/wp-content\/uploads\/2025\/03\/RRCC_Prado_pasacalle5-300x225.jpg 300w, https:\/\/tucomarca.whitekongsoftware.com\/wp-content\/uploads\/2025\/03\/RRCC_Prado_pasacalle5-768x576.jpg 768w, https:\/\/tucomarca.whitekongsoftware.com\/wp-content\/uploads\/2025\/03\/RRCC_Prado_pasacalle5-678x509.jpg 678w, https:\/\/tucomarca.whitekongsoftware.com\/wp-content\/uploads\/2025\/03\/RRCC_Prado_pasacalle5-326x245.jpg 326w, https:\/\/tucomarca.whitekongsoftware.com\/wp-content\/uploads\/2025\/03\/RRCC_Prado_pasacalle5-80x60.jpg 80w, https:\/\/tucomarca.whitekongsoftware.com\/wp-content\/uploads\/2025\/03\/RRCC_Prado_pasacalle5.jpg 1181w\" sizes=\"auto, (max-width: 1024px) 100vw, 1024px\" \/><\/figure>\n\n\n\n<figure class=\"wp-block-image size-large\"><img loading=\"lazy\" decoding=\"async\" width=\"1024\" height=\"768\" data-id=\"259609\" src=\"https:\/\/www.tucomarca.com\/wordpress\/segunda\/wp-content\/uploads\/2025\/03\/RRCC_Prado_pasacalle1-1024x768.jpg\" alt=\"\" class=\"wp-image-259609\" srcset=\"https:\/\/tucomarca.whitekongsoftware.com\/wp-content\/uploads\/2025\/03\/RRCC_Prado_pasacalle1-1024x768.jpg 1024w, https:\/\/tucomarca.whitekongsoftware.com\/wp-content\/uploads\/2025\/03\/RRCC_Prado_pasacalle1-300x225.jpg 300w, https:\/\/tucomarca.whitekongsoftware.com\/wp-content\/uploads\/2025\/03\/RRCC_Prado_pasacalle1-768x576.jpg 768w, https:\/\/tucomarca.whitekongsoftware.com\/wp-content\/uploads\/2025\/03\/RRCC_Prado_pasacalle1-678x509.jpg 678w, https:\/\/tucomarca.whitekongsoftware.com\/wp-content\/uploads\/2025\/03\/RRCC_Prado_pasacalle1-326x245.jpg 326w, https:\/\/tucomarca.whitekongsoftware.com\/wp-content\/uploads\/2025\/03\/RRCC_Prado_pasacalle1-80x60.jpg 80w, https:\/\/tucomarca.whitekongsoftware.com\/wp-content\/uploads\/2025\/03\/RRCC_Prado_pasacalle1.jpg 1181w\" sizes=\"auto, (max-width: 1024px) 100vw, 1024px\" \/><\/figure>\n\n\n\n<figure class=\"wp-block-image size-large\"><img loading=\"lazy\" decoding=\"async\" width=\"1024\" height=\"576\" data-id=\"259615\" src=\"https:\/\/www.tucomarca.com\/wordpress\/segunda\/wp-content\/uploads\/2025\/03\/RRCC_Prado_pasacalle4-1024x576.jpg\" alt=\"\" class=\"wp-image-259615\" srcset=\"https:\/\/tucomarca.whitekongsoftware.com\/wp-content\/uploads\/2025\/03\/RRCC_Prado_pasacalle4-1024x576.jpg 1024w, https:\/\/tucomarca.whitekongsoftware.com\/wp-content\/uploads\/2025\/03\/RRCC_Prado_pasacalle4-300x169.jpg 300w, https:\/\/tucomarca.whitekongsoftware.com\/wp-content\/uploads\/2025\/03\/RRCC_Prado_pasacalle4-768x432.jpg 768w, https:\/\/tucomarca.whitekongsoftware.com\/wp-content\/uploads\/2025\/03\/RRCC_Prado_pasacalle4-678x381.jpg 678w, https:\/\/tucomarca.whitekongsoftware.com\/wp-content\/uploads\/2025\/03\/RRCC_Prado_pasacalle4.jpg 1181w\" sizes=\"auto, (max-width: 1024px) 100vw, 1024px\" \/><\/figure>\n\n\n\n<figure class=\"wp-block-image size-large\"><img loading=\"lazy\" decoding=\"async\" width=\"1024\" height=\"576\" data-id=\"259613\" src=\"https:\/\/www.tucomarca.com\/wordpress\/segunda\/wp-content\/uploads\/2025\/03\/RRCC_Prado_pasacalle3-1024x576.jpg\" alt=\"\" class=\"wp-image-259613\" srcset=\"https:\/\/tucomarca.whitekongsoftware.com\/wp-content\/uploads\/2025\/03\/RRCC_Prado_pasacalle3-1024x576.jpg 1024w, https:\/\/tucomarca.whitekongsoftware.com\/wp-content\/uploads\/2025\/03\/RRCC_Prado_pasacalle3-300x169.jpg 300w, https:\/\/tucomarca.whitekongsoftware.com\/wp-content\/uploads\/2025\/03\/RRCC_Prado_pasacalle3-768x432.jpg 768w, https:\/\/tucomarca.whitekongsoftware.com\/wp-content\/uploads\/2025\/03\/RRCC_Prado_pasacalle3-678x381.jpg 678w, https:\/\/tucomarca.whitekongsoftware.com\/wp-content\/uploads\/2025\/03\/RRCC_Prado_pasacalle3.jpg 1181w\" sizes=\"auto, (max-width: 1024px) 100vw, 1024px\" \/><\/figure>\n<\/figure>\n","protected":false},"excerpt":{"rendered":"<div class=\"mh-excerpt\">Aquest dissabte al mat\u00ed, les comissions falleres Reis Cat\u00f2lics i El Prat han desfilat juntes en un acte ple de color i alegria. Aprofitant el sol radiant i les temperatures agradables, els fallers han eixit <a class=\"mh-excerpt-more\" href=\"https:\/\/tucomarca.whitekongsoftware.com\/ca\/fotogaleria-les-comissions-de-reis-catolics-i-el-prat-desfilen-aquest-dissabte-per-a-gaudir-duns-actes-de-falles-deslluits-per-les-pluges\/\" title=\"Fotogaler\u00eda: les comissions de Reis Cat\u00f2lics i El Prat desfilen aquest dissabte per a gaudir d&#8217;uns actes de Falles desllu\u00efts per les pluges\">[+] <\/a><\/div>\n","protected":false},"author":12,"featured_media":259626,"comment_status":"open","ping_status":"open","sticky":false,"template":"","format":"gallery","meta":{"footnotes":""},"categories":[10911,10894,10912,11007,10896],"tags":[10913,15649,11948,20849,10914],"class_list":["post-259628","post","type-post","status-publish","format-gallery","has-post-thumbnail","category-bunol-ca","category-la-comarca-ca","category-la-hoya-ca","category-ocio-y-cultura-ca","category-seccion-ca","tag-bunol-ca","tag-falla-el-prado-ca","tag-falla-reyes-catolicos-y-adyacentes-ca","tag-fallas-2025-ca","tag-la-hoya-de-bunol-chiva-ca","post_format-post-format-gallery"],"_links":{"self":[{"href":"https:\/\/tucomarca.whitekongsoftware.com\/ca\/wp-json\/wp\/v2\/posts\/259628","targetHints":{"allow":["GET"]}}],"collection":[{"href":"https:\/\/tucomarca.whitekongsoftware.com\/ca\/wp-json\/wp\/v2\/posts"}],"about":[{"href":"https:\/\/tucomarca.whitekongsoftware.com\/ca\/wp-json\/wp\/v2\/types\/post"}],"author":[{"embeddable":true,"href":"https:\/\/tucomarca.whitekongsoftware.com\/ca\/wp-json\/wp\/v2\/users\/12"}],"replies":[{"embeddable":true,"href":"https:\/\/tucomarca.whitekongsoftware.com\/ca\/wp-json\/wp\/v2\/comments?post=259628"}],"version-history":[{"count":0,"href":"https:\/\/tucomarca.whitekongsoftware.com\/ca\/wp-json\/wp\/v2\/posts\/259628\/revisions"}],"wp:featuredmedia":[{"embeddable":true,"href":"https:\/\/tucomarca.whitekongsoftware.com\/ca\/wp-json\/wp\/v2\/media\/259626"}],"wp:attachment":[{"href":"https:\/\/tucomarca.whitekongsoftware.com\/ca\/wp-json\/wp\/v2\/media?parent=259628"}],"wp:term":[{"taxonomy":"category","embeddable":true,"href":"https:\/\/tucomarca.whitekongsoftware.com\/ca\/wp-json\/wp\/v2\/categories?post=259628"},{"taxonomy":"post_tag","embeddable":true,"href":"https:\/\/tucomarca.whitekongsoftware.com\/ca\/wp-json\/wp\/v2\/tags?post=259628"}],"curies":[{"name":"wp","href":"https:\/\/api.w.org\/{rel}","templated":true}]}}