{"id":259591,"date":"2025-03-29T09:00:00","date_gmt":"2025-03-29T08:00:00","guid":{"rendered":"https:\/\/www.tucomarca.com\/wordpress\/segunda\/?p=259591"},"modified":"2025-03-29T13:40:38","modified_gmt":"2025-03-29T12:40:38","slug":"la-comissio-avaluadora-del-ivc-aprova-que-passen-a-la-fase-dentrevistes-tres-aspirants-a-la-direccio-adjunta-daudiovisuals-i-cinc-per-a-musica","status":"publish","type":"post","link":"https:\/\/tucomarca.whitekongsoftware.com\/ca\/la-comissio-avaluadora-del-ivc-aprova-que-passen-a-la-fase-dentrevistes-tres-aspirants-a-la-direccio-adjunta-daudiovisuals-i-cinc-per-a-musica\/","title":{"rendered":"La comissi\u00f3 avaluadora del IVC aprova que passen a la fase d&#8217;entrevistes tres aspirants a la direcci\u00f3 adjunta d&#8217;Audiovisuals i cinc per a M\u00fasica"},"content":{"rendered":"\n<h3 class=\"wp-block-heading\"><strong>Les persones seleccionades seran convocades la setmana vinent per la comissi\u00f3 de valoraci\u00f3 per a la realitzaci\u00f3 d&#8217;una entrevista sobre els m\u00e8rits al\u00b7legats i les funcions assignades a la direcci\u00f3 adjunta a la qual s&#8217;opte<\/strong>.<\/h3>\n\n\n\n<p class=\"wp-block-paragraph\">La comissi\u00f3 avaluadora per a elegir a les noves direccions adjuntes del Institut Valenci\u00e0 de Cultura (IVC) continua avan\u00e7ant en el proc\u00e9s. En la reuni\u00f3 del dilluns es va aprovar que dels onze aspirants a la direcci\u00f3 adjunta d&#8217;Audiovisuals i Cinematografia passaren tres a la fase d&#8217;entrevistes, i en la reuni\u00f3 d&#8217;aquest divendres s&#8217;ha determinat que de les quinze candidatures a la direcci\u00f3 de M\u00fasica i Cultura Popular Valenciana passen cinc.<\/p>\n\n\n\n<p class=\"wp-block-paragraph\">En aquesta primera fase de baremaci\u00f3 de candidatures s&#8217;ha examinat la documentaci\u00f3 aportada pels aspirants, comprovant el compliment dels requisits de participaci\u00f3 i avaluant els m\u00e8rits al\u00b7legats, que suposen el 60% de la puntuaci\u00f3 sobre el total del procediment de selecci\u00f3.<\/p>\n\n\n\n<p class=\"wp-block-paragraph\">Les persones seleccionades seran convocades la setmana vinent per la comissi\u00f3 de valoraci\u00f3 per a la realitzaci\u00f3 d&#8217;una entrevista que versar\u00e0 sobre els m\u00e8rits al\u00b7legats i les funcions assignades a la direcci\u00f3 adjunta a la qual s&#8217;opte. La valoraci\u00f3 de l&#8217;entrevista suposar\u00e0 un 40% sobre el total del procediment de selecci\u00f3.<\/p>\n\n\n\n<p class=\"wp-block-paragraph\">Els criteris de valoraci\u00f3 s\u00f3n, entre altres, la solv\u00e8ncia acad\u00e8mica, professional, t\u00e8cnica, cient\u00edfica o art\u00edstica; l&#8217;experi\u00e8ncia en l&#8217;acompliment de llocs de responsabilitat en la gesti\u00f3 p\u00fablica o privada relacionada amb la disciplina corresponent a la Direcci\u00f3 Adjunta a la qual s&#8217;opte; la capacitat de lideratge per a planificar, implementar i revisar estrat\u00e8gies, pol\u00edtiques i programes que facen possible aconseguir per part del IVC la seua missi\u00f3 i objectius; la capacitat de comunicaci\u00f3 i negociaci\u00f3; la formaci\u00f3 en igualtat de g\u00e8nere; i el coneixement d&#8217;idiomes, especialment dels cooficials de la Comunitat Valenciana.<\/p>\n\n\n\n<p class=\"wp-block-paragraph\">Les persones que integren la comissi\u00f3 de valoraci\u00f3 s\u00f3n la secret\u00e0ria auton\u00f2mica de Cultura, Pilar T\u00e9bar, el director general de Cultura, Miquel Nadal, el director general del IVC, \u00c1lvaro L\u00f3pez-Jamar i Jos\u00e9 Luis Pinotti, Rafael Maluenda i Manuel Galduf, com a persones expertes i de reconegut prestigi de l&#8217;\u00e0mbit de la gesti\u00f3 cultural i de l&#8217;\u00e0mbit de l&#8217;audiovisual i de la m\u00fasica, respectivament.<\/p>\n\n\n\n<p class=\"wp-block-paragraph\">Totes les persones i institucions p\u00fabliques implicades en el proc\u00e9s de selecci\u00f3 de candidats s&#8217;han comprom\u00e9s a garantir l&#8217;absoluta confidencialitat de totes les dades personals i professionals d&#8217;aquests, assegurant que la participaci\u00f3 dels no seleccionats es mantindr\u00e0 en l&#8217;estricte \u00e0mbit del coneixement. Tan sols es far\u00e0 p\u00fablic exclusivament el nom de les persones que resulten seleccionades.<a><\/a><\/p>\n","protected":false},"excerpt":{"rendered":"<div class=\"mh-excerpt\">Les persones seleccionades seran convocades la setmana vinent per la comissi\u00f3 de valoraci\u00f3 per a la realitzaci\u00f3 d&#8217;una entrevista sobre els m\u00e8rits al\u00b7legats i les funcions assignades a la direcci\u00f3 adjunta a la qual s&#8217;opte. <a class=\"mh-excerpt-more\" href=\"https:\/\/tucomarca.whitekongsoftware.com\/ca\/la-comissio-avaluadora-del-ivc-aprova-que-passen-a-la-fase-dentrevistes-tres-aspirants-a-la-direccio-adjunta-daudiovisuals-i-cinc-per-a-musica\/\" title=\"La comissi\u00f3 avaluadora del IVC aprova que passen a la fase d&#8217;entrevistes tres aspirants a la direcci\u00f3 adjunta d&#8217;Audiovisuals i cinc per a M\u00fasica\">[+] <\/a><\/div>\n","protected":false},"author":12,"featured_media":229188,"comment_status":"open","ping_status":"open","sticky":false,"template":"","format":"standard","meta":{"footnotes":""},"categories":[10898,10904,11007,10896],"tags":[22068,11199,15856],"class_list":["post-259591","post","type-post","status-publish","format-standard","has-post-thumbnail","category-ventana-ca","category-sin-categorizar-ca","category-ocio-y-cultura-ca","category-seccion-ca","tag-ivc-institut-valencia-de-cultura-ca","tag-la-comunitat-ca","tag-ocio-y-cultura-ca"],"_links":{"self":[{"href":"https:\/\/tucomarca.whitekongsoftware.com\/ca\/wp-json\/wp\/v2\/posts\/259591","targetHints":{"allow":["GET"]}}],"collection":[{"href":"https:\/\/tucomarca.whitekongsoftware.com\/ca\/wp-json\/wp\/v2\/posts"}],"about":[{"href":"https:\/\/tucomarca.whitekongsoftware.com\/ca\/wp-json\/wp\/v2\/types\/post"}],"author":[{"embeddable":true,"href":"https:\/\/tucomarca.whitekongsoftware.com\/ca\/wp-json\/wp\/v2\/users\/12"}],"replies":[{"embeddable":true,"href":"https:\/\/tucomarca.whitekongsoftware.com\/ca\/wp-json\/wp\/v2\/comments?post=259591"}],"version-history":[{"count":0,"href":"https:\/\/tucomarca.whitekongsoftware.com\/ca\/wp-json\/wp\/v2\/posts\/259591\/revisions"}],"wp:featuredmedia":[{"embeddable":true,"href":"https:\/\/tucomarca.whitekongsoftware.com\/ca\/wp-json\/wp\/v2\/media\/229188"}],"wp:attachment":[{"href":"https:\/\/tucomarca.whitekongsoftware.com\/ca\/wp-json\/wp\/v2\/media?parent=259591"}],"wp:term":[{"taxonomy":"category","embeddable":true,"href":"https:\/\/tucomarca.whitekongsoftware.com\/ca\/wp-json\/wp\/v2\/categories?post=259591"},{"taxonomy":"post_tag","embeddable":true,"href":"https:\/\/tucomarca.whitekongsoftware.com\/ca\/wp-json\/wp\/v2\/tags?post=259591"}],"curies":[{"name":"wp","href":"https:\/\/api.w.org\/{rel}","templated":true}]}}