{"id":259556,"date":"2025-03-28T10:20:00","date_gmt":"2025-03-28T09:20:00","guid":{"rendered":"https:\/\/www.tucomarca.com\/wordpress\/segunda\/?p=259556"},"modified":"2025-03-28T20:09:29","modified_gmt":"2025-03-28T19:09:29","slug":"la-diputacio-ajudara-a-higueruelas-a-remodelar-integrament-lajuntament","status":"publish","type":"post","link":"https:\/\/tucomarca.whitekongsoftware.com\/ca\/la-diputacio-ajudara-a-higueruelas-a-remodelar-integrament-lajuntament\/","title":{"rendered":"La Diputaci\u00f3 ajudar\u00e0 a Higueruelas a remodelar \u00edntegrament l&#8217;ajuntament"},"content":{"rendered":"\n<h3 class=\"wp-block-heading\"><strong><strong>Els fons provincials han servit per a rehabilitar la Casa de la Cultura i la Llar Social, renovar parcs, sectoritzar la xarxa d&#8217;aigua potable i millorar el col\u00b7legi i l&#8217;escola infantil. Ara, el Pla Obert finan\u00e7a el gran projecte de la legislatura en el consistori i l&#8217;ampliaci\u00f3 del cementeri<\/strong><\/strong>.<\/h3>\n\n\n\n<h3 class=\"wp-block-heading\"><strong><strong>La vicepresidenta i responsable de Cooperaci\u00f3, Nat\u00e0lia Enguix, destaca la millora de la qualitat de vida que est\u00e0 experimentant el municipi de la Serran\u00eda amb estes inversions. L&#8217;alcalde, Melanio Esteban, posa en valor un Pla Obert que \u201cpermet planificar i posar en marxa grans projectes\u201d<\/strong><\/strong>.<\/h3>\n\n\n\n<p class=\"wp-block-paragraph\">La remodelaci\u00f3 integral de l&#8217;ajuntament \u00e9s el gran projecte de la legislatura a Higueruelas, i la Diputaci\u00f3 finan\u00e7ar\u00e0 una part important de les obres amb una inversi\u00f3 de 585.000 euros aprovada en el marc del Pla Obert que coordina la vicepresidenta primera, Nat\u00e0lia Enguix. Els treballs comen\u00e7aran en q\u00fcesti\u00f3 de dies, segons avan\u00e7a l&#8217;alcalde, Melanio Esteban, qui destaca \u201cla perspectiva que oferix el nou programa inversor de la Diputaci\u00f3, que ens permet planificar a mitj\u00e0 i llarg termini i posar en marxa grans projectes com la reforma que farem a l&#8217;ajuntament\u201d.<\/p>\n\n\n\n<p class=\"wp-block-paragraph\">Els responsables locals d&#8217;Higueruelas han aprofitat b\u00e9 els fons provincials dels \u00faltims anys per a canviar la imatge d&#8217;este poble de la Serran\u00eda amb poc m\u00e9s de 500 habitants. Fins que finalitzen unes obres que costaran al voltant d&#8217;un mili\u00f3 d&#8217;euros en total, el consistori s&#8217;ha traslladat provisionalment des de la seua seu en la pla\u00e7a de l&#8217;Esgl\u00e9sia fins al baix de la Uni\u00f3 Musical, que una vegada estiga en servici el nou ajuntament podr\u00e0 utilitzar l&#8217;espai ara ocupat per a ampliar les instal\u00b7lacions del local d&#8217;assaig, les oficines i l&#8217;escola d&#8217;educands. \u201cHem pogut fer moltes coses amb els diners dels plans d&#8217;inversions de la Diputaci\u00f3, i encara disposem de cr\u00e8dit en el Pla Obert i del Fons de Cooperaci\u00f3 per a anar completant altres actuacions que tenim pendents\u201d, explica l&#8217;alcalde.<\/p>\n\n\n\n<p class=\"wp-block-paragraph\">La vicepresidenta Enguix mostra la seua satisfacci\u00f3 per la millora de la qualitat de vida en un municipi que en els \u00faltims anys \u201cha rehabilitat la Casa de la Cultura i la Llar Social; ha renovat els seus parcs; ha fet millores en el col\u00b7legi i l&#8217;escola infantil; ha sectoritzat la xarxa d&#8217;aigua potable; i ha reurbanitzat carrers i camins, amb actuacions importants com la realitzada en el barri del Cristo\u201d. \u201cEixa \u00e9s l&#8217;ess\u00e8ncia del Pla Obert, oferir als ajuntaments els recursos econ\u00f2mics i t\u00e8cnics, aix\u00ed com totes les facilitats perqu\u00e8 puguen executar els projectes que ens presenten, que com ocorre a Higueruelas s\u00f3n molt necessaris per a millorar infraestructures i servicis i fixar poblaci\u00f3\u201d, afig Enguix.<\/p>\n\n\n\n<p class=\"wp-block-paragraph\">En el cas concret de l&#8217;Ajuntament d&#8217;Higueruelas, el projecte contempla \u201cla reforma integral d&#8217;unes instal\u00b7lacions obsoletes que volem convertir en un edifici del segle XXI, i que ampliarem amb els habitatges annexos que hem adquirit\u201d, explica l&#8217;alcalde. Melanio Esteban avan\u00e7a que la planta baixa acollir\u00e0 la zona administrativa per a facilitar l&#8217;accessibilitat de les ve\u00efnes i ve\u00efns, en un nou espai que comptar\u00e0 amb sales de reunions i una sala d&#8217;exposicions. Tamb\u00e9 s&#8217;ampliar\u00e0 el sal\u00f3 de plens i s&#8217;habilitar\u00e0 una sala de teletreball o coworking en la planta tercera, amb un ascensor que donar\u00e0 acc\u00e9s a totes les plantes. La renovaci\u00f3 de la fa\u00e7ana i exteriors, que inclou un jard\u00ed vertical en el t\u00fanel que comunica la pla\u00e7a de l&#8217;Esgl\u00e9sia amb el carrer de la Balsa, completar\u00e0 les obres.<\/p>\n\n\n\n<p class=\"wp-block-paragraph\"><strong>Pla Obert i Fons de Cooperaci\u00f3<\/strong><\/p>\n\n\n\n<p class=\"wp-block-paragraph\">La Diputaci\u00f3 que presidix Vicent Momp\u00f3 va assignar a Higueruelas 708.000 euros en el Pla Obert, 85.000 euros m\u00e9s que en la passada legislatura. A l&#8217;octubre, l&#8217;\u00e0rea de Cooperaci\u00f3 que coordina Nat\u00e0lia Enguix va donar llum verda a les sol\u00b7licituds de remodelaci\u00f3 de l&#8217;ajuntament i ampliaci\u00f3 del cementeri, esta \u00faltima ja completada. A esta quantitat cal sumar la part que rebr\u00e0 el municipi del Fons de Cooperaci\u00f3, la primera entrega de la qual est\u00e0 prevista aprovar en el ple del pr\u00f2xim dilluns i que podr\u00e0 destinar-se tant a inversi\u00f3 com a despesa corrent.<\/p>\n\n\n\n<p class=\"wp-block-paragraph\">El president de la Diputaci\u00f3, Vicent Momp\u00f3, garantix als consistoris \u201cla proximitat i el suport t\u00e8cnic i econ\u00f2mic per a convertir en realitat les seues propostes de present i de futur\u201d. Momp\u00f3 t\u00e9 molt clara la prioritat de l&#8217;executiu provincial, que no \u00e9s una altra que \u201cinvertir fins a l&#8217;\u00faltim c\u00e8ntim del Pla Obert i dels fons provincials en els municipis, i que els diners es tradu\u00efsquen en millores reals per als habitants de la prov\u00edncia\u201d. Per part seua, la vicepresidenta Enguix recorda que els ajuntaments \u201cpoden presentar les sol\u00b7licituds del Pla Obert en qualsevol moment\u201d, i que en el present exercici hi ha pressupostats 105 milions d&#8217;euros per a executar els projectes de municipis, mancomunitats i entitats locals menors.<\/p>\n\n\n\n<figure class=\"wp-block-gallery has-nested-images columns-default is-cropped wp-block-gallery-1 is-layout-flex wp-block-gallery-is-layout-flex\">\n<figure class=\"wp-block-image size-large\"><img loading=\"lazy\" decoding=\"async\" width=\"1024\" height=\"683\" data-id=\"259553\" src=\"https:\/\/www.tucomarca.com\/wordpress\/segunda\/wp-content\/uploads\/2025\/03\/VicenteMompo_MelanioEsteban-1024x683.jpg\" alt=\"\" class=\"wp-image-259553\" srcset=\"https:\/\/tucomarca.whitekongsoftware.com\/wp-content\/uploads\/2025\/03\/VicenteMompo_MelanioEsteban-1024x683.jpg 1024w, https:\/\/tucomarca.whitekongsoftware.com\/wp-content\/uploads\/2025\/03\/VicenteMompo_MelanioEsteban-300x200.jpg 300w, https:\/\/tucomarca.whitekongsoftware.com\/wp-content\/uploads\/2025\/03\/VicenteMompo_MelanioEsteban-768x512.jpg 768w, https:\/\/tucomarca.whitekongsoftware.com\/wp-content\/uploads\/2025\/03\/VicenteMompo_MelanioEsteban-1536x1024.jpg 1536w, https:\/\/tucomarca.whitekongsoftware.com\/wp-content\/uploads\/2025\/03\/VicenteMompo_MelanioEsteban-2048x1365.jpg 2048w\" sizes=\"auto, (max-width: 1024px) 100vw, 1024px\" \/><\/figure>\n\n\n\n<figure class=\"wp-block-image size-large\"><img loading=\"lazy\" decoding=\"async\" width=\"899\" height=\"636\" data-id=\"259549\" src=\"https:\/\/www.tucomarca.com\/wordpress\/segunda\/wp-content\/uploads\/2025\/03\/Higueruelas.jpg\" alt=\"\" class=\"wp-image-259549\" srcset=\"https:\/\/tucomarca.whitekongsoftware.com\/wp-content\/uploads\/2025\/03\/Higueruelas.jpg 899w, https:\/\/tucomarca.whitekongsoftware.com\/wp-content\/uploads\/2025\/03\/Higueruelas-300x212.jpg 300w, https:\/\/tucomarca.whitekongsoftware.com\/wp-content\/uploads\/2025\/03\/Higueruelas-768x543.jpg 768w\" sizes=\"auto, (max-width: 899px) 100vw, 899px\" \/><\/figure>\n<\/figure>\n","protected":false},"excerpt":{"rendered":"<div class=\"mh-excerpt\">Els fons provincials han servit per a rehabilitar la Casa de la Cultura i la Llar Social, renovar parcs, sectoritzar la xarxa d&#8217;aigua potable i millorar el col\u00b7legi i l&#8217;escola infantil. Ara, el Pla Obert <a class=\"mh-excerpt-more\" href=\"https:\/\/tucomarca.whitekongsoftware.com\/ca\/la-diputacio-ajudara-a-higueruelas-a-remodelar-integrament-lajuntament\/\" title=\"La Diputaci\u00f3 ajudar\u00e0 a Higueruelas a remodelar \u00edntegrament l&#8217;ajuntament\">[+] <\/a><\/div>\n","protected":false},"author":13,"featured_media":259552,"comment_status":"open","ping_status":"open","sticky":false,"template":"","format":"standard","meta":{"footnotes":""},"categories":[20520,11046,11033,10948,10894,10904,20456,10947,10896],"tags":[20516,12903,21108],"class_list":["post-259556","post","type-post","status-publish","format-standard","has-post-thumbnail","category-cooperacio-municipal","category-los-serranos-ca","category-higueruelas-ca","category-infraestructuras-ca","category-la-comarca-ca","category-sin-categorizar-ca","category-la-diputacio-de-valencia-informa-ca","category-politica","category-seccion-ca","tag-cooperacion-municipal-ca","tag-infraestructuras-ca","tag-la-diputacio-en-las-comarcas-ca"],"_links":{"self":[{"href":"https:\/\/tucomarca.whitekongsoftware.com\/ca\/wp-json\/wp\/v2\/posts\/259556","targetHints":{"allow":["GET"]}}],"collection":[{"href":"https:\/\/tucomarca.whitekongsoftware.com\/ca\/wp-json\/wp\/v2\/posts"}],"about":[{"href":"https:\/\/tucomarca.whitekongsoftware.com\/ca\/wp-json\/wp\/v2\/types\/post"}],"author":[{"embeddable":true,"href":"https:\/\/tucomarca.whitekongsoftware.com\/ca\/wp-json\/wp\/v2\/users\/13"}],"replies":[{"embeddable":true,"href":"https:\/\/tucomarca.whitekongsoftware.com\/ca\/wp-json\/wp\/v2\/comments?post=259556"}],"version-history":[{"count":0,"href":"https:\/\/tucomarca.whitekongsoftware.com\/ca\/wp-json\/wp\/v2\/posts\/259556\/revisions"}],"wp:featuredmedia":[{"embeddable":true,"href":"https:\/\/tucomarca.whitekongsoftware.com\/ca\/wp-json\/wp\/v2\/media\/259552"}],"wp:attachment":[{"href":"https:\/\/tucomarca.whitekongsoftware.com\/ca\/wp-json\/wp\/v2\/media?parent=259556"}],"wp:term":[{"taxonomy":"category","embeddable":true,"href":"https:\/\/tucomarca.whitekongsoftware.com\/ca\/wp-json\/wp\/v2\/categories?post=259556"},{"taxonomy":"post_tag","embeddable":true,"href":"https:\/\/tucomarca.whitekongsoftware.com\/ca\/wp-json\/wp\/v2\/tags?post=259556"}],"curies":[{"name":"wp","href":"https:\/\/api.w.org\/{rel}","templated":true}]}}