{"id":259497,"date":"2025-03-28T09:07:00","date_gmt":"2025-03-28T08:07:00","guid":{"rendered":"https:\/\/www.tucomarca.com\/wordpress\/segunda\/?p=259497"},"modified":"2025-03-28T19:15:49","modified_gmt":"2025-03-28T18:15:49","slug":"labora-abona-15-milions-deuros-als-autonoms-sense-treballadors-de-la-zona-afectada-que-ho-van-sollicitar-en-la-segona-convocatoria","status":"publish","type":"post","link":"https:\/\/tucomarca.whitekongsoftware.com\/ca\/labora-abona-15-milions-deuros-als-autonoms-sense-treballadors-de-la-zona-afectada-que-ho-van-sollicitar-en-la-segona-convocatoria\/","title":{"rendered":"Labora abona 15 milions d\u2019euros als aut\u00f2noms sense treballadors de la zona afectada que ho van sol\u00b7licitar en la segona convocat\u00f2ria"},"content":{"rendered":"\n<h3 class=\"wp-block-heading\">El secretari auton\u00f2mic d&#8217;Ocupaci\u00f3 ressalta que la Generalitat ha abonat l&#8217;ajuda nom\u00e9s set dies despr\u00e9s del tancament del termini.<\/h3>\n\n\n\n<h3 class=\"wp-block-heading\">M\u00e9s de 5.000 aut\u00f2noms l&#8217;han sol\u00b7licitada en aquesta segona convocat\u00f2ria.<\/h3>\n\n\n\n<p class=\"wp-block-paragraph\">El secretari auton\u00f2mic d&#8217;Ocupaci\u00f3, Antonio Galva\u00f1, ha anunciat que Labora, el Servici Valenci\u00e0 d&#8217;Ocupaci\u00f3 i Formaci\u00f3, ja ha abonat els 3.000 euros d&#8217;ajuda directa a les 5.050 persones aut\u00f2nomes sense treballadors que ho han sol\u00b7licitat en aquesta segona convocat\u00f2ria.<\/p>\n\n\n\n<p class=\"wp-block-paragraph\">Galva\u00f1 ha informat que en total s\u00f3n 15.100.000 euros els que Labora ha destinat a aquesta segona convocat\u00f2ria, que t\u00e9 per objecte fer costat a un dels col\u00b7lectius que m\u00e9s directament estan patint les conseq\u00fc\u00e8ncies de la riuada: els xicotets aut\u00f2noms.<\/p>\n\n\n\n<p class=\"wp-block-paragraph\">Aix\u00ed mateix, el responsable d&#8217;Ocupaci\u00f3 ha posat en valor la \u201cagilitat de l&#8217;administraci\u00f3\u201d, que ha aconseguit poder abonar l&#8217;ajuda \u201cnom\u00e9s set dies despr\u00e9s del tancament del termini\u201d. \u201cLa Generalitat ha posat en marxa tota la seua maquin\u00e0ria administrativa per a evitar que l&#8217;economia valenciana patisca les conseq\u00fc\u00e8ncies de la riuada\u201d, ha declarat.<\/p>\n\n\n\n<p class=\"wp-block-paragraph\">El director general de Labora ha recordat que el Servici Valenci\u00e0 d&#8217;Ocupaci\u00f3 i Formaci\u00f3 ha posat en marxa dues convocat\u00f2ries per a fer costat als aut\u00f2noms sense treballadors que en total han beneficiat a 18.300 persones i als quals la Generalitat ha destinat 55 milions d&#8217;euros.<\/p>\n\n\n\n<p class=\"wp-block-paragraph\">Els requisits per a accedir a aquestes ajudes era ser persones aut\u00f2nomes donades d&#8217;alta com a treballador aut\u00f2nom en la Seguretat Social o en alguna mutualitat, que el lloc de treball que figura en l&#8217;IAE se situe en la zona el territori damnificat a conseq\u00fc\u00e8ncia de la Depressi\u00f3 A\u00efllada en Nivells Alts i que no tingueren contractada a cap persona treballadora per compte d&#8217;altri.<\/p>\n\n\n\n<p class=\"wp-block-paragraph\">Aix\u00ed mateix, tamb\u00e9 s&#8217;han pogut beneficiar les persones treballadores aut\u00f2nomes que formen part de comunitats de b\u00e9ns o de qualsevol altra entitat sense personalitat jur\u00eddica.<\/p>\n\n\n\n<p class=\"wp-block-paragraph\">Aquesta ajuda \u00e9s compatible amb altres subvencions per a la mateixa finalitat procedents de qualsevol administraci\u00f3 o ens p\u00fablic o privat, nacional, de la Uni\u00f3 Europea o organisme internacional.<\/p>\n\n\n\n<p class=\"wp-block-paragraph\">Cal recordar que la gesti\u00f3 s&#8217;ha realitzat sense burocr\u00e0cia, de manera que ha bastat amb presentar un formulari de dades i una declaraci\u00f3 responsable de complir els requisits.<\/p>\n","protected":false},"excerpt":{"rendered":"<div class=\"mh-excerpt\">El secretari auton\u00f2mic d&#8217;Ocupaci\u00f3 ressalta que la Generalitat ha abonat l&#8217;ajuda nom\u00e9s set dies despr\u00e9s del tancament del termini. M\u00e9s de 5.000 aut\u00f2noms l&#8217;han sol\u00b7licitada en aquesta segona convocat\u00f2ria. El secretari auton\u00f2mic d&#8217;Ocupaci\u00f3, Antonio Galva\u00f1, <a class=\"mh-excerpt-more\" href=\"https:\/\/tucomarca.whitekongsoftware.com\/ca\/labora-abona-15-milions-deuros-als-autonoms-sense-treballadors-de-la-zona-afectada-que-ho-van-sollicitar-en-la-segona-convocatoria\/\" title=\"Labora abona 15 milions d\u2019euros als aut\u00f2noms sense treballadors de la zona afectada que ho van sol\u00b7licitar en la segona convocat\u00f2ria\">[+] <\/a><\/div>\n","protected":false},"author":13,"featured_media":243067,"comment_status":"open","ping_status":"open","sticky":false,"template":"","format":"standard","meta":{"footnotes":""},"categories":[21466,10898,10948,10894,10904,10903,10947,10896,10897],"tags":[15409,11199,11485],"class_list":["post-259497","post","type-post","status-publish","format-standard","has-post-thumbnail","category-dana-ca","category-ventana-ca","category-infraestructuras-ca","category-la-comarca-ca","category-sin-categorizar-ca","category-medio-ambiente-la-comarca-ca","category-politica","category-seccion-ca","category-sucesos-la-comarca-ca","tag-dana-2-ca","tag-la-comunitat-ca","tag-labora-ca"],"_links":{"self":[{"href":"https:\/\/tucomarca.whitekongsoftware.com\/ca\/wp-json\/wp\/v2\/posts\/259497","targetHints":{"allow":["GET"]}}],"collection":[{"href":"https:\/\/tucomarca.whitekongsoftware.com\/ca\/wp-json\/wp\/v2\/posts"}],"about":[{"href":"https:\/\/tucomarca.whitekongsoftware.com\/ca\/wp-json\/wp\/v2\/types\/post"}],"author":[{"embeddable":true,"href":"https:\/\/tucomarca.whitekongsoftware.com\/ca\/wp-json\/wp\/v2\/users\/13"}],"replies":[{"embeddable":true,"href":"https:\/\/tucomarca.whitekongsoftware.com\/ca\/wp-json\/wp\/v2\/comments?post=259497"}],"version-history":[{"count":0,"href":"https:\/\/tucomarca.whitekongsoftware.com\/ca\/wp-json\/wp\/v2\/posts\/259497\/revisions"}],"wp:featuredmedia":[{"embeddable":true,"href":"https:\/\/tucomarca.whitekongsoftware.com\/ca\/wp-json\/wp\/v2\/media\/243067"}],"wp:attachment":[{"href":"https:\/\/tucomarca.whitekongsoftware.com\/ca\/wp-json\/wp\/v2\/media?parent=259497"}],"wp:term":[{"taxonomy":"category","embeddable":true,"href":"https:\/\/tucomarca.whitekongsoftware.com\/ca\/wp-json\/wp\/v2\/categories?post=259497"},{"taxonomy":"post_tag","embeddable":true,"href":"https:\/\/tucomarca.whitekongsoftware.com\/ca\/wp-json\/wp\/v2\/tags?post=259497"}],"curies":[{"name":"wp","href":"https:\/\/api.w.org\/{rel}","templated":true}]}}