{"id":259421,"date":"2025-03-27T12:00:00","date_gmt":"2025-03-27T11:00:00","guid":{"rendered":"https:\/\/www.tucomarca.com\/wordpress\/segunda\/?p=259421"},"modified":"2025-03-27T12:24:36","modified_gmt":"2025-03-27T11:24:36","slug":"turis-gaudeix-des-daquest-dijous-els-seus-dies-grans-de-falles","status":"publish","type":"post","link":"https:\/\/tucomarca.whitekongsoftware.com\/ca\/turis-gaudeix-des-daquest-dijous-els-seus-dies-grans-de-falles\/","title":{"rendered":"Tur\u00eds gaudeix des d&#8217;aquest dijous els seus dies grans de Falles"},"content":{"rendered":"\n<h3 class=\"wp-block-heading\">La localitat celebra les seues Falles del 27 al 30 de mar\u00e7 amb una completa programaci\u00f3 festiva<\/h3>\n\n\n\n<p class=\"wp-block-paragraph\">Les cinc comissions falleres del municipi de Tur\u00eds gaudeixen des d&#8217;aquest dijous els seus dies grans de Falles, que compten amb tot un complet programa faller que finalitzar\u00e0 el diumenge amb les crem\u00e0s.<\/p>\n\n\n\n<p class=\"wp-block-paragraph\"><strong>DIJOUS, 27 DE MAR\u00c7<\/strong><\/p>\n\n\n\n<p class=\"wp-block-paragraph\">Durant tota la vesprada, parcs infantils en totes les demarcacions per als xiquets i xiquetes.<\/p>\n\n\n\n<p class=\"wp-block-paragraph\">A les 22.00 h, sopar de la plant\u00e0. En els cinc casals sopes de germanor.<\/p>\n\n\n\n<p class=\"wp-block-paragraph\">A les 23.30 h, a l&#8217;Ajuntament de Tur\u00eds es cantaran les primeres &#8220;albades&#8221;, i a continuaci\u00f3, es far\u00e0 un recorregut per tots els casals per a oferir aquests cants a les falleres majors de les comissions, amb l&#8217;ordre seg\u00fcent: L\u2019Antiga Fontanella, Els Barris, Placeta del Marqu\u00e9s, Av. Corts Valencianes i Pla\u00e7a del Mercat. Aquesta nit als casals ja es poden provar els primers bunyols acompanyats de vi dol\u00e7 Canyamar o mistela.<\/p>\n\n\n\n<p class=\"wp-block-paragraph\"><strong>DIVENDRES, 28 DE MAR\u00c7<\/strong><\/p>\n\n\n\n<p class=\"wp-block-paragraph\">A les 12.00 h cercaviles pels carrers del nostre poble.<\/p>\n\n\n\n<p class=\"wp-block-paragraph\">A les 13.00 h trobe i recepci\u00f3 a l&#8217;Ajuntament de les cinc comissions. A continuaci\u00f3 s&#8217;interpretar\u00e0 el pasdoble \u201cEl faller\u201d a c\u00e0rrec de les bandes de m\u00fasica.<\/p>\n\n\n\n<p class=\"wp-block-paragraph\">A les 13.30 h la Falla Pla\u00e7a del Mercat disparar\u00e0 una minimasclet\u00e0 en la Pl. Vicent Ribes.<\/p>\n\n\n\n<p class=\"wp-block-paragraph\">A les 14.00 h traca \u201crebos\u00e0\u201d de Placeta del Marqu\u00e9s que anir\u00e0 des dels &#8220;quatre cantons&#8221; fins a la placeta.<\/p>\n\n\n\n<p class=\"wp-block-paragraph\">A les 18.00 h, cercaviles pels carrers del nostre poble amb especial atenci\u00f3 als infantils de les comissions, que aniran tots disfressats.<\/p>\n\n\n\n<p class=\"wp-block-paragraph\">A les 23.30 h Parada Mora a c\u00e0rrec de la falla Placeta del Marqu\u00e9s.<\/p>\n\n\n\n<p class=\"wp-block-paragraph\">A les 00.00 h Correfoc a c\u00e0rrec de la falla Els Barris.<\/p>\n\n\n\n<p class=\"wp-block-paragraph\">A partir de les 00.00 h, revetles en totes les demarcacions i degustaci\u00f3 de bunyols i vi dol\u00e7 de Canyamar o mistela.<\/p>\n\n\n\n<p class=\"wp-block-paragraph\"><strong>DISSABTE, 29 DE MAR\u00c7<\/strong><\/p>\n\n\n\n<p class=\"wp-block-paragraph\">A les 12.00 h cercaviles pels carrers del nostre poble.<\/p>\n\n\n\n<p class=\"wp-block-paragraph\">A les 13.00 h Entrada de Bandes a c\u00e0rrec de la falla Els Barris per l&#8217;Av. Blasco Ib\u00e1\u00f1ez.<\/p>\n\n\n\n<p class=\"wp-block-paragraph\">A les 14.00 h masclet\u00e0 de la Falla Placeta del Marqu\u00e9s en la seua demarcaci\u00f3.<\/p>\n\n\n\n<p class=\"wp-block-paragraph\">A les 18.30 h, ofrena de flors a la Mare de D\u00e9u, amb la participaci\u00f3 de diferents juntes locals d&#8217;altres poblacions i les seues respectives falleres majors, comissions convidades de tota la prov\u00edncia aix\u00ed com la nostra Reina de les Festes, Natalia Soler Morcillo i la seua cort.<\/p>\n\n\n\n<p class=\"wp-block-paragraph\">A continuaci\u00f3, les falleres majors de les nostres comissions oferiran els seus rams a l&#8217;interior del temple parroquial de la Nativitat de La nostra Senyora. Aquesta celebraci\u00f3 ser\u00e0 de car\u00e0cter obert i podr\u00e0 assistir tothom. Per primera vegada, i de manera extraordin\u00e0ria, amb motiu del 75 aniversari de la seua coronaci\u00f3, l&#8217;acte estar\u00e0 presidit per la imatge de la patrona de Tur\u00eds, Mare de D\u00e9u dels Dolors Gloriosos.<\/p>\n\n\n\n<p class=\"wp-block-paragraph\">A partir de les 00.00 h, revetles a totes les demarcacions i degustaci\u00f3 de bunyols i vi dol\u00e7 de Canyamar. Tamb\u00e9 a les 23.59 h gran nit del foc de la falla Els Barris en la zona del centre de salut, carrer Jos\u00e9 Vicente Herrera.<\/p>\n\n\n\n<p class=\"wp-block-paragraph\"><strong>DIUMENGE, 30 DE MAR\u00c7<\/strong><\/p>\n\n\n\n<p class=\"wp-block-paragraph\">A les 12.00 h cercaviles per a arreplegar a les falleres majors.<\/p>\n\n\n\n<p class=\"wp-block-paragraph\">A les 12.30 h tindr\u00e0 lloc la celebraci\u00f3 de la missa en honor en Sant Jos\u00e9, amb l&#8217;assist\u00e8ncia de les cinc comissions falleres del nostre poble.<\/p>\n\n\n\n<p class=\"wp-block-paragraph\"><strong>Horaris mascletaes:<\/strong><\/p>\n\n\n\n<p class=\"wp-block-paragraph\">14.00 h Falla L&#8217;Antiga Fontanella al carrer Tarongers (al costat de la carpa).<\/p>\n\n\n\n<p class=\"wp-block-paragraph\">14.30 h Falla Els Barris, en l&#8217;avinguda Blasco Ib\u00e1\u00f1ez.<\/p>\n\n\n\n<p class=\"wp-block-paragraph\">A les 19.30 h Cavalcada del Foc a c\u00e0rrec de la falla Pla\u00e7a del Mercat que finalitzar\u00e0 amb un espectacle pirodigital en la Pla\u00e7a Vicent Ribes.<\/p>\n\n\n\n<p class=\"wp-block-paragraph\">A partir de les 20.30 h, les comissions falleres aniran cremant les les seues fallitas infantils.<\/p>\n\n\n\n<p class=\"wp-block-paragraph\"><strong>&#8220;Crem\u00e0&#8221; de les falles<\/strong><\/p>\n\n\n\n<p class=\"wp-block-paragraph\">23.00 h L&#8217;Antiga Fontanella.<\/p>\n\n\n\n<p class=\"wp-block-paragraph\">23.30 h Els Barris.<\/p>\n\n\n\n<p class=\"wp-block-paragraph\">00.00 h Placeta del Marqu\u00e9s.<\/p>\n\n\n\n<p class=\"wp-block-paragraph\">00.30 h Av. Corts Valencianes.<\/p>\n\n\n\n<p class=\"wp-block-paragraph\">01.00 h Pla\u00e7a del Mercat.<\/p>\n\n\n\n<p class=\"wp-block-paragraph\">Nota: qualsevol canvi que es puga produir en el programa de festejos s&#8217;avisar\u00e0 oportunament. Es demana comprensi\u00f3, per a celebrar unes festes tolerants i respectuoses entre tot el ve\u00efnat.<\/p>\n\n\n\n<p class=\"wp-block-paragraph\">Aix\u00ed com precauci\u00f3, ateses les indicacions que se&#8217;ns facen des de Junta Local Fallera, Policia Local i Protecci\u00f3 Civil per a viure unes falles segures.<\/p>\n\n\n\n<p class=\"wp-block-paragraph\"><\/p>\n","protected":false},"excerpt":{"rendered":"<div class=\"mh-excerpt\">La localitat celebra les seues Falles del 27 al 30 de mar\u00e7 amb una completa programaci\u00f3 festiva Les cinc comissions falleres del municipi de Tur\u00eds gaudeixen des d&#8217;aquest dijous els seus dies grans de Falles, <a class=\"mh-excerpt-more\" href=\"https:\/\/tucomarca.whitekongsoftware.com\/ca\/turis-gaudeix-des-daquest-dijous-els-seus-dies-grans-de-falles\/\" title=\"Tur\u00eds gaudeix des d&#8217;aquest dijous els seus dies grans de Falles\">[+] <\/a><\/div>\n","protected":false},"author":12,"featured_media":217153,"comment_status":"open","ping_status":"open","sticky":false,"template":"","format":"standard","meta":{"footnotes":""},"categories":[11019,10894,10902,11007,10896,11047],"tags":[20849,11356,11093],"class_list":["post-259421","post","type-post","status-publish","format-standard","has-post-thumbnail","category-agenda-ca","category-la-comarca-ca","category-la-ribera-ca","category-ocio-y-cultura-ca","category-seccion-ca","category-turis-ca","tag-fallas-2025-ca","tag-ribera-alta-ca","tag-turis-ca"],"_links":{"self":[{"href":"https:\/\/tucomarca.whitekongsoftware.com\/ca\/wp-json\/wp\/v2\/posts\/259421","targetHints":{"allow":["GET"]}}],"collection":[{"href":"https:\/\/tucomarca.whitekongsoftware.com\/ca\/wp-json\/wp\/v2\/posts"}],"about":[{"href":"https:\/\/tucomarca.whitekongsoftware.com\/ca\/wp-json\/wp\/v2\/types\/post"}],"author":[{"embeddable":true,"href":"https:\/\/tucomarca.whitekongsoftware.com\/ca\/wp-json\/wp\/v2\/users\/12"}],"replies":[{"embeddable":true,"href":"https:\/\/tucomarca.whitekongsoftware.com\/ca\/wp-json\/wp\/v2\/comments?post=259421"}],"version-history":[{"count":0,"href":"https:\/\/tucomarca.whitekongsoftware.com\/ca\/wp-json\/wp\/v2\/posts\/259421\/revisions"}],"wp:featuredmedia":[{"embeddable":true,"href":"https:\/\/tucomarca.whitekongsoftware.com\/ca\/wp-json\/wp\/v2\/media\/217153"}],"wp:attachment":[{"href":"https:\/\/tucomarca.whitekongsoftware.com\/ca\/wp-json\/wp\/v2\/media?parent=259421"}],"wp:term":[{"taxonomy":"category","embeddable":true,"href":"https:\/\/tucomarca.whitekongsoftware.com\/ca\/wp-json\/wp\/v2\/categories?post=259421"},{"taxonomy":"post_tag","embeddable":true,"href":"https:\/\/tucomarca.whitekongsoftware.com\/ca\/wp-json\/wp\/v2\/tags?post=259421"}],"curies":[{"name":"wp","href":"https:\/\/api.w.org\/{rel}","templated":true}]}}