{"id":259318,"date":"2025-03-26T10:35:00","date_gmt":"2025-03-26T09:35:00","guid":{"rendered":"https:\/\/www.tucomarca.com\/wordpress\/segunda\/?p=259318"},"modified":"2025-03-26T14:57:01","modified_gmt":"2025-03-26T13:57:01","slug":"cases-baixes-avanca-en-la-reparacio-de-la-solsida-del-carrer-castella-amb-el-suport-de-la-diputacio-de-valencia","status":"publish","type":"post","link":"https:\/\/tucomarca.whitekongsoftware.com\/ca\/cases-baixes-avanca-en-la-reparacio-de-la-solsida-del-carrer-castella-amb-el-suport-de-la-diputacio-de-valencia\/","title":{"rendered":"Cases Baixes avan\u00e7a en la reparaci\u00f3 de la solsida del carrer Castella amb el suport de la Diputaci\u00f3 de Val\u00e8ncia"},"content":{"rendered":"\n<h3 class=\"wp-block-heading\">La diputada Reme Mazzolari visita les obres al costat de l&#8217;alcalde Pablo Escribano per a supervisar la intervenci\u00f3 finan\u00e7ada \u00edntegrament per la instituci\u00f3 provincial.<\/h3>\n\n\n\n<p class=\"wp-block-paragraph\">L&#8217;Ajuntament de Cases Baixes ha rebut en el mat\u00ed d&#8217;aquest dimarts la visita de Reme Mazzolari Tortajada, diputada responsable de l&#8217;\u00e0rea de Carreteres de la Diputaci\u00f3 de Val\u00e8ncia, per a comprovar in situ l&#8217;avan\u00e7 de les obres d&#8217;emerg\u00e8ncia iniciades despr\u00e9s de la solsida del carrer Castella. La representant provincial ha estat acompanyada per l&#8217;alcalde, Pablo Escribano, Javier Cort\u00e9s, coordinador comarcal del Partit Popular, aix\u00ed com per t\u00e8cnics de la Diputaci\u00f3, enginyers municipals, representants de l&#8217;empresa Pavasal encarregada de l&#8217;execuci\u00f3, i membres de la Corporaci\u00f3 Municipal.<\/p>\n\n\n\n<p class=\"wp-block-paragraph\"><strong>Un acord \u00e0gil per a retornar la normalitat a la zona afectada<\/strong><\/p>\n\n\n\n<p class=\"wp-block-paragraph\">Les obres s&#8217;estan executant despr\u00e9s del despreniment del vial i del mur de contenci\u00f3 ocorregut fa unes setmanes, un incident que va provocar importants danys estructurals encara que, per sort, sense v\u00edctimes. Des del primer moment, el consistori va activar un pla urgent de resposta i va aconseguir tancar un acord amb la Diputaci\u00f3 perqu\u00e8 aquesta finan\u00e7ara la totalitat del cost de la intervenci\u00f3 dins de la seua l\u00ednia d&#8217;inversions d&#8217;emerg\u00e8ncia.<\/p>\n\n\n\n<p class=\"wp-block-paragraph\">Durant la visita, s&#8217;ha posat en valor la celeritat tant en la tramitaci\u00f3 com en l&#8217;inici dels treballs, que van comen\u00e7ar a penes uns dies despr\u00e9s de l&#8217;avaluaci\u00f3 t\u00e8cnica. L&#8217;objectiu \u00e9s que la reparaci\u00f3 continue a bon ritme per a restaurar com m\u00e9s prompte millor el tr\u00e0nsit normal per la via i garantir la seguretat estructural de l&#8217;entorn.<\/p>\n\n\n\n<p class=\"wp-block-paragraph\"><strong>Col\u00b7laboraci\u00f3 institucional per a afrontar emerg\u00e8ncies en xicotets municipis<\/strong><\/p>\n\n\n\n<p class=\"wp-block-paragraph\">L&#8217;alcalde, Pablo Escribano, ha reiterat el seu agra\u00efment a la Diputaci\u00f3 per \u201cla disposici\u00f3 immediata i el suport a un municipi xicotet com el nostre, que no podria assumir per si sol el cost d&#8217;una actuaci\u00f3 d&#8217;aquesta envergadura\u201d. Ha destacat a m\u00e9s la implicaci\u00f3 directa de la diputada Reme Mazzolari, que ha seguit l&#8217;incident des del primer moment i ha facilitat una resposta coordinada entre administracions.<\/p>\n\n\n\n<p class=\"wp-block-paragraph\">La intervenci\u00f3, exemple d&#8217;agilitat en la gesti\u00f3 p\u00fablica d&#8217;emerg\u00e8ncies , es desenvolupa baix criteris t\u00e8cnics per a assegurar l&#8217;estabilitat del carrer i del mur col\u00b7lapsat, amb el comprom\u00eds ferm de retornar la normalitat als ve\u00efns al m\u00e9s prompte possible.<\/p>\n\n\n\n<figure class=\"wp-block-gallery has-nested-images columns-default is-cropped wp-block-gallery-1 is-layout-flex wp-block-gallery-is-layout-flex\">\n<figure class=\"wp-block-image size-large\"><img loading=\"lazy\" decoding=\"async\" width=\"768\" height=\"1024\" data-id=\"259312\" src=\"https:\/\/www.tucomarca.com\/wordpress\/segunda\/wp-content\/uploads\/2025\/03\/CasasBajas_DerrumbeDipu03-768x1024.jpg\" alt=\"\" class=\"wp-image-259312\" srcset=\"https:\/\/tucomarca.whitekongsoftware.com\/wp-content\/uploads\/2025\/03\/CasasBajas_DerrumbeDipu03-768x1024.jpg 768w, https:\/\/tucomarca.whitekongsoftware.com\/wp-content\/uploads\/2025\/03\/CasasBajas_DerrumbeDipu03-225x300.jpg 225w, https:\/\/tucomarca.whitekongsoftware.com\/wp-content\/uploads\/2025\/03\/CasasBajas_DerrumbeDipu03-1152x1536.jpg 1152w, https:\/\/tucomarca.whitekongsoftware.com\/wp-content\/uploads\/2025\/03\/CasasBajas_DerrumbeDipu03.jpg 1200w\" sizes=\"auto, (max-width: 768px) 100vw, 768px\" \/><\/figure>\n\n\n\n<figure class=\"wp-block-image size-large\"><img loading=\"lazy\" decoding=\"async\" width=\"768\" height=\"1024\" data-id=\"259308\" src=\"https:\/\/www.tucomarca.com\/wordpress\/segunda\/wp-content\/uploads\/2025\/03\/CasasBajas_DerrumbeDipu01-768x1024.jpg\" alt=\"\" class=\"wp-image-259308\" srcset=\"https:\/\/tucomarca.whitekongsoftware.com\/wp-content\/uploads\/2025\/03\/CasasBajas_DerrumbeDipu01-768x1024.jpg 768w, https:\/\/tucomarca.whitekongsoftware.com\/wp-content\/uploads\/2025\/03\/CasasBajas_DerrumbeDipu01-225x300.jpg 225w, https:\/\/tucomarca.whitekongsoftware.com\/wp-content\/uploads\/2025\/03\/CasasBajas_DerrumbeDipu01-1152x1536.jpg 1152w, https:\/\/tucomarca.whitekongsoftware.com\/wp-content\/uploads\/2025\/03\/CasasBajas_DerrumbeDipu01.jpg 1200w\" sizes=\"auto, (max-width: 768px) 100vw, 768px\" \/><\/figure>\n<\/figure>\n","protected":false},"excerpt":{"rendered":"<div class=\"mh-excerpt\">La diputada Reme Mazzolari visita les obres al costat de l&#8217;alcalde Pablo Escribano per a supervisar la intervenci\u00f3 finan\u00e7ada \u00edntegrament per la instituci\u00f3 provincial. L&#8217;Ajuntament de Cases Baixes ha rebut en el mat\u00ed d&#8217;aquest dimarts <a class=\"mh-excerpt-more\" href=\"https:\/\/tucomarca.whitekongsoftware.com\/ca\/cases-baixes-avanca-en-la-reparacio-de-la-solsida-del-carrer-castella-amb-el-suport-de-la-diputacio-de-valencia\/\" title=\"Cases Baixes avan\u00e7a en la reparaci\u00f3 de la solsida del carrer Castella amb el suport de la Diputaci\u00f3 de Val\u00e8ncia\">[+] <\/a><\/div>\n","protected":false},"author":13,"featured_media":259311,"comment_status":"open","ping_status":"open","sticky":false,"template":"","format":"gallery","meta":{"footnotes":""},"categories":[10890,10924,10948,10894,10947,10896,10897],"tags":[11097,11871,12903,21009],"class_list":["post-259318","post","type-post","status-publish","format-gallery","has-post-thumbnail","category-ademus","category-cases-baixes","category-infraestructuras-ca","category-la-comarca-ca","category-politica","category-seccion-ca","category-sucesos-la-comarca-ca","tag-ademuz-ca","tag-casas-bajas-ca","tag-infraestructuras-ca","tag-la-diputacio-de-valencia-ca","post_format-post-format-gallery"],"_links":{"self":[{"href":"https:\/\/tucomarca.whitekongsoftware.com\/ca\/wp-json\/wp\/v2\/posts\/259318","targetHints":{"allow":["GET"]}}],"collection":[{"href":"https:\/\/tucomarca.whitekongsoftware.com\/ca\/wp-json\/wp\/v2\/posts"}],"about":[{"href":"https:\/\/tucomarca.whitekongsoftware.com\/ca\/wp-json\/wp\/v2\/types\/post"}],"author":[{"embeddable":true,"href":"https:\/\/tucomarca.whitekongsoftware.com\/ca\/wp-json\/wp\/v2\/users\/13"}],"replies":[{"embeddable":true,"href":"https:\/\/tucomarca.whitekongsoftware.com\/ca\/wp-json\/wp\/v2\/comments?post=259318"}],"version-history":[{"count":0,"href":"https:\/\/tucomarca.whitekongsoftware.com\/ca\/wp-json\/wp\/v2\/posts\/259318\/revisions"}],"wp:featuredmedia":[{"embeddable":true,"href":"https:\/\/tucomarca.whitekongsoftware.com\/ca\/wp-json\/wp\/v2\/media\/259311"}],"wp:attachment":[{"href":"https:\/\/tucomarca.whitekongsoftware.com\/ca\/wp-json\/wp\/v2\/media?parent=259318"}],"wp:term":[{"taxonomy":"category","embeddable":true,"href":"https:\/\/tucomarca.whitekongsoftware.com\/ca\/wp-json\/wp\/v2\/categories?post=259318"},{"taxonomy":"post_tag","embeddable":true,"href":"https:\/\/tucomarca.whitekongsoftware.com\/ca\/wp-json\/wp\/v2\/tags?post=259318"}],"curies":[{"name":"wp","href":"https:\/\/api.w.org\/{rel}","templated":true}]}}