{"id":259235,"date":"2025-03-25T13:00:00","date_gmt":"2025-03-25T12:00:00","guid":{"rendered":"https:\/\/www.tucomarca.com\/wordpress\/segunda\/?p=259235"},"modified":"2025-03-25T20:08:17","modified_gmt":"2025-03-25T19:08:17","slug":"el-consell-reforca-locupacio-en-ladministracio-i-aprova-noves-mesures-estrategiques-per-a-la-recuperacio-despres-de-la-dana","status":"publish","type":"post","link":"https:\/\/tucomarca.whitekongsoftware.com\/ca\/el-consell-reforca-locupacio-en-ladministracio-i-aprova-noves-mesures-estrategiques-per-a-la-recuperacio-despres-de-la-dana\/","title":{"rendered":"El Consell refor\u00e7a l\u2019ocupaci\u00f3 en l\u2019Administraci\u00f3 i aprova noves mesures estrat\u00e8giques per a la recuperaci\u00f3 despr\u00e9s de la DANA"},"content":{"rendered":"\n<h3 class=\"wp-block-heading\">S\u2019aprova l\u2019oferta d\u2019ocupaci\u00f3 p\u00fablica amb 1.402 places per a reduir la temporalitat i impulsar la transformaci\u00f3 digital de l\u2019Administraci\u00f3.<\/h3>\n\n\n\n<h3 class=\"wp-block-heading\">El Consell renova el contracte per a l\u2019organitzaci\u00f3 del Gran Premi de MotoGP en el Circuit Ricardo Tormo fins a 2031.<\/h3>\n\n\n\n<h3 class=\"wp-block-heading\">L\u2019ICV cartografiar\u00e0 la zona afectada per la riuada per a con\u00e9ixer amb m\u00e9s precisi\u00f3 quines obres cal dur a terme per a evitar riuades en el futur.<\/h3>\n\n\n\n<h3 class=\"wp-block-heading\">Susana Camarero assenyala que el sistema valenci\u00e0 d\u2019atenci\u00f3 a la depend\u00e8ncia, al qual van ser destinats 660 milions d\u2019euros en 2024, ha marcat un r\u00e8cord hist\u00f2ric amb 168.429 persones ateses, i ha redu\u00eft la seua llista d\u2019espera en un 27 %.<\/h3>\n\n\n\n<p class=\"wp-block-paragraph\">El Consell ha donat llum verda a una s\u00e8rie de mesures clau destinades a refor\u00e7ar la resposta davant la recent DANA, impulsar l\u2019ocupaci\u00f3 p\u00fablica i enfortir el sector cultural i esportiu a la Comunitat Valenciana.<\/p>\n\n\n\n<p class=\"wp-block-paragraph\">Durant la roda de premsa posterior als plens ordinari i extraordinari del Consell, en la qual la vicepresidenta primera i consellera de Servicis Socials, Igualtat i Vivenda, Susana Camarero, ha informat dels assumptes tractats, ha subratllat que estes decisions \u201cdemostren el ferm comprom\u00eds del Consell amb la recuperaci\u00f3, la modernitzaci\u00f3 dels servicis p\u00fablics i la protecci\u00f3 del patrimoni cultural\u201d.<\/p>\n\n\n\n<p class=\"wp-block-paragraph\">En l\u2019\u00e0mbit de la funci\u00f3 p\u00fablica, el Consell ha aprovat l\u2019oferta d\u2019ocupaci\u00f3 p\u00fablica de 2025, que preveu un total de 1.402 places destinades a refor\u00e7ar sectors estrat\u00e8gics de l\u2019Administraci\u00f3. Esta convocat\u00f2ria respon a la necessitat de modernitzar els servicis p\u00fablics, reduir la temporalitat en la funci\u00f3 p\u00fablica i impulsar la transformaci\u00f3 digital de l\u2019Administraci\u00f3.<\/p>\n\n\n\n<p class=\"wp-block-paragraph\">Entre les places oferides, destaquen: 439 destinades a l\u2019\u00e0mbit sociosanitari, essencials per a millorar l\u2019atenci\u00f3 en centres de salut i servicis socials; 141 places per a enginyeries, amb l\u2019objectiu d\u2019enfortir l\u2019\u00e0rea d\u2019infraestructures i digitalitzaci\u00f3, i 100 places per al cos superior d\u2019Administraci\u00f3, millorant l\u2019efici\u00e8ncia en la gesti\u00f3 de recursos p\u00fablics.<\/p>\n\n\n\n<p class=\"wp-block-paragraph\">\u201cEl nostre comprom\u00eds \u00e9s consolidar una ocupaci\u00f3 p\u00fablica estable i de qualitat, adaptat a les necessitats actuals de l\u2019Administraci\u00f3\u201d, ha afirmat la vicepresidenta.<\/p>\n\n\n\n<p class=\"wp-block-paragraph\">D\u2019altra banda, el Ple del Consell ha aprovat l\u2019acord per a la contractaci\u00f3, per un import de 80,2 milions d\u2019euros, de l\u2019organitzaci\u00f3 del Gran Premi de MotoGP en el Circuit Ricardo Tormo fins a 2031, una competici\u00f3 de refer\u00e8ncia internacional.<\/p>\n\n\n\n<p class=\"wp-block-paragraph\">Aix\u00ed mateix, el Consell ha convalidat la pr\u00f2rroga del conveni, fins a octubre de 2029, entre el Ministeri de Sanitat, la Fundaci\u00f3 Amancio Ortega i les conselleries competents en mat\u00e8ria de salut de la Comunitat Valenciana, Andalusia, Can\u00e0ries, Catalunya, Gal\u00edcia, Madrid i Pa\u00eds Basc, per a la col\u00b7laboraci\u00f3 en la implantaci\u00f3 de la prototer\u00e0pia en el Sistema Nacional de Salut.<\/p>\n\n\n\n<p class=\"wp-block-paragraph\">A trav\u00e9s d\u2019este conveni, subscrit en octubre de 2021, la Fundaci\u00f3 Amancio Ortega es compromet a donar 280 milions d\u2019euros al Ministeri de Sanitat per a l\u2019adquisici\u00f3 de 10 equips complets d\u2019esta tecnologia i, una vegada subministrats, el Ministeri els posar\u00e0 a la disposici\u00f3 de les comunitats implicades en el projecte, que s\u2019encarregaran de la seua instal\u00b7laci\u00f3, manteniment i gesti\u00f3. L\u2019equip de prototer\u00e0pia destinat a la Comunitat Valenciana estar\u00e0 situat en l\u2019Hospital Universitari i Polit\u00e8cnic La Fe de Val\u00e8ncia.<\/p>\n\n\n\n<p class=\"wp-block-paragraph\">En mat\u00e8ria de cultura, el Consell ha aprovat el nomenament de Blanca de la Torre Garc\u00eda com a nova directora de l\u2019IVAM, un perfil de reconegut prestigi en l\u2019\u00e0mbit de l\u2019art i la gesti\u00f3 cultural.<\/p>\n\n\n\n<p class=\"wp-block-paragraph\"><strong>Efectes DANA<\/strong><\/p>\n\n\n\n<p class=\"wp-block-paragraph\">La Generalitat continua treballant per a pal\u00b7liar els efectes de la DANA i restaurar els servicis essencials afectats. En esta l\u00ednia, el Consell ha aprovat diverses contractacions d\u2019emerg\u00e8ncia en diferents \u00e0mbits.<\/p>\n\n\n\n<p class=\"wp-block-paragraph\">Aix\u00ed, en mat\u00e8ria d\u2019educaci\u00f3 es destinaran 1,3 milions d\u2019euros per a dotar d\u2019equipament deu instituts d\u2019educaci\u00f3 secund\u00e0ria afectats, per a garantir que els alumnes de Formaci\u00f3 Professional puguen continuar la seua activitat acad\u00e8mica amb normalitat. El material inclou maquin\u00e0ria especialitzada, equips tecnol\u00f2gics i ferramentes necess\u00e0ries per a tallers de diferents especialitats.<\/p>\n\n\n\n<p class=\"wp-block-paragraph\">En mat\u00e8ria de patrimoni documental, el Consell ha encarregat a l\u2019empresa p\u00fablica Tragsatec la neteja i restauraci\u00f3 de documents afectats en diverses localitats, com Aldaia, Alfafar, Catarroja, Massanassa, Paiporta i Riba-roja de T\u00faria. Amb un pressupost de 125.386 euros, esta actuaci\u00f3 busca preservar la mem\u00f2ria documental dels municipis afectats.<\/p>\n\n\n\n<p class=\"wp-block-paragraph\">En cartografia i prevenci\u00f3, per a avaluar amb precisi\u00f3 els danys en el territori i previndre futurs episodis d\u2019inundaci\u00f3, es dur\u00e0 a terme un servici de vol fotogram\u00e8tric sobre la prov\u00edncia de Val\u00e8ncia. Este servici, amb un cost de 719.950 euros, permetr\u00e0 generar un model digital en 3D del terreny, amb la qual cosa ajudar\u00e0 a millorar la planificaci\u00f3 i resposta davant d\u2019emerg\u00e8ncies clim\u00e0tiques.<\/p>\n\n\n\n<p class=\"wp-block-paragraph\">\u201cEstes actuacions s\u00f3n fonamentals per a recuperar la normalitat en els municipis afectats i refor\u00e7ar la nostra capacitat de resposta davant futures emerg\u00e8ncies\u201d, ha assegurat Camarero.<\/p>\n\n\n\n<p class=\"wp-block-paragraph\"><strong>S\u00edndic de Greuges<\/strong><\/p>\n\n\n\n<p class=\"wp-block-paragraph\">Respecte a la gesti\u00f3 en mat\u00e8ria de servicis socials a la qual al\u00b7ludix l\u2019Informe anual del S\u00edndic de Greuges, Susana Camarero ha apuntat que \u201cla inefic\u00e0cia de l\u2019anterior govern del Bot\u00e0nic ha fet que els valencians no tinguen a la seua disposici\u00f3 les places residencials que necessiten, que s\u00f3n 24.000, i que el nou govern treballa per a solucionar-ho\u201d.<\/p>\n\n\n\n<p class=\"wp-block-paragraph\">Aix\u00ed mateix, Camarero ha recordat que a 1 de gener de 2025 el sistema de la depend\u00e8ncia valenci\u00e0 ha marcat un r\u00e8cord hist\u00f2ric de 168.429 persones ateses, que en 2024 s\u2019han destinat 660 milions d\u2019euros per al seu manteniment, i que la llista d\u2019espera s\u2019ha redu\u00eft un 27 %, respecte a la qual cosa ha lamentat \u201cla falta de dilig\u00e8ncia del govern anterior que va fer que la llista d\u2019espera augmentara perqu\u00e8 no es va fer la deguda previsi\u00f3 de cr\u00e8dit\u201d.<\/p>\n\n\n\n<p class=\"wp-block-paragraph\">Finalment, ha assegurat que l\u2019actual Consell ha incrementat el nombre de persones ateses, ha redu\u00eft la llista d\u2019espera, ha impulsat la renda valenciana d\u2019inclusi\u00f3 i est\u00e0 agilitzant la tramitaci\u00f3 dels expedients de discapacitat. Camarero tamb\u00e9 ha agra\u00eft al personal de servicis socials la seua dedicaci\u00f3 i treball, i especialment el desenrotllat durant la DANA.<\/p>\n","protected":false},"excerpt":{"rendered":"<div class=\"mh-excerpt\">S\u2019aprova l\u2019oferta d\u2019ocupaci\u00f3 p\u00fablica amb 1.402 places per a reduir la temporalitat i impulsar la transformaci\u00f3 digital de l\u2019Administraci\u00f3. El Consell renova el contracte per a l\u2019organitzaci\u00f3 del Gran Premi de MotoGP en el Circuit <a class=\"mh-excerpt-more\" href=\"https:\/\/tucomarca.whitekongsoftware.com\/ca\/el-consell-reforca-locupacio-en-ladministracio-i-aprova-noves-mesures-estrategiques-per-a-la-recuperacio-despres-de-la-dana\/\" title=\"El Consell refor\u00e7a l\u2019ocupaci\u00f3 en l\u2019Administraci\u00f3 i aprova noves mesures estrat\u00e8giques per a la recuperaci\u00f3 despr\u00e9s de la DANA\">[+] <\/a><\/div>\n","protected":false},"author":13,"featured_media":259233,"comment_status":"open","ping_status":"open","sticky":false,"template":"","format":"standard","meta":{"footnotes":""},"categories":[21466,10898,10948,10894,10904,10903,10947,10896,10897],"tags":[15409,12903,11199],"class_list":["post-259235","post","type-post","status-publish","format-standard","has-post-thumbnail","category-dana-ca","category-ventana-ca","category-infraestructuras-ca","category-la-comarca-ca","category-sin-categorizar-ca","category-medio-ambiente-la-comarca-ca","category-politica","category-seccion-ca","category-sucesos-la-comarca-ca","tag-dana-2-ca","tag-infraestructuras-ca","tag-la-comunitat-ca"],"_links":{"self":[{"href":"https:\/\/tucomarca.whitekongsoftware.com\/ca\/wp-json\/wp\/v2\/posts\/259235","targetHints":{"allow":["GET"]}}],"collection":[{"href":"https:\/\/tucomarca.whitekongsoftware.com\/ca\/wp-json\/wp\/v2\/posts"}],"about":[{"href":"https:\/\/tucomarca.whitekongsoftware.com\/ca\/wp-json\/wp\/v2\/types\/post"}],"author":[{"embeddable":true,"href":"https:\/\/tucomarca.whitekongsoftware.com\/ca\/wp-json\/wp\/v2\/users\/13"}],"replies":[{"embeddable":true,"href":"https:\/\/tucomarca.whitekongsoftware.com\/ca\/wp-json\/wp\/v2\/comments?post=259235"}],"version-history":[{"count":0,"href":"https:\/\/tucomarca.whitekongsoftware.com\/ca\/wp-json\/wp\/v2\/posts\/259235\/revisions"}],"wp:featuredmedia":[{"embeddable":true,"href":"https:\/\/tucomarca.whitekongsoftware.com\/ca\/wp-json\/wp\/v2\/media\/259233"}],"wp:attachment":[{"href":"https:\/\/tucomarca.whitekongsoftware.com\/ca\/wp-json\/wp\/v2\/media?parent=259235"}],"wp:term":[{"taxonomy":"category","embeddable":true,"href":"https:\/\/tucomarca.whitekongsoftware.com\/ca\/wp-json\/wp\/v2\/categories?post=259235"},{"taxonomy":"post_tag","embeddable":true,"href":"https:\/\/tucomarca.whitekongsoftware.com\/ca\/wp-json\/wp\/v2\/tags?post=259235"}],"curies":[{"name":"wp","href":"https:\/\/api.w.org\/{rel}","templated":true}]}}