{"id":259121,"date":"2025-03-24T11:05:00","date_gmt":"2025-03-24T10:05:00","guid":{"rendered":"https:\/\/www.tucomarca.com\/wordpress\/segunda\/?p=259121"},"modified":"2025-03-24T19:35:06","modified_gmt":"2025-03-24T18:35:06","slug":"la-diputacio-de-valencia-se-suma-a-laposta-pels-mercats-turistics-de-la-xina-i-els-eua","status":"publish","type":"post","link":"https:\/\/tucomarca.whitekongsoftware.com\/ca\/la-diputacio-de-valencia-se-suma-a-laposta-pels-mercats-turistics-de-la-xina-i-els-eua\/","title":{"rendered":"La Diputaci\u00f3 de Val\u00e8ncia se suma a l&#8217;aposta pels mercats tur\u00edstics de la Xina i els EUA"},"content":{"rendered":"\n<h3 class=\"wp-block-heading\"><strong><strong>La corporaci\u00f3 provincial col\u00b7labora amb Turisme Comunitat Valenciana i Turespa\u00f1a en la celebraci\u00f3 de dos <em>press trips<\/em> per a familiaritzar a periodistes i influencers especialitzats dels dos mercats amb l&#8217;oferta tur\u00edstica de la prov\u00edncia de Val\u00e8ncia<\/strong><\/strong>.<\/h3>\n\n\n\n<p class=\"wp-block-paragraph\">La Diputaci\u00f3 de Val\u00e8ncia, a trav\u00e9s de Val\u00e8ncia Turisme, s&#8217;ha sumat a l&#8217;aposta actual de Turisme Comunitat Valenciana pels mercats tur\u00edstics de la Xina i els EUA mitjan\u00e7ant la celebraci\u00f3 de dos viatges de familiaritzaci\u00f3 o <em>press trips<\/em> a la prov\u00edncia amb influencers i periodistes especialitzats dels dos pa\u00efsos, en col\u00b7laboraci\u00f3 amb l&#8217;organisme de la Generalitat i Turespa\u00f1a.<\/p>\n\n\n\n<p class=\"wp-block-paragraph\">Durant els passats dies 19 i 20 de mar\u00e7, cinc periodistes provinents dels Estats Units especialitzats en cultura, viatges i gastronomia han pogut con\u00e9ixer de primera m\u00e0 l&#8217;oferta tur\u00edstica de la prov\u00edncia mitjan\u00e7ant la seua visita als municipis de Gandia i Meliana.<\/p>\n\n\n\n<p class=\"wp-block-paragraph\">La primera jornada va disc\u00f3rrer a Gandia, on els periodistes van mantindre una trobada amb l&#8217;alcalde, Jos\u00e9 Manuel Prieto, i la regidora de Turisme, Balbina Sendra. Ac\u00ed van poder visitar els monuments fallers, con\u00e9ixer l&#8217;aspecte cultural de les Falles i gaudir de l&#8217;ambient festiu de les celebracions, a m\u00e9s de degustar la tradicional fideu\u00e0 local i rec\u00f3rrer el Palau Ducal, el centre hist\u00f2ric i els principals atractius tur\u00edstics del municipi.<\/p>\n\n\n\n<p class=\"wp-block-paragraph\">L&#8217;endem\u00e0, la comitiva es va despla\u00e7ar a Meliana, on va ser rebuda pel diputat provincial de Turisme, Pedro Cuesta; l&#8217;alcaldessa, Trini Monta\u00f1ana; el regidor de Turisme, Alfonso P\u00e9rez, i representants de la corporaci\u00f3 municipal, els quals els van acompanyar a l&#8217;horta valenciana perqu\u00e8 conegueren el seu paisatge i la tradici\u00f3 agr\u00edcola valenciana, aix\u00ed com la seua hist\u00f2ria i l&#8217;arquitectura tradicional local mitjan\u00e7ant la visita al Palauet de Nolla. La visita va culminar amb la degustaci\u00f3 de cervesa artesanal, productes de quil\u00f2metre zero i una paella valenciana en la pr\u00f2pia horta.&nbsp;<\/p>\n\n\n\n<p class=\"wp-block-paragraph\">\u201cUn press trip d&#8217;este tipus \u00e9s una experi\u00e8ncia immersiva completa a la nostra prov\u00edncia, la seua riquesa en tots els \u00e0mbits i en totes les opcions que oferix al visitant, a tots els nivells: des de la gastronomia a la cultura, a m\u00e9s de m\u00faltiples propostes d&#8217;oci tant en els municipis com en la naturalesa\u201d, ha manifestat el diputat de Turisme.<\/p>\n\n\n\n<p class=\"wp-block-paragraph\"><strong><em>Press trip<\/em> a Bocairent<\/strong><\/p>\n\n\n\n<p class=\"wp-block-paragraph\">Uns dies abans, el municipi de Bocairent va acollir la visita de cinc <em>influencers<\/em> i representants de plataformes socials xinesos, els quals van con\u00e9ixer in situ diferents opcions de turisme d&#8217;interior que oferix la prov\u00edncia, mitjan\u00e7ant un recorregut pel centre hist\u00f2ric de la localitat, la visita a les Covetes dels Moros i la degustaci\u00f3 d&#8217;una experi\u00e8ncia gastron\u00f2mica amb productes locals que es va completar amb la visita a un celler de Moixent, on van disfrutar d&#8217;un tast de vins i van con\u00e9ixer els processos d&#8217;elaboraci\u00f3 utilitzats, aix\u00ed com l&#8217;oferta vin\u00edcola de Terres dels Alforins.<\/p>\n\n\n\n<p class=\"wp-block-paragraph\">\u201cAmb esta acci\u00f3, estos nous prescriptors de la prov\u00edncia van poder con\u00e9ixer les diverses experi\u00e8ncies allunyades del ritme de les grans ciutats que oferixen els nostres destins d&#8217;interior, una l\u00ednia bastant demandada pel mercat xin\u00e9s actualment\u201d, ha apuntat Pedro Cuesta.<\/p>\n\n\n\n<figure class=\"wp-block-gallery has-nested-images columns-2 is-cropped wp-block-gallery-1 is-layout-flex wp-block-gallery-is-layout-flex\">\n<figure class=\"wp-block-image size-large\"><img loading=\"lazy\" decoding=\"async\" width=\"487\" height=\"1024\" data-id=\"259114\" src=\"https:\/\/www.tucomarca.com\/wordpress\/segunda\/wp-content\/uploads\/2025\/03\/Gandia_DipuTurisme-487x1024.jpg\" alt=\"\" class=\"wp-image-259114\" srcset=\"https:\/\/tucomarca.whitekongsoftware.com\/wp-content\/uploads\/2025\/03\/Gandia_DipuTurisme-487x1024.jpg 487w, https:\/\/tucomarca.whitekongsoftware.com\/wp-content\/uploads\/2025\/03\/Gandia_DipuTurisme-143x300.jpg 143w, https:\/\/tucomarca.whitekongsoftware.com\/wp-content\/uploads\/2025\/03\/Gandia_DipuTurisme-768x1617.jpg 768w, https:\/\/tucomarca.whitekongsoftware.com\/wp-content\/uploads\/2025\/03\/Gandia_DipuTurisme-730x1536.jpg 730w, https:\/\/tucomarca.whitekongsoftware.com\/wp-content\/uploads\/2025\/03\/Gandia_DipuTurisme.jpg 973w\" sizes=\"auto, (max-width: 487px) 100vw, 487px\" \/><\/figure>\n\n\n\n<figure class=\"wp-block-image size-large\"><img loading=\"lazy\" decoding=\"async\" width=\"768\" height=\"1024\" data-id=\"259116\" src=\"https:\/\/www.tucomarca.com\/wordpress\/segunda\/wp-content\/uploads\/2025\/03\/Meliana_DipuTurisme-768x1024.jpg\" alt=\"\" class=\"wp-image-259116\" srcset=\"https:\/\/tucomarca.whitekongsoftware.com\/wp-content\/uploads\/2025\/03\/Meliana_DipuTurisme-768x1024.jpg 768w, https:\/\/tucomarca.whitekongsoftware.com\/wp-content\/uploads\/2025\/03\/Meliana_DipuTurisme-225x300.jpg 225w, https:\/\/tucomarca.whitekongsoftware.com\/wp-content\/uploads\/2025\/03\/Meliana_DipuTurisme-1152x1536.jpg 1152w, https:\/\/tucomarca.whitekongsoftware.com\/wp-content\/uploads\/2025\/03\/Meliana_DipuTurisme.jpg 1200w\" sizes=\"auto, (max-width: 768px) 100vw, 768px\" \/><\/figure>\n\n\n\n<figure class=\"wp-block-image size-large\"><img loading=\"lazy\" decoding=\"async\" width=\"1024\" height=\"576\" data-id=\"259112\" src=\"https:\/\/www.tucomarca.com\/wordpress\/segunda\/wp-content\/uploads\/2025\/03\/Bocairent_DipuTurisme-1024x576.jpg\" alt=\"\" class=\"wp-image-259112\" srcset=\"https:\/\/tucomarca.whitekongsoftware.com\/wp-content\/uploads\/2025\/03\/Bocairent_DipuTurisme-1024x576.jpg 1024w, https:\/\/tucomarca.whitekongsoftware.com\/wp-content\/uploads\/2025\/03\/Bocairent_DipuTurisme-300x169.jpg 300w, https:\/\/tucomarca.whitekongsoftware.com\/wp-content\/uploads\/2025\/03\/Bocairent_DipuTurisme-768x432.jpg 768w, https:\/\/tucomarca.whitekongsoftware.com\/wp-content\/uploads\/2025\/03\/Bocairent_DipuTurisme-1536x864.jpg 1536w, https:\/\/tucomarca.whitekongsoftware.com\/wp-content\/uploads\/2025\/03\/Bocairent_DipuTurisme-678x381.jpg 678w, https:\/\/tucomarca.whitekongsoftware.com\/wp-content\/uploads\/2025\/03\/Bocairent_DipuTurisme.jpg 1600w\" sizes=\"auto, (max-width: 1024px) 100vw, 1024px\" \/><\/figure>\n<\/figure>\n","protected":false},"excerpt":{"rendered":"<div class=\"mh-excerpt\">La corporaci\u00f3 provincial col\u00b7labora amb Turisme Comunitat Valenciana i Turespa\u00f1a en la celebraci\u00f3 de dos press trips per a familiaritzar a periodistes i influencers especialitzats dels dos mercats amb l&#8217;oferta tur\u00edstica de la prov\u00edncia de <a class=\"mh-excerpt-more\" href=\"https:\/\/tucomarca.whitekongsoftware.com\/ca\/la-diputacio-de-valencia-se-suma-a-laposta-pels-mercats-turistics-de-la-xina-i-els-eua\/\" title=\"La Diputaci\u00f3 de Val\u00e8ncia se suma a l&#8217;aposta pels mercats tur\u00edstics de la Xina i els EUA\">[+] <\/a><\/div>\n","protected":false},"author":13,"featured_media":259119,"comment_status":"open","ping_status":"open","sticky":false,"template":"","format":"gallery","meta":{"footnotes":""},"categories":[10904,11007,10896],"tags":[11199,21009,15856],"class_list":["post-259121","post","type-post","status-publish","format-gallery","has-post-thumbnail","category-sin-categorizar-ca","category-ocio-y-cultura-ca","category-seccion-ca","tag-la-comunitat-ca","tag-la-diputacio-de-valencia-ca","tag-ocio-y-cultura-ca","post_format-post-format-gallery"],"_links":{"self":[{"href":"https:\/\/tucomarca.whitekongsoftware.com\/ca\/wp-json\/wp\/v2\/posts\/259121","targetHints":{"allow":["GET"]}}],"collection":[{"href":"https:\/\/tucomarca.whitekongsoftware.com\/ca\/wp-json\/wp\/v2\/posts"}],"about":[{"href":"https:\/\/tucomarca.whitekongsoftware.com\/ca\/wp-json\/wp\/v2\/types\/post"}],"author":[{"embeddable":true,"href":"https:\/\/tucomarca.whitekongsoftware.com\/ca\/wp-json\/wp\/v2\/users\/13"}],"replies":[{"embeddable":true,"href":"https:\/\/tucomarca.whitekongsoftware.com\/ca\/wp-json\/wp\/v2\/comments?post=259121"}],"version-history":[{"count":0,"href":"https:\/\/tucomarca.whitekongsoftware.com\/ca\/wp-json\/wp\/v2\/posts\/259121\/revisions"}],"wp:featuredmedia":[{"embeddable":true,"href":"https:\/\/tucomarca.whitekongsoftware.com\/ca\/wp-json\/wp\/v2\/media\/259119"}],"wp:attachment":[{"href":"https:\/\/tucomarca.whitekongsoftware.com\/ca\/wp-json\/wp\/v2\/media?parent=259121"}],"wp:term":[{"taxonomy":"category","embeddable":true,"href":"https:\/\/tucomarca.whitekongsoftware.com\/ca\/wp-json\/wp\/v2\/categories?post=259121"},{"taxonomy":"post_tag","embeddable":true,"href":"https:\/\/tucomarca.whitekongsoftware.com\/ca\/wp-json\/wp\/v2\/tags?post=259121"}],"curies":[{"name":"wp","href":"https:\/\/api.w.org\/{rel}","templated":true}]}}