{"id":258978,"date":"2025-03-23T11:00:00","date_gmt":"2025-03-23T10:00:00","guid":{"rendered":"https:\/\/www.tucomarca.com\/wordpress\/segunda\/?p=258978"},"modified":"2025-03-23T19:22:21","modified_gmt":"2025-03-23T18:22:21","slug":"mazon-175-comissions-falleres-han-rebut-en-temps-record-prop-de-2-milions-deuros-per-a-afavorir-la-recuperacio-social-en-77-municipisv","status":"publish","type":"post","link":"https:\/\/tucomarca.whitekongsoftware.com\/ca\/mazon-175-comissions-falleres-han-rebut-en-temps-record-prop-de-2-milions-deuros-per-a-afavorir-la-recuperacio-social-en-77-municipisv\/","title":{"rendered":"Maz\u00f3n: \u201c175 comissions falleres han rebut en temps r\u00e8cord prop de 2 milions d&#8217;euros per a afavorir la recuperaci\u00f3 social en 77 municipis\u201dv"},"content":{"rendered":"\n<h3 class=\"wp-block-heading\">Assenyala que s&#8217;han presentat 319 sol\u00b7licituds a aquesta l\u00ednia d&#8217;ajudes dirigida a recolzar activitats falleres amb un m\u00e0xim de 12.000 euros per comissi\u00f3, \u201cde les quals ja s&#8217;han pagat el 55% i la resta es resoldran en els pr\u00f2xims dies\u201d.<\/h3>\n\n\n\n<h3 class=\"wp-block-heading\">Avan\u00e7a que la Generalitat publicar\u00e0 en breu una resoluci\u00f3 ampliativa d&#8217;aquestes ajudes perqu\u00e8 \u201c55 comissions falleres m\u00e9s puguen optar a aquestes subvencions\u201d que no estaven en la relaci\u00f3 inicial.<\/h3>\n\n\n\n<h3 class=\"wp-block-heading\">Enalteix els casals fallers com a \u201cespais imprescindibles en la reconstrucci\u00f3 per fomentar la conviv\u00e8ncia entre els ciutadans i contribuir a la difusi\u00f3 i protecci\u00f3 de les nostres festes, tradicions i senyes d&#8217;identitat\u201d.<\/h3>\n\n\n\n<p class=\"wp-block-paragraph\">El president de la Generalitat, Carlos Maz\u00f3n, ha subratllat que \u201c175 comissions falleres han rebut en temps r\u00e8cord prop de 2 milions d&#8217;euros per a afavorir la recuperaci\u00f3 social dels municipis valencians afectats per les riuades durant les Falles\u201d.<\/p>\n\n\n\n<p class=\"wp-block-paragraph\">El cap del Consell ha realitzat un balan\u00e7 del paquet d&#8217;ajudes dotat amb 5 milions d&#8217;euros dirigit a les comissions falleres en 77 poblacions valencianes per a finan\u00e7ar l&#8217;organitzaci\u00f3 d&#8217;activitats culturals i socials no lucratives entre l&#8217;1 i el 19 de mar\u00e7 de 2025 vinculades a les festes josefinas.<\/p>\n\n\n\n<p class=\"wp-block-paragraph\">En aquest sentit, ha assenyalat que la Generalitat ha rebut un total de 319 sol\u00b7licituds, de les quals ja s&#8217;han pagat el 55% per un import d&#8217;1.957.350,87 euros, al mateix temps que ha indicat que les 144 sol\u00b7licituds restants \u201ces resoldran en els pr\u00f2xims dies\u201d.<\/p>\n\n\n\n<p class=\"wp-block-paragraph\">Maz\u00f3n ha posat en valor aquesta l\u00ednia d&#8217;ajudes \u201cdirectes, \u00e0gils i sense burocr\u00e0cia\u201d posada en marxa des del passat 27 de febrer i el termini de presentaci\u00f3 del qual va finalitzar el passat 12 de mar\u00e7 en la qual cada comissi\u00f3 fallera ha rebut un m\u00e0xim de 12.000 euros per a l&#8217;organitzaci\u00f3 d&#8217;accions en mat\u00e8ria social i cultural d&#8217;aquestes entitats.<\/p>\n\n\n\n<p class=\"wp-block-paragraph\">Aix\u00ed mateix, Maz\u00f3n ha avan\u00e7at que la Generalitat \u201cpublicar\u00e0 en breu\u201d una resoluci\u00f3 ampliativa d&#8217;aquestes ajudes perqu\u00e8 \u201c55 comissions falleres m\u00e9s puguen optar a aquestes subvencions que no estaven en la relaci\u00f3 inicial\u201d, de manera que s&#8217;augmentar\u00e0 la concessi\u00f3 actual d&#8217;ajudes en 660.000 euros m\u00e9s,<\/p>\n\n\n\n<p class=\"wp-block-paragraph\">El president ha destacat el comprom\u00eds del Consell amb les Falles i ha enaltit els casals fallers com a \u201cespais imprescindibles en la reconstrucci\u00f3 per fomentar la conviv\u00e8ncia entre els ciutadans i contribuir a la difusi\u00f3 i protecci\u00f3 de les nostres festes, tradicions i senyes d&#8217;identitat\u201d.<\/p>\n\n\n\n<p class=\"wp-block-paragraph\">Sobre aquest tema, ha remarcat que l&#8217;agilitat en la tramitaci\u00f3 d&#8217;aquestes ajudes, en la qual nom\u00e9s era necess\u00e0ria la presentaci\u00f3 d&#8217;una declaraci\u00f3 responsable, ha fomentat la celebraci\u00f3 d&#8217;activitats falleres per a milers de fam\u00edlies, contribuint d&#8217;aquesta manera \u201ca la recuperaci\u00f3 emocional, cultural i tradicional, aix\u00ed com econ\u00f2mica i social\u201d.<\/p>\n\n\n\n<p class=\"wp-block-paragraph\">Entre les actuacions que s&#8217;han pogut finan\u00e7ar gr\u00e0cies a la l\u00ednia d&#8217;ajudes per a les comissions falleres damnificades per les inundacions destaquen el lloguer, muntatge i desmuntatge de carpes; espectacles pirot\u00e8cnics; activitats infantils; espectacles musicals; bandes de m\u00fasica i adorns florals.<\/p>\n\n\n\n<p class=\"wp-block-paragraph\">Aix\u00ed mateix, tamb\u00e9 s&#8217;han subvencionat les despeses en adquisici\u00f3 de xocolate i bunyols, ingredients per a elaboraci\u00f3 de paelles, begudes per a refrigeris i postres t\u00edpiques valencianes, tenint en compte que podran justificar-se com a despeses de restauraci\u00f3 el 30% de l&#8217;import concedit, i que queden excloses en tot cas les begudes alcoh\u00f2liques.<\/p>\n\n\n\n<p class=\"wp-block-paragraph\">A aquesta l\u00ednia s&#8217;han pogut acollir comissions falleres d&#8217;Alaqu\u00e0s, Albal, Albalat de la Ribera, Alberic, Alboraig, Alc\u00e0sser, Aldaia, Alfafar, Alfarb, Algemes\u00ed, Alginet, Almussafes, Alzira, Benaguasil, Benet\u00fasser, Benicull de X\u00faquer, Benifai\u00f3, Benimodo, Beniparrell, B\u00e9tera, Bugarra, Bunyol, Carcaixent, Carlet, Casinos, Castell\u00f3, Catadau, Catarroja, Xest, Xiva, Corbera, Cullera, Favara, Fortaleny, Xestalgar, Godelleta, Guadassuar, L&#8217;Alc\u00fadia, L&#8217;\u00c9nova, La Pobla Llarga, Loriguilla, Ll\u00edria, Llombai, Macastre, Manises, Massalav\u00e9s, Massanassa, Millars, Mislata, Montroi, Montserrat, Paiporta, Paterna, Pedralba, Picanya, Picassent, Poliny\u00e0 del X\u00faquer, Quart de Poblet, Rafelguaraf, Real, Requena, Riba-roja de T\u00faria, Riola, Sedav\u00ed, Silla, Sollana, Sueca, Tavernes de la Valldigna, Torrent, Toixa, Tor\u00eds, Utiel, Vilamarxant, Xeraco, Xirivella, I\u00e0tova i les pedanies del sud de Val\u00e8ncia afectades per les riuades.<\/p>\n\n\n\n<p class=\"wp-block-paragraph\">Finalment el president ha recordat que aquestes ajudes s\u00f3n compatibles amb altres l\u00ednies com el fons de 13,6 milions d&#8217;euros aportat pel Senat per a la recuperaci\u00f3 del teixit associatiu, entre les quals tamb\u00e9 s&#8217;inclouen les entitats relacionades amb les Falles.<\/p>\n","protected":false},"excerpt":{"rendered":"<div class=\"mh-excerpt\">Assenyala que s&#8217;han presentat 319 sol\u00b7licituds a aquesta l\u00ednia d&#8217;ajudes dirigida a recolzar activitats falleres amb un m\u00e0xim de 12.000 euros per comissi\u00f3, \u201cde les quals ja s&#8217;han pagat el 55% i la resta es <a class=\"mh-excerpt-more\" href=\"https:\/\/tucomarca.whitekongsoftware.com\/ca\/mazon-175-comissions-falleres-han-rebut-en-temps-record-prop-de-2-milions-deuros-per-a-afavorir-la-recuperacio-social-en-77-municipisv\/\" title=\"Maz\u00f3n: \u201c175 comissions falleres han rebut en temps r\u00e8cord prop de 2 milions d&#8217;euros per a afavorir la recuperaci\u00f3 social en 77 municipis\u201dv\">[+] <\/a><\/div>\n","protected":false},"author":13,"featured_media":251363,"comment_status":"open","ping_status":"open","sticky":false,"template":"","format":"standard","meta":{"footnotes":""},"categories":[10892,21466,11046,10898,10948,10894,10904,10912,10902,10903,10947,10909,10896,10897],"tags":[18807,11199,11140],"class_list":["post-258978","post","type-post","status-publish","format-standard","has-post-thumbnail","category-camp-de-turia-ca","category-dana-ca","category-los-serranos-ca","category-ventana-ca","category-infraestructuras-ca","category-la-comarca-ca","category-sin-categorizar-ca","category-la-hoya-ca","category-la-ribera-ca","category-medio-ambiente-la-comarca-ca","category-politica","category-requena-utiel-ca","category-seccion-ca","category-sucesos-la-comarca-ca","tag-carlos-mazon-ca","tag-la-comunitat-ca","tag-politica-ca"],"_links":{"self":[{"href":"https:\/\/tucomarca.whitekongsoftware.com\/ca\/wp-json\/wp\/v2\/posts\/258978","targetHints":{"allow":["GET"]}}],"collection":[{"href":"https:\/\/tucomarca.whitekongsoftware.com\/ca\/wp-json\/wp\/v2\/posts"}],"about":[{"href":"https:\/\/tucomarca.whitekongsoftware.com\/ca\/wp-json\/wp\/v2\/types\/post"}],"author":[{"embeddable":true,"href":"https:\/\/tucomarca.whitekongsoftware.com\/ca\/wp-json\/wp\/v2\/users\/13"}],"replies":[{"embeddable":true,"href":"https:\/\/tucomarca.whitekongsoftware.com\/ca\/wp-json\/wp\/v2\/comments?post=258978"}],"version-history":[{"count":0,"href":"https:\/\/tucomarca.whitekongsoftware.com\/ca\/wp-json\/wp\/v2\/posts\/258978\/revisions"}],"wp:featuredmedia":[{"embeddable":true,"href":"https:\/\/tucomarca.whitekongsoftware.com\/ca\/wp-json\/wp\/v2\/media\/251363"}],"wp:attachment":[{"href":"https:\/\/tucomarca.whitekongsoftware.com\/ca\/wp-json\/wp\/v2\/media?parent=258978"}],"wp:term":[{"taxonomy":"category","embeddable":true,"href":"https:\/\/tucomarca.whitekongsoftware.com\/ca\/wp-json\/wp\/v2\/categories?post=258978"},{"taxonomy":"post_tag","embeddable":true,"href":"https:\/\/tucomarca.whitekongsoftware.com\/ca\/wp-json\/wp\/v2\/tags?post=258978"}],"curies":[{"name":"wp","href":"https:\/\/api.w.org\/{rel}","templated":true}]}}