{"id":258975,"date":"2025-03-23T12:00:00","date_gmt":"2025-03-23T11:00:00","guid":{"rendered":"https:\/\/www.tucomarca.com\/wordpress\/segunda\/?p=258975"},"modified":"2025-03-23T19:13:31","modified_gmt":"2025-03-23T18:13:31","slug":"la-unio-municipalista-registrara-la-primera-setmana-d-abril-la-iniciativa-per-aconseguir-la-davallada-del-llisto-electoral-del-5-al-3","status":"publish","type":"post","link":"https:\/\/tucomarca.whitekongsoftware.com\/ca\/la-unio-municipalista-registrara-la-primera-setmana-d-abril-la-iniciativa-per-aconseguir-la-davallada-del-llisto-electoral-del-5-al-3\/","title":{"rendered":"La Uni\u00f3 Municipalista registrar\u00e0 la primera setmana d\u2019 abril la iniciativa per aconseguir la davallada del llist\u00f3 electoral del 5 al 3%"},"content":{"rendered":"\n<h3 class=\"wp-block-heading\"><strong>M\u00e9s de 130 c\u00e0rrecs electes independents de tota la Comunitat Valenciana es reuneixen en Sueca per impulsar un canvi \u201cde just\u00edcia\u201d<\/strong>.<\/h3>\n\n\n\n<h3 class=\"wp-block-heading\"><strong>El l\u00edder dels municipalistes a la Comunitat Valenciana, Jorge Rodr\u00edguez, destacava que altres territoris d\u2019Espanya ja disposen d\u2019eixe 3%<\/strong>.<\/h3>\n\n\n\n<p class=\"wp-block-paragraph\">La primera setmana del mes d\u2019abril \u00e9s la data que s\u2019ha fixat la Uni\u00f3 Municipalista per registrar a les Corts Valencianes la iniciativa legislativa popular (ILP) que demanar\u00e0 la rebaixa del llist\u00f3 electoral del 5 al 3% per conc\u00f3rrer a les pr\u00f2ximes eleccions previstes per a l\u2019any 2027. Aquest \u00e9s el principal acord estret de l\u2019encontre auton\u00f2mic que ha tingut aquest dissabte a Sueca, on han participat m\u00e9s de 130 c\u00e0rrecs electes independents de tota la Comunitat Valenciana.&nbsp;<\/p>\n\n\n\n<p class=\"wp-block-paragraph\">En la trobada que reunia representants municipals de m\u00e9s de 40 poblacions de tota la Comunitat Valenciana a l\u2019Ateneo del Perpetuo Socorro, el coordinador general de la Uni\u00f3 Municipalista a la Comunitat Valenciana i alcalde d\u2019Ontinyent, Jorge Rodr\u00edguez, destacava que \u201cun dels objectius que reprenem amb este encontre \u00e9s la presentaci\u00f3 d\u2019eixa iniciativa legislativa. En un moment en el qual hi ha una clara desafecci\u00f3 pol\u00edtica, en el qual els propis pol\u00edtics estan fent reflexions al voltant de per qu\u00e8 la ciutadania s\u2019allunya de la pol\u00edtica, probablement una de les q\u00fcestions que tamb\u00e9 afecta \u00e9s veure com el teu vot, el vot popular, no es veu despr\u00e9s reflectit a les institucions\u201d. Per aix\u00f2, Rodr\u00edguez explicava que \u201cpart de la responsabilitat que aquest vot popular no tinga aquest reflex posterior \u00e9s precisament una barrera electoral molt alta, molt m\u00e9s alta que la que t\u00e9 Catalunya, la que t\u00e9 Andalusia o la que t\u00e9 Castella-la Manxa, que estem parlant que ja apliquen el 3%\u201d, remarcava.<\/p>\n\n\n\n<figure class=\"wp-block-image size-large\"><img loading=\"lazy\" decoding=\"async\" width=\"1024\" height=\"768\" src=\"http:\/\/www.tucomarca.com\/wordpress\/segunda\/wp-content\/uploads\/2025\/03\/UMunicipalista_SUECA-1024x768.jpg\" alt=\"\" class=\"wp-image-258969\" srcset=\"https:\/\/tucomarca.whitekongsoftware.com\/wp-content\/uploads\/2025\/03\/UMunicipalista_SUECA-1024x768.jpg 1024w, https:\/\/tucomarca.whitekongsoftware.com\/wp-content\/uploads\/2025\/03\/UMunicipalista_SUECA-300x225.jpg 300w, https:\/\/tucomarca.whitekongsoftware.com\/wp-content\/uploads\/2025\/03\/UMunicipalista_SUECA-768x576.jpg 768w, https:\/\/tucomarca.whitekongsoftware.com\/wp-content\/uploads\/2025\/03\/UMunicipalista_SUECA-1536x1152.jpg 1536w, https:\/\/tucomarca.whitekongsoftware.com\/wp-content\/uploads\/2025\/03\/UMunicipalista_SUECA-678x509.jpg 678w, https:\/\/tucomarca.whitekongsoftware.com\/wp-content\/uploads\/2025\/03\/UMunicipalista_SUECA-326x245.jpg 326w, https:\/\/tucomarca.whitekongsoftware.com\/wp-content\/uploads\/2025\/03\/UMunicipalista_SUECA-80x60.jpg 80w, https:\/\/tucomarca.whitekongsoftware.com\/wp-content\/uploads\/2025\/03\/UMunicipalista_SUECA.jpg 2048w\" sizes=\"auto, (max-width: 1024px) 100vw, 1024px\" \/><\/figure>\n\n\n\n<p class=\"wp-block-paragraph\">En la mateixa l\u00ednia es pronunciava la vicepresidenta de la Diputaci\u00f3 de Val\u00e8ncia i coordinadora provincial de la Uni\u00f3 Municipalista, Natalia Enguix, en explicar que \u201c\u00e9s de just\u00edcia que la ciutadania se senta representada totalment i aix\u00f2 passa perqu\u00e8 les i els seus pol\u00edtics siguen propers, que estiguen al seu costat. Una manera de fer-ho \u00e9s com nosaltres estem treballant a la Diputaci\u00f3 de Val\u00e8ncia, on gr\u00e0cies al nostre treball hem aconseguit que s\u2019aprove un pressupost de consens amb totes les forces pol\u00edtiques\u201d. En aquesta l\u00ednia de treball \u201cestem impulsant des de la Uni\u00f3 Municipalista donar veu a la gent i escoltar les seues necessitats al reclamar la davallada del llist\u00f3 electoral al 3%\u201d.&nbsp;<\/p>\n\n\n\n<p class=\"wp-block-paragraph\">Aix\u00ed, el vicepresident de la Federaci\u00f3 Valenciana de Municipis i Prov\u00edncies i president de la Uni\u00f3 Municipalista, David Garc\u00eda, explicava que \u201cel que anem a presentar en 10 dies a les Corts \u00e9s la modificaci\u00f3 de l\u2019article 12 de la llei electoral valenciana\u201d perqu\u00e8 \u201caix\u00f2 suposaria m\u00e9s pluralitat democr\u00e0tica en la nostra comunitat i m\u00e9s possibilitats perqu\u00e8 els municipalistes poguerem tindre representaci\u00f3, i per tant, la gent que vota als partits independents se senta representada\u201d.<\/p>\n\n\n\n<p class=\"wp-block-paragraph\">L\u2019alcalde de Sueca i membre de Sueca per Davant, Juli\u00e1n S\u00e1ez, manifestava la seua \u201cil\u00b7lusi\u00f3 per acollir aquest encontre a la nostra localitat\u201d que, indicava \u201cpot marcar el futur m\u00e9s immediat de la pol\u00edtica valenciana. Anem a continuar eixe full de ruta que tots els partits locals municipalistes ens vam marcar\u201d.<\/p>\n\n\n\n<p class=\"wp-block-paragraph\">Durant la trobada s\u2019acordava registrar la ILP a les Corts Valencianes en la primera setmana d\u2019abril, aix\u00ed com el calendari de treball per reunir un m\u00ednim de 10.000 firmes; ja que perqu\u00e8 aquesta proposta prospere cal reunir aquesta xifra en un termini de huit mesos. Un extrem que des de la Uni\u00f3 Municipalista manifesten \u201cno \u00e9s dif\u00edcil d\u2019obtindre sobretot en un context on veiem que molta gent no es sent representada amb els grans partits pol\u00edtics\u201d.&nbsp;<\/p>\n\n\n\n<p class=\"wp-block-paragraph\"><strong>De Sueca a Madrid<\/strong><\/p>\n\n\n\n<p class=\"wp-block-paragraph\">L\u2019encontre auton\u00f2mic a Sueca ha servit per assentar les bases d\u2019aquesta iniciativa legislativa popular que busca fer m\u00e9s justa la representaci\u00f3 municipal i donar veu a aquelles formacions i, per tant els interessos de part de la ciutadania, que ara queden fora pel llist\u00f3 electoral. El pr\u00f2xim encontre est\u00e0 previst per al 31 de maig, quan s\u2019abordar\u00e0 la possibilitat de presentar una altra ILP a nivell estatal amb l\u2019objectiu d\u2019unificar els criteris de representaci\u00f3 en tot el territori espanyol.<\/p>\n\n\n\n<p class=\"wp-block-paragraph\">Aix\u00ed mateix, la trobada a Sueca tamb\u00e9 ha servit per a coordinar les accions de comunicaci\u00f3 i mobilitzaci\u00f3 necess\u00e0ries per a garantir l\u2019\u00e8xit de la ILP, aix\u00ed com altres q\u00fcestions relatives a la campanya electoral per a les eleccions locals i municipals de 2027.<\/p>\n","protected":false},"excerpt":{"rendered":"<div class=\"mh-excerpt\">M\u00e9s de 130 c\u00e0rrecs electes independents de tota la Comunitat Valenciana es reuneixen en Sueca per impulsar un canvi \u201cde just\u00edcia\u201d. El l\u00edder dels municipalistes a la Comunitat Valenciana, Jorge Rodr\u00edguez, destacava que altres territoris <a class=\"mh-excerpt-more\" href=\"https:\/\/tucomarca.whitekongsoftware.com\/ca\/la-unio-municipalista-registrara-la-primera-setmana-d-abril-la-iniciativa-per-aconseguir-la-davallada-del-llisto-electoral-del-5-al-3\/\" title=\"La Uni\u00f3 Municipalista registrar\u00e0 la primera setmana d\u2019 abril la iniciativa per aconseguir la davallada del llist\u00f3 electoral del 5 al 3%\">[+] <\/a><\/div>\n","protected":false},"author":12,"featured_media":258972,"comment_status":"open","ping_status":"open","sticky":false,"template":"","format":"standard","meta":{"footnotes":""},"categories":[10898,10948,10894,10904,10947,10896],"tags":[22056,20404,20671],"class_list":["post-258975","post","type-post","status-publish","format-standard","has-post-thumbnail","category-ventana-ca","category-infraestructuras-ca","category-la-comarca-ca","category-sin-categorizar-ca","category-politica","category-seccion-ca","tag-jorge-rodriguez-ca","tag-natalia-enguix-2-ca","tag-union-municipalista-ca"],"_links":{"self":[{"href":"https:\/\/tucomarca.whitekongsoftware.com\/ca\/wp-json\/wp\/v2\/posts\/258975","targetHints":{"allow":["GET"]}}],"collection":[{"href":"https:\/\/tucomarca.whitekongsoftware.com\/ca\/wp-json\/wp\/v2\/posts"}],"about":[{"href":"https:\/\/tucomarca.whitekongsoftware.com\/ca\/wp-json\/wp\/v2\/types\/post"}],"author":[{"embeddable":true,"href":"https:\/\/tucomarca.whitekongsoftware.com\/ca\/wp-json\/wp\/v2\/users\/12"}],"replies":[{"embeddable":true,"href":"https:\/\/tucomarca.whitekongsoftware.com\/ca\/wp-json\/wp\/v2\/comments?post=258975"}],"version-history":[{"count":0,"href":"https:\/\/tucomarca.whitekongsoftware.com\/ca\/wp-json\/wp\/v2\/posts\/258975\/revisions"}],"wp:featuredmedia":[{"embeddable":true,"href":"https:\/\/tucomarca.whitekongsoftware.com\/ca\/wp-json\/wp\/v2\/media\/258972"}],"wp:attachment":[{"href":"https:\/\/tucomarca.whitekongsoftware.com\/ca\/wp-json\/wp\/v2\/media?parent=258975"}],"wp:term":[{"taxonomy":"category","embeddable":true,"href":"https:\/\/tucomarca.whitekongsoftware.com\/ca\/wp-json\/wp\/v2\/categories?post=258975"},{"taxonomy":"post_tag","embeddable":true,"href":"https:\/\/tucomarca.whitekongsoftware.com\/ca\/wp-json\/wp\/v2\/tags?post=258975"}],"curies":[{"name":"wp","href":"https:\/\/api.w.org\/{rel}","templated":true}]}}