{"id":258345,"date":"2025-03-20T08:30:00","date_gmt":"2025-03-20T07:30:00","guid":{"rendered":"https:\/\/www.tucomarca.com\/wordpress\/segunda\/?p=258345"},"modified":"2025-03-20T15:45:09","modified_gmt":"2025-03-20T14:45:09","slug":"covinas-celebra-lexit-dels-seus-vins-en-berliner-wine-trophy","status":"publish","type":"post","link":"https:\/\/tucomarca.whitekongsoftware.com\/ca\/covinas-celebra-lexit-dels-seus-vins-en-berliner-wine-trophy\/","title":{"rendered":"Covi\u00f1as celebra l&#8217;\u00e8xit dels seus vins en Berliner Wine Trophy"},"content":{"rendered":"\n<h3 class=\"wp-block-heading\">El certamen alemany reconeix amb 5 Medalles d\u2019Or i 2 de Plata l\u2019aposta per la qualitat del celler cooperatiu valenci\u00e0,<\/h3>\n\n\n\n<p class=\"wp-block-paragraph\">Grupo Covi\u00f1as, reconegut com el&nbsp;Millor Celler Cooperatiu del M\u00f3n, torna a estar d\u2019enhorabona despr\u00e9s del seu exit\u00f3s pas per l\u2019edici\u00f3 d\u2019hivern del prestigi\u00f3s certamen alemany&nbsp;Berliner Wine Trophy. En aquesta edici\u00f3, el celler l\u00edder de la&nbsp;D.O. Utiel-Requena&nbsp;ha sigut guardonat amb&nbsp;cinc Medalles d\u2019Or i dos de Plata, consolidant la seua aposta per l\u2019excel\u00b7l\u00e8ncia i els m\u00e9s alts est\u00e0ndards de qualitat en vins i caves.<\/p>\n\n\n\n<p class=\"wp-block-paragraph\"><strong>L\u2019\u00e8xit d\u2019Enterizo: tradici\u00f3 i reconeixement internacional<\/strong><\/p>\n\n\n\n<p class=\"wp-block-paragraph\">Entre els grans premiats,&nbsp;Enterizo Reserva&nbsp;renova el seu prestigi\u00f3s reconeixement amb una&nbsp;Medalla d\u2019Or, afermant el seu estatus com un vi de refer\u00e8ncia. Amb una crian\u00e7a acuradament equilibrada, aquest reserva destaca per les seues notes de fruits negres madurs, cacau i esp\u00e8cies, amb un fons torrat que aporta complexitat i eleg\u00e0ncia. Ideal per a carns roges, estofats tradicionals, formatges curats i plats de ca\u00e7a, on la seua estructura i profunditat realcen cada mos.<\/p>\n\n\n\n<p class=\"wp-block-paragraph\">A m\u00e9s, en aquesta edici\u00f3,&nbsp;Enterizo Bobal Tempranillo&nbsp;tamb\u00e9 ha sigut distingit amb una&nbsp;Medalla d\u2019Or, sumant-se a la llista d\u2019\u00e8xits d\u2019aquesta hist\u00f2rica marca amb m\u00e9s de cinc d\u00e8cades en el mercat. Aquest vi expressa el car\u00e0cter genu\u00ed de la combinaci\u00f3 de varietats&nbsp;Bobal i Tempranillo, amb una fruita roja vibrant i una boca estructurada per\u00f2 accessible. Perfecte amb&nbsp;arrossos de muntanya, embotits ib\u00e8rics, hamburgueses gurmet i guisats de llegums.<\/p>\n\n\n\n<p class=\"wp-block-paragraph\"><strong>Al Vent, Marqu\u00e9s de Plata i Cava Aula Brut: la resposta a les noves tend\u00e8ncies<\/strong><\/p>\n\n\n\n<p class=\"wp-block-paragraph\">El mercat mundial del vi evoluciona cap a tend\u00e8ncies que afavoreixen&nbsp;vins m\u00e9s joves, frescos i afruitats, una corrent que es veu reflectida en els premis obtinguts per Covi\u00f1as en aquesta edici\u00f3 del&nbsp;Berliner Wine Trophy. El celler ha sabut interpretar aquesta demanda amb refer\u00e8ncies que destaquen pel seu&nbsp;car\u00e0cter accessible, equilibrat i vers\u00e0til.<\/p>\n\n\n\n<p class=\"wp-block-paragraph\">Al Vent Syrah&nbsp;(Medalla d\u2019Or) s\u2019ha convertit en un referent de&nbsp;modernitat i expressi\u00f3 afruitada, que acompanya perfectament&nbsp;tapes mediterr\u00e0nies, pizzes artesanes, carns blanques a la graella i tacos mexicans.<\/p>\n\n\n\n<p class=\"wp-block-paragraph\">Marqu\u00e9s de Plata Bobal Tempranillo&nbsp;(Medalla d\u2019Or) \u00e9s un negre elegant en qu\u00e8 abunden les notes de&nbsp;fruits rojos, que mariden molt b\u00e9 amb&nbsp;plats de pasta, carns a la brasa i formatges semicurat.<\/p>\n\n\n\n<p class=\"wp-block-paragraph\">Cava Aula Brut&nbsp;(Medalla d\u2019Or) \u00e9s una expressi\u00f3 vibrant del&nbsp;terroir de Requena, amb una&nbsp;bombolla fina i persistent, aromes c\u00edtrics i de poma verda, i un paladar fresc i crem\u00f3s.<\/p>\n\n\n\n<p class=\"wp-block-paragraph\">Perfecte com a&nbsp;aperitiu, amb&nbsp;marisc, sushi, ostres i postres lleugers a base de fruites.<\/p>\n\n\n\n<p class=\"wp-block-paragraph\"><strong>Aula Bobal Merlot i Marqu\u00e9s de Verdellano: versatilitat premiada<\/strong><\/p>\n\n\n\n<p class=\"wp-block-paragraph\">A m\u00e9s d\u2019aquests guardons, el jurat del&nbsp;Berliner Wine Trophy&nbsp;ha reconegut amb&nbsp;Medalla de Plata&nbsp;dues refer\u00e8ncies que destaquen per la seua&nbsp;originalitat i equilibri:<\/p>\n\n\n\n<p class=\"wp-block-paragraph\">Aula Bobal Merlot&nbsp;ofereix una&nbsp;fusi\u00f3 entre la intensitat de la Bobal i la suavitat i rodonesa del Merlot, resultant en un vi&nbsp;afruitat i estructurat, amb un final especiat, que es gaudeix amb&nbsp;carns rostides, rissottos de bolets i plats de cuina mediterr\u00e0nia amb herbes arom\u00e0tiques.<\/p>\n\n\n\n<p class=\"wp-block-paragraph\">Marqu\u00e9s de Verdellano Bobal Tempranillo&nbsp;\u00e9s un vi on destaca la pres\u00e8ncia de&nbsp;fruita roja amb una agradable acidesa, que el converteix en l\u2019acompanyant&nbsp;ideal per a carns blanques a la brasa.<\/p>\n\n\n\n<p class=\"wp-block-paragraph\"><strong>Un reconeixement internacional a l\u2019excel\u00b7l\u00e8ncia<\/strong><\/p>\n\n\n\n<p class=\"wp-block-paragraph\">El&nbsp;Berliner Wine Trophy, patrocinat per la&nbsp;Organitzaci\u00f3 Internacional de la Vinya i el Vi (OIV)&nbsp;i la&nbsp;Uni\u00f3 Internacional d\u2019En\u00f2legs (UIOE), \u00e9s un dels&nbsp;concursos m\u00e9s prestigiosos del m\u00f3n, amb un exigent jurat internacional que en aquesta edici\u00f3 ha avaluat m\u00e9s de&nbsp;14.400 refer\u00e8ncies procedents de 40 pa\u00efsos. Aquest aval atorga als vins premiats una&nbsp;garantia de qualitat excepcional&nbsp;en el mercat global. Un triomf que refor\u00e7a la&nbsp;pres\u00e8ncia de Covi\u00f1as en mercats internacionals.<\/p>\n\n\n\n<p class=\"wp-block-paragraph\">Jorge Srougi, director general de Covi\u00f1as, ha destacat: &#8220;Aquests resultats incrementen el prestigi dels nostres vins i caves no nom\u00e9s en el mercat alemany, un dels destins m\u00e9s importants per a les nostres exportacions, sin\u00f3 a tot el m\u00f3n. Aquest reconeixement internacional posa en valor l\u2019esfor\u00e7 de les&nbsp;3.000 fam\u00edlies d\u2019agricultors&nbsp;que formen Covi\u00f1as, qui cuiden amb estima les seues vinyes per a obtindre la millor mat\u00e8ria primera.&nbsp;Ells s\u00f3n la nostra ra\u00f3 de ser. A m\u00e9s, l\u2019evoluci\u00f3 de les tend\u00e8ncies de consum confirma que els vins&nbsp;frescos, afruitats i equilibrats&nbsp;s\u00f3n cada vegada m\u00e9s valorats pels consumidors globals. Precisament, Covi\u00f1as destaca en aquest segment, oferint vins que combinen&nbsp;autenticitat, accessibilitat i qualitat, amb la personalitat inconfusible de la nostra terra.\u201d<\/p>\n\n\n\n<figure class=\"wp-block-gallery has-nested-images columns-default is-cropped wp-block-gallery-1 is-layout-flex wp-block-gallery-is-layout-flex\">\n<figure class=\"wp-block-image size-large\"><img loading=\"lazy\" decoding=\"async\" width=\"683\" height=\"1024\" data-id=\"258342\" src=\"https:\/\/www.tucomarca.com\/wordpress\/segunda\/wp-content\/uploads\/2025\/03\/CAVA-AULA-BRUT-COVINAS-683x1024.jpg\" alt=\"\" class=\"wp-image-258342\" srcset=\"https:\/\/tucomarca.whitekongsoftware.com\/wp-content\/uploads\/2025\/03\/CAVA-AULA-BRUT-COVINAS-683x1024.jpg 683w, https:\/\/tucomarca.whitekongsoftware.com\/wp-content\/uploads\/2025\/03\/CAVA-AULA-BRUT-COVINAS-200x300.jpg 200w, https:\/\/tucomarca.whitekongsoftware.com\/wp-content\/uploads\/2025\/03\/CAVA-AULA-BRUT-COVINAS-768x1152.jpg 768w, https:\/\/tucomarca.whitekongsoftware.com\/wp-content\/uploads\/2025\/03\/CAVA-AULA-BRUT-COVINAS-1024x1536.jpg 1024w, https:\/\/tucomarca.whitekongsoftware.com\/wp-content\/uploads\/2025\/03\/CAVA-AULA-BRUT-COVINAS-1365x2048.jpg 1365w, https:\/\/tucomarca.whitekongsoftware.com\/wp-content\/uploads\/2025\/03\/CAVA-AULA-BRUT-COVINAS-scaled.jpg 1707w\" sizes=\"auto, (max-width: 683px) 100vw, 683px\" \/><\/figure>\n\n\n\n<figure class=\"wp-block-image size-large\"><img loading=\"lazy\" decoding=\"async\" width=\"1024\" height=\"1024\" data-id=\"258340\" src=\"https:\/\/www.tucomarca.com\/wordpress\/segunda\/wp-content\/uploads\/2025\/03\/ENTERIZO-BOBAL-TEMPRANILLO-1024x1024.jpeg\" alt=\"\" class=\"wp-image-258340\" srcset=\"https:\/\/tucomarca.whitekongsoftware.com\/wp-content\/uploads\/2025\/03\/ENTERIZO-BOBAL-TEMPRANILLO-1024x1024.jpeg 1024w, https:\/\/tucomarca.whitekongsoftware.com\/wp-content\/uploads\/2025\/03\/ENTERIZO-BOBAL-TEMPRANILLO-300x300.jpeg 300w, https:\/\/tucomarca.whitekongsoftware.com\/wp-content\/uploads\/2025\/03\/ENTERIZO-BOBAL-TEMPRANILLO-290x290.jpeg 290w, https:\/\/tucomarca.whitekongsoftware.com\/wp-content\/uploads\/2025\/03\/ENTERIZO-BOBAL-TEMPRANILLO-768x768.jpeg 768w, https:\/\/tucomarca.whitekongsoftware.com\/wp-content\/uploads\/2025\/03\/ENTERIZO-BOBAL-TEMPRANILLO-1536x1536.jpeg 1536w, https:\/\/tucomarca.whitekongsoftware.com\/wp-content\/uploads\/2025\/03\/ENTERIZO-BOBAL-TEMPRANILLO-2048x2048.jpeg 2048w\" sizes=\"auto, (max-width: 1024px) 100vw, 1024px\" \/><\/figure>\n<\/figure>\n","protected":false},"excerpt":{"rendered":"<div class=\"mh-excerpt\">El certamen alemany reconeix amb 5 Medalles d\u2019Or i 2 de Plata l\u2019aposta per la qualitat del celler cooperatiu valenci\u00e0, Grupo Covi\u00f1as, reconegut com el&nbsp;Millor Celler Cooperatiu del M\u00f3n, torna a estar d\u2019enhorabona despr\u00e9s del <a class=\"mh-excerpt-more\" href=\"https:\/\/tucomarca.whitekongsoftware.com\/ca\/covinas-celebra-lexit-dels-seus-vins-en-berliner-wine-trophy\/\" title=\"Covi\u00f1as celebra l&#8217;\u00e8xit dels seus vins en Berliner Wine Trophy\">[+] <\/a><\/div>\n","protected":false},"author":13,"featured_media":258341,"comment_status":"open","ping_status":"open","sticky":false,"template":"","format":"standard","meta":{"footnotes":""},"categories":[11006,10894,11007,10909,10896],"tags":[18652],"class_list":["post-258345","post","type-post","status-publish","format-standard","has-post-thumbnail","category-canal-vinos","category-la-comarca-ca","category-ocio-y-cultura-ca","category-requena-utiel-ca","category-seccion-ca","tag-viticultura-ca"],"_links":{"self":[{"href":"https:\/\/tucomarca.whitekongsoftware.com\/ca\/wp-json\/wp\/v2\/posts\/258345","targetHints":{"allow":["GET"]}}],"collection":[{"href":"https:\/\/tucomarca.whitekongsoftware.com\/ca\/wp-json\/wp\/v2\/posts"}],"about":[{"href":"https:\/\/tucomarca.whitekongsoftware.com\/ca\/wp-json\/wp\/v2\/types\/post"}],"author":[{"embeddable":true,"href":"https:\/\/tucomarca.whitekongsoftware.com\/ca\/wp-json\/wp\/v2\/users\/13"}],"replies":[{"embeddable":true,"href":"https:\/\/tucomarca.whitekongsoftware.com\/ca\/wp-json\/wp\/v2\/comments?post=258345"}],"version-history":[{"count":0,"href":"https:\/\/tucomarca.whitekongsoftware.com\/ca\/wp-json\/wp\/v2\/posts\/258345\/revisions"}],"wp:featuredmedia":[{"embeddable":true,"href":"https:\/\/tucomarca.whitekongsoftware.com\/ca\/wp-json\/wp\/v2\/media\/258341"}],"wp:attachment":[{"href":"https:\/\/tucomarca.whitekongsoftware.com\/ca\/wp-json\/wp\/v2\/media?parent=258345"}],"wp:term":[{"taxonomy":"category","embeddable":true,"href":"https:\/\/tucomarca.whitekongsoftware.com\/ca\/wp-json\/wp\/v2\/categories?post=258345"},{"taxonomy":"post_tag","embeddable":true,"href":"https:\/\/tucomarca.whitekongsoftware.com\/ca\/wp-json\/wp\/v2\/tags?post=258345"}],"curies":[{"name":"wp","href":"https:\/\/api.w.org\/{rel}","templated":true}]}}