{"id":258140,"date":"2025-03-17T12:30:00","date_gmt":"2025-03-17T11:30:00","guid":{"rendered":"https:\/\/www.tucomarca.com\/wordpress\/segunda\/?p=258140"},"modified":"2025-03-17T14:21:51","modified_gmt":"2025-03-17T13:21:51","slug":"mazon-iniciem-el-cami-duns-pressupostos-per-a-garantir-una-recuperacio-agil-i-efectiva-que-impulse-la-comunitat-valenciana","status":"publish","type":"post","link":"https:\/\/tucomarca.whitekongsoftware.com\/ca\/mazon-iniciem-el-cami-duns-pressupostos-per-a-garantir-una-recuperacio-agil-i-efectiva-que-impulse-la-comunitat-valenciana\/","title":{"rendered":"Maz\u00f3n: \u201cIniciem el cam\u00ed d&#8217;uns pressupostos per a garantir una recuperaci\u00f3 \u00e0gil i efectiva que impulse la Comunitat Valenciana\u201d"},"content":{"rendered":"\n<h3 class=\"wp-block-heading\">Assegura que la reconstrucci\u00f3 \u201cha de consolidar-se sobre una estrat\u00e8gia econ\u00f2mica s\u00f2lida centrada en pilars fonamentals com la sanitat, l&#8217;educaci\u00f3, l&#8217;habitatge, els serveis socials, els aut\u00f2noms, les empreses i les fam\u00edlies\u201d<\/h3>\n\n\n\n<h3 class=\"wp-block-heading\">Destaca que en els pr\u00f2xims dies concretaran amb VOX un ampli programa de mesures pol\u00edtiques i pressupost\u00e0ries que \u201cmarcaran un abans i un despr\u00e9s perqu\u00e8 donaran l&#8217;empenyiment positiu que la nostra terra necessita i mereix en aquest moment\u201d<\/h3>\n\n\n\n<h3 class=\"wp-block-heading\">Avan\u00e7a que proposar\u00e0 al Comit\u00e9 de les Regions que les infraestructures hidr\u00e0uliques que \u201csalven vides\u201d no estiguen condicionades per criteris mediambientals obligatoris extrems que s\u00f3n perjudicials ni per retallades pressupost\u00e0ries&nbsp;<\/h3>\n\n\n\n<h3 class=\"wp-block-heading\">Subratlla que s&#8217;impulsaran mesures de suport real al camp com a rebaixes fiscals de l&#8217;impost de transmissions patrimonials per a finques agr\u00e0ries i l&#8217;eliminaci\u00f3 de taxes per als pescadors<\/h3>\n\n\n\n<h3 class=\"wp-block-heading\">Ressalta la posada en marxa de rebaixes per a alleujar la c\u00e0rrega de les fam\u00edlies i empreses afectades per les riuades i exigeix una pol\u00edtica migrat\u00f2ria a nivell nacional i europeu<\/h3>\n\n\n\n<h3 class=\"wp-block-heading\">Apel\u00b7la a tots els valencians \u201camb independ\u00e8ncia de la seua ideologia que acosten el muscle per a tirar avant un repte col\u00b7lectiu que nom\u00e9s podrem superar units\u201d<\/h3>\n\n\n\n<h3 class=\"wp-block-heading\">Assenyala el comprom\u00eds del Consell per \u201crecuperar, reconstruir i avan\u00e7ar\u201d enfront d&#8217;aquells centrats en el \u201cr\u00e8dit pol\u00edtic\u201d i remarca que la Generalitat \u201cest\u00e0 executant les ajudes a una velocitat molt superior a la del Govern central\u201d<\/h3>\n\n\n\n<p class=\"wp-block-paragraph\">Aix\u00ed ho ha avan\u00e7at en una declaraci\u00f3 institucional en Les Corts al costat de la vicepresidenta primera i consellera de Serveis Socials, Igualtat i Habitatge, Susana Camarero i consellera d&#8217;Economia i Hisenda, Ruth Merino, on ha assenyalat que \u201cno \u00e9s nom\u00e9s un acord de pressupostos sin\u00f3 un pla d&#8217;impuls de la Comunitat Valenciana\u201d.<\/p>\n\n\n\n<p class=\"wp-block-paragraph\">En aquest sentit, ha indicat en els pr\u00f2xims dies s&#8217;espera concretar amb Vox, al qual ha agra\u00eft la seua col\u00b7laboraci\u00f3, \u201cun ampli programa de mesures pol\u00edtiques i pressupost\u00e0ries que marcaran un abans i un despr\u00e9s, perqu\u00e8 donaran l&#8217;empenyiment positiu que la Comunitat Valenciana necessita i mereix en aquest moment\u201d. Aix\u00ed mateix, ha avan\u00e7at que dijous que ve \u201cportar\u00e0 al Consell els pressupostos que s&#8217;estan negociant\u201d. &nbsp;<\/p>\n\n\n\n<p class=\"wp-block-paragraph\">El president ha ratificat la seua aposta per uns \u201ccomptes p\u00fablics realistes, efica\u00e7os i eficients i que estan obertes a totes les aportacions, amb l&#8217;esperan\u00e7a que aquest acord puga ser valorat al marge de les sigles o el color pol\u00edtic\u201d.<\/p>\n\n\n\n<p class=\"wp-block-paragraph\">Per al m\u00e0xim representant de l&#8217;Executiu valenci\u00e0 \u201c\u00e9s el nostre deure prioritzar a les persones i garantir que aquesta regi\u00f3 avance cap a un futur millor, amb just\u00edcia, solidaritat i sense demora\u201d.<\/p>\n\n\n\n<p class=\"wp-block-paragraph\">Aix\u00ed mateix, ha sol\u00b7licitat a tots alacantins, castellonencs i valencians, amb independ\u00e8ncia de la seua ideologia que \u201cacosten el muscle per a tirar avant un repte col\u00b7lectiu que nom\u00e9s podrem superar units\u201d.<\/p>\n\n\n\n<p class=\"wp-block-paragraph\">Per a Carlos Maz\u00f3n, \u201cla reconstrucci\u00f3 de la Comunitat Valenciana ha de consolidar-se sobre una planificaci\u00f3 econ\u00f2mica s\u00f2lida i efectiva, centrada en pilars fonamentals com la sanitat, l&#8217;educaci\u00f3, l&#8217;habitatge, els serveis socials, els aut\u00f2noms, les empreses i les fam\u00edlies\u201d, i ha subratllat que per a aix\u00f2 \u201caquests pressupostos s\u00f3n crucials amb la prioritat posada en les persones afectades i la revitalitzaci\u00f3 econ\u00f2mica i social del nostre territori\u201d.<\/p>\n\n\n\n<p class=\"wp-block-paragraph\">Per a aix\u00f2, ha incidit en el seu comprom\u00eds per a continuar fent passos cap avant en la reconstrucci\u00f3 i en la recuperaci\u00f3 de tot el potencial de la nostra regi\u00f3 \u201camb una Comunitat Valenciana fiscalment competitiva\u201d a m\u00e9s de \u201crefor\u00e7ar els serveis socials, reparar el nostre camp i garantir la llibertat dels pares a triar la llengua en la qual vulguen escolaritzar als seus fills\u201d.&nbsp;<\/p>\n\n\n\n<p class=\"wp-block-paragraph\"><strong>Acords per a avan\u00e7ar<\/strong><\/p>\n\n\n\n<p class=\"wp-block-paragraph\">Durant el seu discurs, el cap del Consell ha avan\u00e7at que la Generalitat promour\u00e0 una iniciativa en el Comit\u00e9 de les Regions, que genere nous suports, per a exigir que les inversions en infraestructures hidr\u00e0uliques que salven vides no estiguen condicionades per criteris mediambientals obligatoris i extrems derivats de l&#8217;aplicaci\u00f3 literal del Pacte Verd Europeu.<\/p>\n\n\n\n<p class=\"wp-block-paragraph\">Per a Maz\u00f3n, \u201cla protecci\u00f3 del medi ambient \u00e9s tamb\u00e9 un objectiu d&#8217;aquest Consell\u201d, encara que ha defensat que \u201caquest no ha d&#8217;estar condicionat a impedir les infraestructures necess\u00e0ries per a evitar cat\u00e0strofes o limitar el desenvolupament econ\u00f2mic de la nostra regi\u00f3\u201d.<\/p>\n\n\n\n<p class=\"wp-block-paragraph\">Igualment, ha anunciat que en els pr\u00f2xims pressupostos s&#8217;impulsaran \u201cmesures de suport real al camp\u201d entre les quals ha destacat rebaixes fiscals de l&#8217;Impost de Transmissions Patrimonials per a finques agr\u00e0ries i l&#8217;eliminaci\u00f3 de taxes per als pescadors\u201d.<\/p>\n\n\n\n<p class=\"wp-block-paragraph\">El cap del Consell tamb\u00e9 ha assenyalat que s&#8217;estan ultimant noves ajudes i rebaixes d&#8217;impostos addicionals a les ja anunciades \u201cper a alleujar la c\u00e0rrega de les fam\u00edlies i empreses afectades\u201d.<\/p>\n\n\n\n<p class=\"wp-block-paragraph\"><strong>Aposta per les infraestructures h\u00eddriques i el sector primari<\/strong><\/p>\n\n\n\n<p class=\"wp-block-paragraph\">El m\u00e0xim representant de l&#8217;Executiu valenci\u00e0 ha reiterat el comprom\u00eds del Consell per \u201capostar per les infraestructures h\u00eddriques i les obres necess\u00e0ries per a la prevenci\u00f3\u201d. Per aix\u00f2, ha fet refer\u00e8ncia a la inversi\u00f3 de 30 milions d&#8217;euros a millorar i refor\u00e7 de canalitzacions de barrancs o 25 milions d&#8217;euros per a recuperar l&#8217;embassament de Buseo.<\/p>\n\n\n\n<p class=\"wp-block-paragraph\">Aix\u00ed mateix, ha explicat l&#8217;aposta per la reutilitzaci\u00f3 d&#8217;aig\u00fces depurades per al que s&#8217;han destinat 43 milions d&#8217;euros que \u201cens converteixen en l\u00edders de reutilitzaci\u00f3 d&#8217;aig\u00fces per a risc\u201d enfront de les pol\u00edtiques de dessalaci\u00f3 del Govern d&#8217;Espanya.&nbsp;<\/p>\n\n\n\n<p class=\"wp-block-paragraph\">Igualment ha posat en valor els 18 milions d&#8217;euros per a la modernitzaci\u00f3 de regadius o els 35 milions d&#8217;euros apara fera costat als agricultors a conservar la sanitat de les seues produccions mentre continuem reivindicant a Brussel\u00b7les la revisi\u00f3 dels acords comercials, les cl\u00e0usules espill, els controls en frontera i equiparaci\u00f3 en els tractaments fitosanitaris, aix\u00ed com l&#8217;augment del pressupost per a refor\u00e7ar l&#8217;asseguran\u00e7a agr\u00e0ria fins als 33,43 milions d&#8217;euros.<\/p>\n\n\n\n<p class=\"wp-block-paragraph\">De la mateixa manera, ha apel\u00b7lat a l&#8217;eliminaci\u00f3 del Consell de l&#8217;Horta que va impedir les obres en el barranc de la Saleta i va multiplicar l&#8217;aband\u00f3 de terres en l&#8217;horta, aix\u00ed com a seguir amb la simplificaci\u00f3 administrativa per a recolzar l&#8217;activitat en el sector primari.&nbsp;<\/p>\n\n\n\n<p class=\"wp-block-paragraph\"><strong>Frac\u00e0s de la pol\u00edtica migrat\u00f2ria\u00a0<\/strong><\/p>\n\n\n\n<p class=\"wp-block-paragraph\">Durant la seua intervenci\u00f3, el president ha titllat de \u201cfrac\u00e0s la pol\u00edtica migrat\u00f2ria\u201d de l&#8217;Executiu central i ha retret al Govern que es negue a atendre les comunitats aut\u00f2nomes que \u201cportem mesos denunciant la saturaci\u00f3 dels centres de menors i de menors no acompanyats, i en canvi tard segons a acceptar trossejar el control de fronteres i la pol\u00edtica migrat\u00f2ria\u201d.<\/p>\n\n\n\n<p class=\"wp-block-paragraph\">En aquest sentit s&#8217;ha mostrat \u201corgull\u00f3s dels migrants legals que contribueixen amb el seu esfor\u00e7 i sacrifici a tirar avant la Comunitat Valenciana\u201d, i ha asseverat que \u201c\u00e9s injust comparar-los amb el problema que s\u00ed que representa la immigraci\u00f3 il\u00b7legal\u201d.<\/p>\n\n\n\n<p class=\"wp-block-paragraph\">Sobre aquest tema, ha confirmat que la Comunitat Valenciana \u201cha desbordat el l\u00edmit de la seua capacitat, i no admetr\u00e0 m\u00e9s repartiments de la immigraci\u00f3 il\u00b7legal que promociona el Govern central\u201d, al mateix temps que ha manifestat la intenci\u00f3 de la Generalitat \u201cde buscar f\u00f3rmules legals perqu\u00e8 els menors no acompanyats que hagen arribat al nostre territori puguen tornar amb els seus pares i fam\u00edlies\u201d. Per aix\u00f2, ha demandat que la immigraci\u00f3 il\u00b7legal massiva \u201cnecessita ser abordada amb una nova pol\u00edtica migrat\u00f2ria a nivell nacional i europea\u201d.<\/p>\n\n\n\n<p class=\"wp-block-paragraph\">Aix\u00ed mateix, ha reclamat a Delegaci\u00f3 del Govern que \u201cfa\u00e7a p\u00fablic el nombre total de persones detingudes per pillatge, aprofitant la crisi de la riuada per a robar en domicilis i comer\u00e7os\u201d. Per a Maz\u00f3n, \u201cno podem permetre que hi haja persones que han perdut tot a causa de la riuada i que, damunt, vegen com ixen impunes els autors dels saquejos i els actes de pillatge en les seues pr\u00f2pies cases i negocis durant els dies posteriors al 29-O\u201d.<\/p>\n\n\n\n<p class=\"wp-block-paragraph\"><strong>Centrats en la reconstrucci\u00f3<\/strong><\/p>\n\n\n\n<p class=\"wp-block-paragraph\">El cap del Consell ha reiterat el comprom\u00eds del Consell per \u201crecuperar, reconstruir i avan\u00e7ar\u201d enfront d&#8217;aquells centrats en el \u201cr\u00e8dit pol\u00edtic\u201d i ha remarcat que la Generalitat \u201cest\u00e0 executant les ajudes a una velocitat molt superior a la del Govern malgrat l&#8217;infrafinan\u00e7ament i sense cap ajuda directa de l&#8217;Executiu central a la Generalitat per a afrontar la recuperaci\u00f3\u201d.<\/p>\n\n\n\n<p class=\"wp-block-paragraph\">Per a Carlos Maz\u00f3n, \u201cuna veritable reconstrucci\u00f3 ha de fonamentar-se en, primer, la reparaci\u00f3 immediata dels afectats amb ajudes directes, sense impostos i sense burocr\u00e0cia\u201d.&nbsp;<\/p>\n\n\n\n<p class=\"wp-block-paragraph\">Igualment, en segon lloc, s&#8217;ha referit a \u201cpreparar a la Comunitat Valenciana\u201d perqu\u00e8 aquest tipus de cat\u00e0strofes no tornen a oc\u00f3rrer per al que ha considerat necess\u00e0ria \u201cla revisi\u00f3 dels sistemes d&#8217;emerg\u00e8ncia i protocols i la construcci\u00f3 d&#8217;infraestructures h\u00eddriques per a evitar inundacions que no es vegen frenades per la rigidesa normativa i pel dogmatisme clim\u00e0tic com ocorria amb la Llei de l&#8217;Horta\u201d.<\/p>\n\n\n\n<p class=\"wp-block-paragraph\">A m\u00e9s, el president ha reclamat \u201clleialtat institucional i col\u00b7laboraci\u00f3 entre Administracions perqu\u00e8 cap Comunitat Aut\u00f2noma est\u00e0 en condicions d&#8217;assumir sola totes les tasques de reconstrucci\u00f3 amb els seus propis recursos, especialment per la regi\u00f3 m\u00e9s perjudicada per la falta de reforma del sistema de finan\u00e7ament auton\u00f2mic\u201d.<\/p>\n\n\n\n<p class=\"wp-block-paragraph\">Aix\u00ed, el cap del Consell ha reiterat la \u201cnecessitat de treballar junts per a prioritzar als ciutadans, deixant a un costat les discrep\u00e0ncies quan es tracta de reconstruir i enfortir la nostra terra\u201d.<\/p>\n\n\n\n<p class=\"wp-block-paragraph\">En aquesta l\u00ednia, ha lamentat la falta d&#8217;inversions en mat\u00e8ria de canalitzaci\u00f3 de barrancs per part del Govern central que \u201chagueren evitat gran part de les conseq\u00fc\u00e8ncies de la riuada\u201d. Aix\u00ed mateix, ha reclamat el sistema d&#8217;alerta primerenca, que se li va negar a la Comunitat Valenciana i que, si t\u00e9 l&#8217;Ebre, que \u201chauria minimitzat l&#8217;impacte de la riuada i salvat vides\u201d com va recon\u00e9ixer el propi Govern d&#8217;Espanya.<\/p>\n","protected":false},"excerpt":{"rendered":"<div class=\"mh-excerpt\">Assegura que la reconstrucci\u00f3 \u201cha de consolidar-se sobre una estrat\u00e8gia econ\u00f2mica s\u00f2lida centrada en pilars fonamentals com la sanitat, l&#8217;educaci\u00f3, l&#8217;habitatge, els serveis socials, els aut\u00f2noms, les empreses i les fam\u00edlies\u201d Destaca que en els <a class=\"mh-excerpt-more\" href=\"https:\/\/tucomarca.whitekongsoftware.com\/ca\/mazon-iniciem-el-cami-duns-pressupostos-per-a-garantir-una-recuperacio-agil-i-efectiva-que-impulse-la-comunitat-valenciana\/\" title=\"Maz\u00f3n: \u201cIniciem el cam\u00ed d&#8217;uns pressupostos per a garantir una recuperaci\u00f3 \u00e0gil i efectiva que impulse la Comunitat Valenciana\u201d\">[+] <\/a><\/div>\n","protected":false},"author":13,"featured_media":258137,"comment_status":"open","ping_status":"open","sticky":false,"template":"","format":"standard","meta":{"footnotes":""},"categories":[21466,10898,10894,10904,10947,10896],"tags":[18807,15409,11498,11140,21668],"class_list":["post-258140","post","type-post","status-publish","format-standard","has-post-thumbnail","category-dana-ca","category-ventana-ca","category-la-comarca-ca","category-sin-categorizar-ca","category-politica","category-seccion-ca","tag-carlos-mazon-ca","tag-dana-2-ca","tag-generalitat-valenciana-ca","tag-politica-ca","tag-presupuestos-2025-ca"],"_links":{"self":[{"href":"https:\/\/tucomarca.whitekongsoftware.com\/ca\/wp-json\/wp\/v2\/posts\/258140","targetHints":{"allow":["GET"]}}],"collection":[{"href":"https:\/\/tucomarca.whitekongsoftware.com\/ca\/wp-json\/wp\/v2\/posts"}],"about":[{"href":"https:\/\/tucomarca.whitekongsoftware.com\/ca\/wp-json\/wp\/v2\/types\/post"}],"author":[{"embeddable":true,"href":"https:\/\/tucomarca.whitekongsoftware.com\/ca\/wp-json\/wp\/v2\/users\/13"}],"replies":[{"embeddable":true,"href":"https:\/\/tucomarca.whitekongsoftware.com\/ca\/wp-json\/wp\/v2\/comments?post=258140"}],"version-history":[{"count":0,"href":"https:\/\/tucomarca.whitekongsoftware.com\/ca\/wp-json\/wp\/v2\/posts\/258140\/revisions"}],"wp:featuredmedia":[{"embeddable":true,"href":"https:\/\/tucomarca.whitekongsoftware.com\/ca\/wp-json\/wp\/v2\/media\/258137"}],"wp:attachment":[{"href":"https:\/\/tucomarca.whitekongsoftware.com\/ca\/wp-json\/wp\/v2\/media?parent=258140"}],"wp:term":[{"taxonomy":"category","embeddable":true,"href":"https:\/\/tucomarca.whitekongsoftware.com\/ca\/wp-json\/wp\/v2\/categories?post=258140"},{"taxonomy":"post_tag","embeddable":true,"href":"https:\/\/tucomarca.whitekongsoftware.com\/ca\/wp-json\/wp\/v2\/tags?post=258140"}],"curies":[{"name":"wp","href":"https:\/\/api.w.org\/{rel}","templated":true}]}}