{"id":257972,"date":"2025-03-15T12:10:00","date_gmt":"2025-03-15T11:10:00","guid":{"rendered":"https:\/\/www.tucomarca.com\/wordpress\/segunda\/?p=257972"},"modified":"2025-03-15T19:35:50","modified_gmt":"2025-03-15T18:35:50","slug":"cultura-dissenya-lexposicio-itinerant-art-rupestre-de-la-comunitat-valenciana-de-patrimoni-mundial-a-patrimoni-social","status":"publish","type":"post","link":"https:\/\/tucomarca.whitekongsoftware.com\/ca\/cultura-dissenya-lexposicio-itinerant-art-rupestre-de-la-comunitat-valenciana-de-patrimoni-mundial-a-patrimoni-social\/","title":{"rendered":"Cultura dissenya l&#8217;exposici\u00f3 itinerant \u2018Art Rupestre de la Comunitat Valenciana. De patrimoni mundial a patrimoni social\u2019"},"content":{"rendered":"\n<h3 class=\"wp-block-heading\">La mostra, que veur\u00e0 la llum en els pr\u00f2xims mesos, commemorar\u00e0 el 25 aniversari de la inclusi\u00f3 de l&#8217;Art Rupestre de l&#8217;Arc Mediterrani de la Pen\u00ednsula Ib\u00e8rica en la llista de Patrimoni Cultural per la UNESCO.<\/h3>\n\n\n\n<h3 class=\"wp-block-heading\">La Comunitat Valenciana \u00e9s la que major nombre d&#8217;abrics alberga, amb 302 enclavaments d&#8217;art rupestre inclosos en la llista de Patrimoni Mundial repartits en 57 municipis.<\/h3>\n\n\n\n<p class=\"wp-block-paragraph\">La Conselleria d&#8217;Educaci\u00f3, Cultura, Universitats i Ocupaci\u00f3 ha dissenyat l&#8217;exposici\u00f3 itinerant \u2018Art Rupestre de la Comunitat Valenciana. De patrimoni mundial a patrimoni social\u2019. La mostra se celebrar\u00e0 per a commemorar el 25 aniversari de la inclusi\u00f3 de l&#8217;Art Rupestre de l&#8217;Arc Mediterrani de la Pen\u00ednsula Ib\u00e8rica en la llista de Patrimoni Cultural per la UNESCO en 1998.<\/p>\n\n\n\n<p class=\"wp-block-paragraph\">L&#8217;objectiu d&#8217;aquesta mostra, que es desenvolupar\u00e0 enguany, \u00e9s posar en valor, conservar, estudiar i divulgar l&#8217;art rupestre de la Comunitat Valenciana, donant a con\u00e9ixer a tota la ciutadania el gran valor cultural d&#8217;aquestes manifestacions art\u00edstiques que formen part del llegat del nostre passat que estan declarades com a Patrimoni Mundial de la UNESCO.&nbsp;<\/p>\n\n\n\n<p class=\"wp-block-paragraph\">Per a aix\u00f2, mitjan\u00e7ant el gaudi d&#8217;un viatge en el temps, es mostrar\u00e0 als visitants l&#8217;alt valor cultural de l&#8217;Art Rupestre de l&#8217;Arc Mediterrani de la Pen\u00ednsula Ib\u00e8rica, descobrint la seua hist\u00f2ria i els aspectes m\u00e9s interessants d&#8217;aquest.&nbsp;<\/p>\n\n\n\n<p class=\"wp-block-paragraph\">L&#8217;art rupestre de la Comunitat Valenciana \u00e9s el que major nombre d&#8217;abrics alberga, ja que compta amb 302 enclavaments repartits al llarg del territori, amb 131 manifestacions a la prov\u00edncia d&#8217;Alacant, 102 a la prov\u00edncia de Castell\u00f3 i 69 en la de Val\u00e8ncia situades en un total de 57 municipis (27 a Alacant, 18 a Castell\u00f3 i 22 a Val\u00e8ncia).<\/p>\n\n\n\n<p class=\"wp-block-paragraph\">En 1998 la Comunitat Valenciana va presentar juntament amb Arag\u00f3, Catalunya, Castella-la Manxa, M\u00farcia i Andalusia una candidatura conjunta a la UNESCO. El museu de la Valltorta va ser el lloc on es va gestar el projecte, que finalment va acabar amb la inclusi\u00f3 en la llista del Patrimoni Mundial per la UNESCO.<\/p>\n\n\n\n<p class=\"wp-block-paragraph\">El car\u00e0cter itinerant de la mostra permetr\u00e0 que siga exhibida en museus de reconegut prestigi situats al llarg de la Comunitat Valenciana, contribuint notablement a potenciar el car\u00e0cter integrador, multidisciplinari i transversal de l&#8217;art rupestre, i ampliar amb aix\u00f2 l&#8217;abast p\u00fablic i medi\u00e0tic d&#8217;aquesta.<\/p>\n\n\n\n<p class=\"wp-block-paragraph\">En concret, l&#8217;exposici\u00f3 iniciar\u00e0 el seu recorregut en el Museu de la Valltorta de T\u00edrig per a traslladar-se a continuaci\u00f3 en el Ecomuseo de Bicorb, Museu Arqueol\u00f2gic de Gandia i Museu Arqueol\u00f2gic Municipal Camilo Visedo Molt\u00f3 d&#8217;Alcoi.&nbsp;<\/p>\n\n\n\n<p class=\"wp-block-paragraph\">La mostra romandr\u00e0 en cadascuna d&#8217;aquestes seus durant un per\u00edode de dos mesos aproximadament, segons la programaci\u00f3 que permeta cada museu.<\/p>\n\n\n\n<p class=\"wp-block-paragraph\">La Direcci\u00f3 General de Patrimoni Cultural ja ha licitat el contracte de serveis per al disseny, organitzaci\u00f3, programaci\u00f3, coordinaci\u00f3, desenvolupament, muntatge, desmuntatge, transport i difusi\u00f3 d&#8217;aquesta mostra en cadascuna de les seus, per un import total de 440.000 euros que es distribuiran entre 2025 i 2026.<\/p>\n","protected":false},"excerpt":{"rendered":"<div class=\"mh-excerpt\">La mostra, que veur\u00e0 la llum en els pr\u00f2xims mesos, commemorar\u00e0 el 25 aniversari de la inclusi\u00f3 de l&#8217;Art Rupestre de l&#8217;Arc Mediterrani de la Pen\u00ednsula Ib\u00e8rica en la llista de Patrimoni Cultural per la <a class=\"mh-excerpt-more\" href=\"https:\/\/tucomarca.whitekongsoftware.com\/ca\/cultura-dissenya-lexposicio-itinerant-art-rupestre-de-la-comunitat-valenciana-de-patrimoni-mundial-a-patrimoni-social\/\" title=\"Cultura dissenya l&#8217;exposici\u00f3 itinerant \u2018Art Rupestre de la Comunitat Valenciana. De patrimoni mundial a patrimoni social\u2019\">[+] <\/a><\/div>\n","protected":false},"author":13,"featured_media":257970,"comment_status":"open","ping_status":"open","sticky":false,"template":"","format":"standard","meta":{"footnotes":""},"categories":[10965,10898,10948,10963,10894,10904,11007,10896],"tags":[13893,12194,11105,15856],"class_list":["post-257972","post","type-post","status-publish","format-standard","has-post-thumbnail","category-bicorp-ca","category-ventana-ca","category-infraestructuras-ca","category-la-canal-de-navarres-ca","category-la-comarca-ca","category-sin-categorizar-ca","category-ocio-y-cultura-ca","category-seccion-ca","tag-bicorp-ca","tag-cultura-ca","tag-la-canal-de-navarers-ca","tag-ocio-y-cultura-ca"],"_links":{"self":[{"href":"https:\/\/tucomarca.whitekongsoftware.com\/ca\/wp-json\/wp\/v2\/posts\/257972","targetHints":{"allow":["GET"]}}],"collection":[{"href":"https:\/\/tucomarca.whitekongsoftware.com\/ca\/wp-json\/wp\/v2\/posts"}],"about":[{"href":"https:\/\/tucomarca.whitekongsoftware.com\/ca\/wp-json\/wp\/v2\/types\/post"}],"author":[{"embeddable":true,"href":"https:\/\/tucomarca.whitekongsoftware.com\/ca\/wp-json\/wp\/v2\/users\/13"}],"replies":[{"embeddable":true,"href":"https:\/\/tucomarca.whitekongsoftware.com\/ca\/wp-json\/wp\/v2\/comments?post=257972"}],"version-history":[{"count":0,"href":"https:\/\/tucomarca.whitekongsoftware.com\/ca\/wp-json\/wp\/v2\/posts\/257972\/revisions"}],"wp:featuredmedia":[{"embeddable":true,"href":"https:\/\/tucomarca.whitekongsoftware.com\/ca\/wp-json\/wp\/v2\/media\/257970"}],"wp:attachment":[{"href":"https:\/\/tucomarca.whitekongsoftware.com\/ca\/wp-json\/wp\/v2\/media?parent=257972"}],"wp:term":[{"taxonomy":"category","embeddable":true,"href":"https:\/\/tucomarca.whitekongsoftware.com\/ca\/wp-json\/wp\/v2\/categories?post=257972"},{"taxonomy":"post_tag","embeddable":true,"href":"https:\/\/tucomarca.whitekongsoftware.com\/ca\/wp-json\/wp\/v2\/tags?post=257972"}],"curies":[{"name":"wp","href":"https:\/\/api.w.org\/{rel}","templated":true}]}}