{"id":257902,"date":"2025-03-14T12:45:00","date_gmt":"2025-03-14T11:45:00","guid":{"rendered":"https:\/\/www.tucomarca.com\/wordpress\/segunda\/?p=257902"},"modified":"2025-03-14T19:35:26","modified_gmt":"2025-03-14T18:35:26","slug":"vicent-mompo-porta-el-fallerisme-de-la-diputacio-a-la-comarca-de-la-ribera","status":"publish","type":"post","link":"https:\/\/tucomarca.whitekongsoftware.com\/ca\/vicent-mompo-porta-el-fallerisme-de-la-diputacio-a-la-comarca-de-la-ribera\/","title":{"rendered":"Vicent Momp\u00f3 porta el &#8216;fallerisme&#8217; de la Diputaci\u00f3 a la comarca de la Ribera"},"content":{"rendered":"\n<h3 class=\"wp-block-heading\">El president de la Diputaci\u00f3 de Val\u00e8ncia ha acudit al Col\u00b7legi Santa Ana d&#8217;Algemes\u00ed i a la masclet\u00e0 d&#8217;Alzira.<\/h3>\n\n\n\n<p class=\"wp-block-paragraph\">El president de la Diputaci\u00f3 de Val\u00e8ncia, Vicent Momp\u00f3, continua portant el \u2018fallerisme\u2019, el lema d&#8217;este any de la instituci\u00f3 que expressa amb una paraula la manera de viure estes festes, a diferents municipis de la prov\u00edncia. Este divendres Momp\u00f3 ha acudit a la comarca de la Ribera per a donar suport als actes fallers que s&#8217;estan celebrant en els municipis d&#8217;Algemes\u00ed i Alzira.<\/p>\n\n\n\n<p class=\"wp-block-paragraph\">A Algemes\u00ed, Vicent Momp\u00f3, acompanyat per l&#8217;alcalde de la localitat, Jos\u00e9 Javier Sanchis, ha visitat en primer lloc la falla Nou Mercat, on ha pogut veure la plant\u00e0 del seu monument. A continuaci\u00f3, s&#8217;han traslladat al Col\u00b7legi Santa Ana on, en un ambient festiu, ha participat en l&#8217;ofrena que han realitzat els alumnes d&#8217;esta escola, que tamb\u00e9 han plantat una falla.<\/p>\n\n\n\n<figure class=\"wp-block-gallery has-nested-images columns-1 is-cropped wp-block-gallery-1 is-layout-flex wp-block-gallery-is-layout-flex\">\n<figure class=\"wp-block-image size-large\"><img loading=\"lazy\" decoding=\"async\" width=\"1024\" height=\"666\" data-id=\"257895\" src=\"https:\/\/www.tucomarca.com\/wordpress\/segunda\/wp-content\/uploads\/2025\/03\/DipuFalladAlgemesi-1024x666.jpg\" alt=\"\" class=\"wp-image-257895\" srcset=\"https:\/\/tucomarca.whitekongsoftware.com\/wp-content\/uploads\/2025\/03\/DipuFalladAlgemesi-1024x666.jpg 1024w, https:\/\/tucomarca.whitekongsoftware.com\/wp-content\/uploads\/2025\/03\/DipuFalladAlgemesi-300x195.jpg 300w, https:\/\/tucomarca.whitekongsoftware.com\/wp-content\/uploads\/2025\/03\/DipuFalladAlgemesi-768x499.jpg 768w, https:\/\/tucomarca.whitekongsoftware.com\/wp-content\/uploads\/2025\/03\/DipuFalladAlgemesi.jpg 1181w\" sizes=\"auto, (max-width: 1024px) 100vw, 1024px\" \/><\/figure>\n\n\n\n<figure class=\"wp-block-image size-large\"><img loading=\"lazy\" decoding=\"async\" width=\"1024\" height=\"666\" data-id=\"257899\" src=\"https:\/\/www.tucomarca.com\/wordpress\/segunda\/wp-content\/uploads\/2025\/03\/DipuFallasAlzira2-1024x666.jpg\" alt=\"\" class=\"wp-image-257899\" srcset=\"https:\/\/tucomarca.whitekongsoftware.com\/wp-content\/uploads\/2025\/03\/DipuFallasAlzira2-1024x666.jpg 1024w, https:\/\/tucomarca.whitekongsoftware.com\/wp-content\/uploads\/2025\/03\/DipuFallasAlzira2-300x195.jpg 300w, https:\/\/tucomarca.whitekongsoftware.com\/wp-content\/uploads\/2025\/03\/DipuFallasAlzira2-768x499.jpg 768w, https:\/\/tucomarca.whitekongsoftware.com\/wp-content\/uploads\/2025\/03\/DipuFallasAlzira2.jpg 1181w\" sizes=\"auto, (max-width: 1024px) 100vw, 1024px\" \/><\/figure>\n<\/figure>\n\n\n\n<p class=\"wp-block-paragraph\">\u201cAlgemes\u00ed \u00e9s un dels municipis que m\u00e9s ha patit les conseq\u00fc\u00e8ncies de la dana i els seus ve\u00efns tenen tot el dret a tornar a somriure i a il\u00b7lusionar-se celebrant estes festes. Hem vist com els alumnes del col\u00b7legi celebren les falles, demostrant que la festivitat va m\u00e9s enll\u00e0 del que s\u00f3n els casals i els monuments i es viu tamb\u00e9 entre la resta de col\u00b7lectius de la societat\u201d, ha destacat Vicent Momp\u00f3.<\/p>\n\n\n\n<p class=\"wp-block-paragraph\">Per part seua, l&#8217;alcalde Jos\u00e9 Javier Sanchis, ha agra\u00eft \u201cel suport de la Diputaci\u00f3 a les nostres tradicions i la seua visita a este col\u00b7legi on es pret\u00e9n inculcar als m\u00e9s xicotets la cultura fallera perqu\u00e8 esta tradici\u00f3 tinga continu\u00eftat\u201d.<\/p>\n\n\n\n<p class=\"wp-block-paragraph\">El president de la corporaci\u00f3 provincial s&#8217;ha despla\u00e7at despr\u00e9s a Alzira, on ha sigut rebut a l&#8217;Ajuntament per l&#8217;alcalde de la capital de la Ribera Alta, Alfonso Dom\u00ednguez. Momp\u00f3 ha tingut l&#8217;oportunitat de presenciar en la Pla\u00e7a del Regne la primera masclet\u00e0 que obri el cicle faller d&#8217;Alzira, a c\u00e0rrec d&#8217;un dels pirot\u00e8cnics m\u00e9s destacats del sector, la Pirot\u00e8cnia Crespo, que ha fet disfrutar a tots els assistents amb el seu fam\u00f3s tro.<\/p>\n\n\n\n<p class=\"wp-block-paragraph\">\u201cHui a Alzira estem recolzant als nostres pobles i les nostres tradicions. La festa de les falles no sols es viu a Val\u00e8ncia capital, sin\u00f3 que \u00e9s un tret de la cultura valenciana molt est\u00e9s als pobles de la prov\u00edncia. Hem pogut disfrutar de la primera masclet\u00e0 d&#8217;estes falles, manifestant tamb\u00e9 aix\u00ed el nostre reconeixement al sector pirot\u00e8cnic, tan important per a la nostra terra\u201d, ha subratllat Vicent Momp\u00f3.<\/p>\n","protected":false},"excerpt":{"rendered":"<div class=\"mh-excerpt\">El president de la Diputaci\u00f3 de Val\u00e8ncia ha acudit al Col\u00b7legi Santa Ana d&#8217;Algemes\u00ed i a la masclet\u00e0 d&#8217;Alzira. El president de la Diputaci\u00f3 de Val\u00e8ncia, Vicent Momp\u00f3, continua portant el \u2018fallerisme\u2019, el lema d&#8217;este <a class=\"mh-excerpt-more\" href=\"https:\/\/tucomarca.whitekongsoftware.com\/ca\/vicent-mompo-porta-el-fallerisme-de-la-diputacio-a-la-comarca-de-la-ribera\/\" title=\"Vicent Momp\u00f3 porta el &#8216;fallerisme&#8217; de la Diputaci\u00f3 a la comarca de la Ribera\">[+] <\/a><\/div>\n","protected":false},"author":12,"featured_media":257898,"comment_status":"open","ping_status":"open","sticky":false,"template":"","format":"gallery","meta":{"footnotes":""},"categories":[10983,10889,10898,10993,10948,10894,10904,10902,11007,10947,10896],"tags":[11081,11192,11246,22021,11356],"class_list":["post-257902","post","type-post","status-publish","format-gallery","has-post-thumbnail","category-algemesi-ca","category-alzira-cat","category-ventana-ca","category-gavarda-ca","category-infraestructuras-ca","category-la-comarca-ca","category-sin-categorizar-ca","category-la-ribera-ca","category-ocio-y-cultura-ca","category-politica","category-seccion-ca","tag-algemesi-ca","tag-alzira-ca","tag-diputacio-de-valencia-ca","tag-fallerisme-ca","tag-ribera-alta-ca","post_format-post-format-gallery"],"_links":{"self":[{"href":"https:\/\/tucomarca.whitekongsoftware.com\/ca\/wp-json\/wp\/v2\/posts\/257902","targetHints":{"allow":["GET"]}}],"collection":[{"href":"https:\/\/tucomarca.whitekongsoftware.com\/ca\/wp-json\/wp\/v2\/posts"}],"about":[{"href":"https:\/\/tucomarca.whitekongsoftware.com\/ca\/wp-json\/wp\/v2\/types\/post"}],"author":[{"embeddable":true,"href":"https:\/\/tucomarca.whitekongsoftware.com\/ca\/wp-json\/wp\/v2\/users\/12"}],"replies":[{"embeddable":true,"href":"https:\/\/tucomarca.whitekongsoftware.com\/ca\/wp-json\/wp\/v2\/comments?post=257902"}],"version-history":[{"count":0,"href":"https:\/\/tucomarca.whitekongsoftware.com\/ca\/wp-json\/wp\/v2\/posts\/257902\/revisions"}],"wp:featuredmedia":[{"embeddable":true,"href":"https:\/\/tucomarca.whitekongsoftware.com\/ca\/wp-json\/wp\/v2\/media\/257898"}],"wp:attachment":[{"href":"https:\/\/tucomarca.whitekongsoftware.com\/ca\/wp-json\/wp\/v2\/media?parent=257902"}],"wp:term":[{"taxonomy":"category","embeddable":true,"href":"https:\/\/tucomarca.whitekongsoftware.com\/ca\/wp-json\/wp\/v2\/categories?post=257902"},{"taxonomy":"post_tag","embeddable":true,"href":"https:\/\/tucomarca.whitekongsoftware.com\/ca\/wp-json\/wp\/v2\/tags?post=257902"}],"curies":[{"name":"wp","href":"https:\/\/api.w.org\/{rel}","templated":true}]}}