{"id":257875,"date":"2025-03-14T13:30:00","date_gmt":"2025-03-14T12:30:00","guid":{"rendered":"https:\/\/www.tucomarca.com\/wordpress\/segunda\/?p=257875"},"modified":"2025-03-14T19:09:57","modified_gmt":"2025-03-14T18:09:57","slug":"sanitat-ampliara-lhospital-de-lliria-amb-un-nou-hospital-de-dia","status":"publish","type":"post","link":"https:\/\/tucomarca.whitekongsoftware.com\/ca\/sanitat-ampliara-lhospital-de-lliria-amb-un-nou-hospital-de-dia\/","title":{"rendered":"Sanitat ampliar\u00e0 l&#8217;Hospital de Ll\u00edria amb un nou hospital de dia"},"content":{"rendered":"\n<h3 class=\"wp-block-heading\">El conseller de Sanitat visita l&#8217;Hospital de Ll\u00edria amb motiu de la commemoraci\u00f3 de 10\u00e9 aniversari des de la seua posada en marxa.<\/h3>\n\n\n\n<h3 class=\"wp-block-heading\">El nou hospital de dia comptar\u00e0 amb tres consultes, una sala d&#8217;espera, control d&#8217;infermeria i 10 butaques per a tractaments.<\/h3>\n\n\n\n<p class=\"wp-block-paragraph\">El conseller de Sanitat, Marciano G\u00f3mez, ha anunciat l&#8217;ampliaci\u00f3 de l&#8217;Hospital de Ll\u00edria amb la creaci\u00f3 d&#8217;un nou hospital de dia, \u201cque permetr\u00e0 oferir una atenci\u00f3 m\u00e9s personalitzada i adaptada a les necessitats que presenten els pacients d&#8217;aquest centre, i en concret als qui pateixen malalties cr\u00f2niques o s\u00f3n pluripatol\u00f2gics i requereixen d&#8217;una atenci\u00f3 m\u00e9s especialitzada\u201d.<\/p>\n\n\n\n<p class=\"wp-block-paragraph\">D&#8217;aquesta manera, \u201cla finalitat \u00e9s que aquests pacients puguen rebre tractament de manera ambulat\u00f2ria i despr\u00e9s anar-se a casa sense necessitat d&#8217;ingressar en el centre hospitalari\u201d, ha remarcat el conseller.<\/p>\n\n\n\n<p class=\"wp-block-paragraph\">En la seua visita al centre, amb motiu de la commemoraci\u00f3 del 10\u00e9 aniversari des de la posada en marxa de l&#8217;Hospital de Ll\u00edria, el conseller ha destacat el ferm comprom\u00eds de la Conselleria de Sanitat de continuar realitzant millores en aquest hospital \u201cperqu\u00e8 ens trobem en un moment en el qual va a augmentant de manera progressiva la poblaci\u00f3 amb malalties cr\u00f2niques, a les quals hem de prestar especial atenci\u00f3 i implementar els recursos necessaris per a atendre-les com mereixen\u201d.<\/p>\n\n\n\n<p class=\"wp-block-paragraph\">Per aix\u00f2, es reservar\u00e0 un espai destinat a l&#8217;hospitalitzaci\u00f3 de dia, \u201cd&#8217;aquesta manera obrirem una unitat assistencial altament qualificada i preparada per a oferir la millor atenci\u00f3 sanit\u00e0ria a pacients oncol\u00f2gics, hematol\u00f2gics, geri\u00e0trics i psiqui\u00e0trics\u201d, ha assenyalat el conseller.<\/p>\n\n\n\n<p class=\"wp-block-paragraph\">Aquest nou hospital de dia estar\u00e0 dotat de tres consultes per a Hematologia i Oncologia, un espai destinat a control d&#8217;infermeria, 10 butaques per a tractaments, una sala d&#8217;espera, un magatzem i lavabos. Per a la seua posada en marxa, la Conselleria de Sanitat realitzar\u00e0 una inversi\u00f3 de 111.000 euros.<\/p>\n\n\n\n<p class=\"wp-block-paragraph\">Aix\u00ed, tal com ha explicat el conseller \u201ca poc a poc s&#8217;han anat millorant els serveis d&#8217;aquest centre des de la seua creaci\u00f3 fa deu anys per a ampliar i millorar la cartera de serveis d&#8217;un hospital que dona suport assistencial als m\u00e9s de 20 municipis que t\u00e9 assignats\u201d. De fet, durant l&#8217;any passat es va dur a terme la renovaci\u00f3 de la sala de vitals d&#8217;Urg\u00e8ncies i els equipaments d&#8217;endosc\u00f2pies.<\/p>\n\n\n\n<p class=\"wp-block-paragraph\">A m\u00e9s, s&#8217;ha anat incrementant la dotaci\u00f3 de pressupost, que compta amb de 55 milions d&#8217;euros anuals, aix\u00ed com de personal fins a aconseguir els 700 professionals dedicats di\u00e0riament a l&#8217;atenci\u00f3 d&#8217;aquests pacients. En aquest sentit, Marciano G\u00f3mez ha agra\u00eft \u201cla immensa labor que exerceixen tots i cadascun dels professionals que treballen en aquest centre, perqu\u00e8 s\u00f3n un exemple del que \u00e9s la veritable vocaci\u00f3 a la sanitat, ja que cada dia demostren, amb la seua dedicaci\u00f3 i professionalitat, la seua obstinaci\u00f3 per a oferir una atenci\u00f3 m\u00e9s pr\u00f2xima i personalitzada a pacients amb especial vulnerabilitat\u201d.<\/p>\n\n\n\n<p class=\"wp-block-paragraph\">Quant a l&#8217;activitat assistencial de l&#8217;hospital, durant l&#8217;any passat es van realitzar prop de 100.000 consultes primeres i successives. A m\u00e9s, durant eixe per\u00edode es van atendre m\u00e9s de 45.000 urg\u00e8ncies i es van registrar quasi 5.600 ingressos hospitalaris. D&#8217;altra banda, en l&#8217;\u00e0rea quir\u00fargica es van dur a terme 4.382 intervencions.<\/p>\n","protected":false},"excerpt":{"rendered":"<div class=\"mh-excerpt\">El conseller de Sanitat visita l&#8217;Hospital de Ll\u00edria amb motiu de la commemoraci\u00f3 de 10\u00e9 aniversari des de la seua posada en marxa. El nou hospital de dia comptar\u00e0 amb tres consultes, una sala d&#8217;espera, <a class=\"mh-excerpt-more\" href=\"https:\/\/tucomarca.whitekongsoftware.com\/ca\/sanitat-ampliara-lhospital-de-lliria-amb-un-nou-hospital-de-dia\/\" title=\"Sanitat ampliar\u00e0 l&#8217;Hospital de Ll\u00edria amb un nou hospital de dia\">[+] <\/a><\/div>\n","protected":false},"author":13,"featured_media":257873,"comment_status":"open","ping_status":"open","sticky":false,"template":"","format":"standard","meta":{"footnotes":""},"categories":[10892,11010,10898,10948,10894,10904,10928,10947,10896],"tags":[10899,12903,11199,11070,11207,11338],"class_list":["post-257875","post","type-post","status-publish","format-standard","has-post-thumbnail","category-camp-de-turia-ca","category-canal-salud","category-ventana-ca","category-infraestructuras-ca","category-la-comarca-ca","category-sin-categorizar-ca","category-lliria-ca","category-politica","category-seccion-ca","tag-camp-de-turia-ca","tag-infraestructuras-ca","tag-la-comunitat-ca","tag-lliria-ca","tag-salud-ca","tag-sanidad-ca"],"_links":{"self":[{"href":"https:\/\/tucomarca.whitekongsoftware.com\/ca\/wp-json\/wp\/v2\/posts\/257875","targetHints":{"allow":["GET"]}}],"collection":[{"href":"https:\/\/tucomarca.whitekongsoftware.com\/ca\/wp-json\/wp\/v2\/posts"}],"about":[{"href":"https:\/\/tucomarca.whitekongsoftware.com\/ca\/wp-json\/wp\/v2\/types\/post"}],"author":[{"embeddable":true,"href":"https:\/\/tucomarca.whitekongsoftware.com\/ca\/wp-json\/wp\/v2\/users\/13"}],"replies":[{"embeddable":true,"href":"https:\/\/tucomarca.whitekongsoftware.com\/ca\/wp-json\/wp\/v2\/comments?post=257875"}],"version-history":[{"count":0,"href":"https:\/\/tucomarca.whitekongsoftware.com\/ca\/wp-json\/wp\/v2\/posts\/257875\/revisions"}],"wp:featuredmedia":[{"embeddable":true,"href":"https:\/\/tucomarca.whitekongsoftware.com\/ca\/wp-json\/wp\/v2\/media\/257873"}],"wp:attachment":[{"href":"https:\/\/tucomarca.whitekongsoftware.com\/ca\/wp-json\/wp\/v2\/media?parent=257875"}],"wp:term":[{"taxonomy":"category","embeddable":true,"href":"https:\/\/tucomarca.whitekongsoftware.com\/ca\/wp-json\/wp\/v2\/categories?post=257875"},{"taxonomy":"post_tag","embeddable":true,"href":"https:\/\/tucomarca.whitekongsoftware.com\/ca\/wp-json\/wp\/v2\/tags?post=257875"}],"curies":[{"name":"wp","href":"https:\/\/api.w.org\/{rel}","templated":true}]}}