{"id":257770,"date":"2025-03-13T12:45:00","date_gmt":"2025-03-13T11:45:00","guid":{"rendered":"https:\/\/www.tucomarca.com\/wordpress\/segunda\/?p=257770"},"modified":"2025-03-14T09:05:22","modified_gmt":"2025-03-14T08:05:22","slug":"la-falla-nuevo-bunyol-es-nega-a-participar-en-lofrena-conjunta-del-18-de-marc-si-no-es-davant-la-imatge-de-la-verge-dels-desemparats","status":"publish","type":"post","link":"https:\/\/tucomarca.whitekongsoftware.com\/ca\/la-falla-nuevo-bunyol-es-nega-a-participar-en-lofrena-conjunta-del-18-de-marc-si-no-es-davant-la-imatge-de-la-verge-dels-desemparats\/","title":{"rendered":"La Falla Nuevo Bunyol es nega a participar en l&#8217;ofrena conjunta del 18 de mar\u00e7 si no \u00e9s davant la imatge de la Verge dels Desemparats"},"content":{"rendered":"\n<p class=\"wp-block-paragraph\">La comissi\u00f3 de la Falla Nuevo Bunyol ha anunciat la seua decisi\u00f3 de no participar en l&#8217;ofrena del pr\u00f2xim 18 de mar\u00e7 en la parr\u00f2quia de la Verge dels Dolores (Esgl\u00e9sia Ventas), &#8220;a causa de l&#8217;abs\u00e8ncia de la imatge de la Verge dels Desemparats&#8221;, tal com han fet p\u00fablic des de la comissi\u00f3 en un comunicat a trav\u00e9s de les seues xarxes socials.<\/p>\n\n\n\n<p class=\"wp-block-paragraph\">En el seu comunicat la comissi\u00f3 ha expressat el seu desacord amb la decisi\u00f3 que l&#8217;ofrena &#8220;no es realitze davant la Verge dels Desemparats, tal com estableix el reglament faller vigent&#8221;, asseguren. L&#8217;agrupaci\u00f3 ha defensat la seua postura argumentant que les ofrenes falleres &#8220;han de seguir la normativa arreplegada en els estatuts de la Junta Central Fallera i el reglament faller publicat en el BOE, que estipula que l&#8217;ofrena ha de realitzar-se a la Verge dels Desemparats&#8221;.<\/p>\n\n\n\n<p class=\"wp-block-paragraph\">Des de la Falla Nuevo Bunyol han manifestat el seu desig de &#8220;mantindre la unitat en el m\u00f3n faller i evitar pol\u00e8miques&#8221;, encara que lamenten &#8220;les tensions generades en els \u00faltims dies&#8221;. Malgrat les provocacions i debats sorgits entorn de l&#8217;organitzaci\u00f3 de l&#8217;ofrena, han reiterat el seu respecte cap a la Confraria de la Verge dels Dolores, la parr\u00f2quia i la Falla Ventas, per\u00f2 consideren &#8220;que la tradici\u00f3 ha de mantindre&#8217;s sense modificacions&#8221;.<\/p>\n","protected":false},"excerpt":{"rendered":"<div class=\"mh-excerpt\">La comissi\u00f3 de la Falla Nuevo Bunyol ha anunciat la seua decisi\u00f3 de no participar en l&#8217;ofrena del pr\u00f2xim 18 de mar\u00e7 en la parr\u00f2quia de la Verge dels Dolores (Esgl\u00e9sia Ventas), &#8220;a causa de <a class=\"mh-excerpt-more\" href=\"https:\/\/tucomarca.whitekongsoftware.com\/ca\/la-falla-nuevo-bunyol-es-nega-a-participar-en-lofrena-conjunta-del-18-de-marc-si-no-es-davant-la-imatge-de-la-verge-dels-desemparats\/\" title=\"La Falla Nuevo Bunyol es nega a participar en l&#8217;ofrena conjunta del 18 de mar\u00e7 si no \u00e9s davant la imatge de la Verge dels Desemparats\">[+] <\/a><\/div>\n","protected":false},"author":12,"featured_media":215448,"comment_status":"open","ping_status":"open","sticky":false,"template":"","format":"standard","meta":{"footnotes":""},"categories":[10911,10894,10912,11007,10896],"tags":[10913,11499,20849,10914,15856],"class_list":["post-257770","post","type-post","status-publish","format-standard","has-post-thumbnail","category-bunol-ca","category-la-comarca-ca","category-la-hoya-ca","category-ocio-y-cultura-ca","category-seccion-ca","tag-bunol-ca","tag-fallas-ca","tag-fallas-2025-ca","tag-la-hoya-de-bunol-chiva-ca","tag-ocio-y-cultura-ca"],"_links":{"self":[{"href":"https:\/\/tucomarca.whitekongsoftware.com\/ca\/wp-json\/wp\/v2\/posts\/257770","targetHints":{"allow":["GET"]}}],"collection":[{"href":"https:\/\/tucomarca.whitekongsoftware.com\/ca\/wp-json\/wp\/v2\/posts"}],"about":[{"href":"https:\/\/tucomarca.whitekongsoftware.com\/ca\/wp-json\/wp\/v2\/types\/post"}],"author":[{"embeddable":true,"href":"https:\/\/tucomarca.whitekongsoftware.com\/ca\/wp-json\/wp\/v2\/users\/12"}],"replies":[{"embeddable":true,"href":"https:\/\/tucomarca.whitekongsoftware.com\/ca\/wp-json\/wp\/v2\/comments?post=257770"}],"version-history":[{"count":0,"href":"https:\/\/tucomarca.whitekongsoftware.com\/ca\/wp-json\/wp\/v2\/posts\/257770\/revisions"}],"wp:featuredmedia":[{"embeddable":true,"href":"https:\/\/tucomarca.whitekongsoftware.com\/ca\/wp-json\/wp\/v2\/media\/215448"}],"wp:attachment":[{"href":"https:\/\/tucomarca.whitekongsoftware.com\/ca\/wp-json\/wp\/v2\/media?parent=257770"}],"wp:term":[{"taxonomy":"category","embeddable":true,"href":"https:\/\/tucomarca.whitekongsoftware.com\/ca\/wp-json\/wp\/v2\/categories?post=257770"},{"taxonomy":"post_tag","embeddable":true,"href":"https:\/\/tucomarca.whitekongsoftware.com\/ca\/wp-json\/wp\/v2\/tags?post=257770"}],"curies":[{"name":"wp","href":"https:\/\/api.w.org\/{rel}","templated":true}]}}