{"id":257702,"date":"2025-03-13T09:45:00","date_gmt":"2025-03-13T08:45:00","guid":{"rendered":"https:\/\/www.tucomarca.com\/wordpress\/segunda\/?p=257702"},"modified":"2025-03-13T12:54:08","modified_gmt":"2025-03-13T11:54:08","slug":"fotogaleria-educands-professors-i-familiars-gaudeixen-a-bunyol-de-la-falla-litrera-amb-bunyols-musica-i-crema","status":"publish","type":"post","link":"https:\/\/tucomarca.whitekongsoftware.com\/ca\/fotogaleria-educands-professors-i-familiars-gaudeixen-a-bunyol-de-la-falla-litrera-amb-bunyols-musica-i-crema\/","title":{"rendered":"Fotogaler\u00eda: educands, professors i familiars gaudeixen a Bunyol de la Falla Litrera amb bunyols, m\u00fasica i crem\u00e0"},"content":{"rendered":"\n<p class=\"wp-block-paragraph\">L&#8217;Escola de m\u00fasica del CIM &#8220;La Arm\u00f3nica&#8221; de Bunyol va celebrar ahir la Falla Litrera amb gran entusiasme, acompanyada d&#8217;un berenar de bunyols i xocolate enfront de l&#8217;escola de m\u00fasica. Aquest esdeveniment, que va reunir educands, professors i familiars, va servir per a donar la benvinguda a les Falles en un ambient festiu i familiar.<\/p>\n\n\n\n<p class=\"wp-block-paragraph\">Un dels moments m\u00e9s esperats va ser l&#8217;exhibici\u00f3 de la fallica, una creaci\u00f3 elaborada amb dedicaci\u00f3 pels alumnes de l&#8217;escola de m\u00fasica, juntament amb els seus professors, el director i el suport de les seues fam\u00edlies.<\/p>\n\n\n\n<p class=\"wp-block-paragraph\">La jornada va estar amenitzada amb m\u00fasica en directe gr\u00e0cies a les actuacions de la Banda Juvenil i la Banda J\u00fanior, que van posar la banda sonora a una vesprada repleta d&#8217;emoci\u00f3. Com a colof\u00f3, els assistents van poder gaudir de la crem\u00e0, que va marcar el tancament de la celebraci\u00f3 amb l&#8217;esperit tradicional i festiu que caracteritza a les Falles.<\/p>\n\n\n\n<p class=\"wp-block-paragraph\">Fotos:<strong> Jos\u00e9 Luis Mont\u00f3n.<\/strong><\/p>\n\n\n\n<figure class=\"wp-block-gallery has-nested-images columns-1 is-cropped wp-block-gallery-1 is-layout-flex wp-block-gallery-is-layout-flex\">\n<figure class=\"wp-block-image size-large\"><img loading=\"lazy\" decoding=\"async\" width=\"1024\" height=\"615\" data-id=\"257684\" src=\"https:\/\/www.tucomarca.com\/wordpress\/segunda\/wp-content\/uploads\/2025\/03\/FallaLitro03-1024x615.jpg\" alt=\"\" class=\"wp-image-257684\" srcset=\"https:\/\/tucomarca.whitekongsoftware.com\/wp-content\/uploads\/2025\/03\/FallaLitro03-1024x615.jpg 1024w, https:\/\/tucomarca.whitekongsoftware.com\/wp-content\/uploads\/2025\/03\/FallaLitro03-300x180.jpg 300w, https:\/\/tucomarca.whitekongsoftware.com\/wp-content\/uploads\/2025\/03\/FallaLitro03-768x461.jpg 768w, https:\/\/tucomarca.whitekongsoftware.com\/wp-content\/uploads\/2025\/03\/FallaLitro03.jpg 1476w\" sizes=\"auto, (max-width: 1024px) 100vw, 1024px\" \/><\/figure>\n\n\n\n<figure class=\"wp-block-image size-large\"><img loading=\"lazy\" decoding=\"async\" width=\"1024\" height=\"615\" data-id=\"257682\" src=\"https:\/\/www.tucomarca.com\/wordpress\/segunda\/wp-content\/uploads\/2025\/03\/FallaLitro02-1024x615.jpg\" alt=\"\" class=\"wp-image-257682\" srcset=\"https:\/\/tucomarca.whitekongsoftware.com\/wp-content\/uploads\/2025\/03\/FallaLitro02-1024x615.jpg 1024w, https:\/\/tucomarca.whitekongsoftware.com\/wp-content\/uploads\/2025\/03\/FallaLitro02-300x180.jpg 300w, https:\/\/tucomarca.whitekongsoftware.com\/wp-content\/uploads\/2025\/03\/FallaLitro02-768x461.jpg 768w, https:\/\/tucomarca.whitekongsoftware.com\/wp-content\/uploads\/2025\/03\/FallaLitro02.jpg 1476w\" sizes=\"auto, (max-width: 1024px) 100vw, 1024px\" \/><\/figure>\n\n\n\n<figure class=\"wp-block-image size-large\"><img loading=\"lazy\" decoding=\"async\" width=\"615\" height=\"1024\" data-id=\"257680\" src=\"https:\/\/www.tucomarca.com\/wordpress\/segunda\/wp-content\/uploads\/2025\/03\/FallaLitro01-615x1024.jpg\" alt=\"\" class=\"wp-image-257680\" srcset=\"https:\/\/tucomarca.whitekongsoftware.com\/wp-content\/uploads\/2025\/03\/FallaLitro01-615x1024.jpg 615w, https:\/\/tucomarca.whitekongsoftware.com\/wp-content\/uploads\/2025\/03\/FallaLitro01-180x300.jpg 180w, https:\/\/tucomarca.whitekongsoftware.com\/wp-content\/uploads\/2025\/03\/FallaLitro01-768x1279.jpg 768w, https:\/\/tucomarca.whitekongsoftware.com\/wp-content\/uploads\/2025\/03\/FallaLitro01.jpg 886w\" sizes=\"auto, (max-width: 615px) 100vw, 615px\" \/><\/figure>\n<\/figure>\n","protected":false},"excerpt":{"rendered":"<div class=\"mh-excerpt\">L&#8217;Escola de m\u00fasica del CIM &#8220;La Arm\u00f3nica&#8221; de Bunyol va celebrar ahir la Falla Litrera amb gran entusiasme, acompanyada d&#8217;un berenar de bunyols i xocolate enfront de l&#8217;escola de m\u00fasica. Aquest esdeveniment, que va reunir <a class=\"mh-excerpt-more\" href=\"https:\/\/tucomarca.whitekongsoftware.com\/ca\/fotogaleria-educands-professors-i-familiars-gaudeixen-a-bunyol-de-la-falla-litrera-amb-bunyols-musica-i-crema\/\" title=\"Fotogaler\u00eda: educands, professors i familiars gaudeixen a Bunyol de la Falla Litrera amb bunyols, m\u00fasica i crem\u00e0\">[+] <\/a><\/div>\n","protected":false},"author":12,"featured_media":257687,"comment_status":"open","ping_status":"open","sticky":false,"template":"","format":"gallery","meta":{"footnotes":""},"categories":[10911,11005,10894,10912,11007,10896],"tags":[10913,17648,11499,10914],"class_list":["post-257702","post","type-post","status-publish","format-gallery","has-post-thumbnail","category-bunol-ca","category-canal-musica","category-la-comarca-ca","category-la-hoya-ca","category-ocio-y-cultura-ca","category-seccion-ca","tag-bunol-ca","tag-cim-la-armonica-ca","tag-fallas-ca","tag-la-hoya-de-bunol-chiva-ca","post_format-post-format-gallery"],"_links":{"self":[{"href":"https:\/\/tucomarca.whitekongsoftware.com\/ca\/wp-json\/wp\/v2\/posts\/257702","targetHints":{"allow":["GET"]}}],"collection":[{"href":"https:\/\/tucomarca.whitekongsoftware.com\/ca\/wp-json\/wp\/v2\/posts"}],"about":[{"href":"https:\/\/tucomarca.whitekongsoftware.com\/ca\/wp-json\/wp\/v2\/types\/post"}],"author":[{"embeddable":true,"href":"https:\/\/tucomarca.whitekongsoftware.com\/ca\/wp-json\/wp\/v2\/users\/12"}],"replies":[{"embeddable":true,"href":"https:\/\/tucomarca.whitekongsoftware.com\/ca\/wp-json\/wp\/v2\/comments?post=257702"}],"version-history":[{"count":0,"href":"https:\/\/tucomarca.whitekongsoftware.com\/ca\/wp-json\/wp\/v2\/posts\/257702\/revisions"}],"wp:featuredmedia":[{"embeddable":true,"href":"https:\/\/tucomarca.whitekongsoftware.com\/ca\/wp-json\/wp\/v2\/media\/257687"}],"wp:attachment":[{"href":"https:\/\/tucomarca.whitekongsoftware.com\/ca\/wp-json\/wp\/v2\/media?parent=257702"}],"wp:term":[{"taxonomy":"category","embeddable":true,"href":"https:\/\/tucomarca.whitekongsoftware.com\/ca\/wp-json\/wp\/v2\/categories?post=257702"},{"taxonomy":"post_tag","embeddable":true,"href":"https:\/\/tucomarca.whitekongsoftware.com\/ca\/wp-json\/wp\/v2\/tags?post=257702"}],"curies":[{"name":"wp","href":"https:\/\/api.w.org\/{rel}","templated":true}]}}