{"id":257644,"date":"2025-03-12T12:03:00","date_gmt":"2025-03-12T11:03:00","guid":{"rendered":"https:\/\/www.tucomarca.com\/wordpress\/segunda\/?p=257644"},"modified":"2025-03-12T18:52:11","modified_gmt":"2025-03-12T17:52:11","slug":"la-directora-general-de-prevencio-dincendis-forestals-rosa-maria-touris-visita-els-municipis-de-cortes-de-pallas-i-loriguilla","status":"publish","type":"post","link":"https:\/\/tucomarca.whitekongsoftware.com\/ca\/la-directora-general-de-prevencio-dincendis-forestals-rosa-maria-touris-visita-els-municipis-de-cortes-de-pallas-i-loriguilla\/","title":{"rendered":"La directora general de Prevenci\u00f3 d&#8217;Incendis Forestals, Rosa Mar\u00eda Tour\u00eds, visita els municipis de Cortes de Pall\u00e0s i Loriguilla"},"content":{"rendered":"\n<h3 class=\"wp-block-heading\">Medi Ambient informa els municipis de com formalitzar les subvencions directes per a la prevenci\u00f3 d\u2019incendis i gesti\u00f3 forestal.<\/h3>\n\n\n\n<h3 class=\"wp-block-heading\">La directora general de Prevenci\u00f3 d\u2019Incendis Forestals ha assegurat que esta iniciativa \u201c\u00e9s l\u2019exemple del ferm comprom\u00eds del Consell per a actuar de la manera m\u00e9s primerenca\u201d<\/h3>\n\n\n\n<h3 class=\"wp-block-heading\"><strong>La Generalitat concedir\u00e0 una subvenci\u00f3 directa a les localitats valencianes que ho sol\u00b7liciten i tinguen terreny forestal i un pla local de prevenci\u00f3 d\u2019incendis forestals<\/strong><\/h3>\n\n\n\n<p class=\"wp-block-paragraph\">La Direcci\u00f3 General de Prevenci\u00f3 d\u2019Incendis Forestals, de la Conselleria de Medi Ambient, Infraestructures i Territori, mant\u00e9 reunions amb diferents ajuntaments, una vegada obert un termini de 15 dies h\u00e0bils, fins al 25 de mar\u00e7, perqu\u00e8 els municipis sol\u00b7licitants formalitzen i accepten la subvenci\u00f3 directa de prevenci\u00f3 d\u2019incendis i gesti\u00f3 forestal, en el marc del Fons Estrat\u00e8gic Municipal de Prevenci\u00f3 d\u2019Incendis i Gesti\u00f3 Forestal (PLPIF) de 2025, ja que necessiten confirmar l\u2019acceptaci\u00f3 despr\u00e9s de ser concedida.<\/p>\n\n\n\n<p class=\"wp-block-paragraph\">Aix\u00ed ho ha explicat la directora general de Prevenci\u00f3 d\u2019Incendis Forestals, Rosa Mar\u00eda Tour\u00eds, despr\u00e9s de la visita als municipis de Loriguilla i Cortes de Pall\u00e1s, a on ha mostrat la seua predisposici\u00f3 a ajudar i fer costat als ajuntaments en la planificaci\u00f3 i l\u2019execuci\u00f3 de les actuacions en esta mat\u00e8ria.<\/p>\n\n\n\n<p class=\"wp-block-paragraph\">El Fons Estrat\u00e8gic Municipal de Prevenci\u00f3 d\u2019Incendis i Gesti\u00f3 Forestal (PLPIF) de 2025 de la Generalitat t\u00e9 un pressupost de 8 milions d\u2019euros i establix la via per a canalitzar una ajuda directa als 498 municipis valencians que tenen terreny forestal i disposen d\u2019un pla local de prevenci\u00f3 d\u2019incendis forestals.<\/p>\n\n\n\n<p class=\"wp-block-paragraph\">Entre les actuacions que poden ser subvencionades destaquen la creaci\u00f3 i el manteniment d\u2019\u00e0rees tallafocs, la millora de pistes forestals i de punts d\u2019aigua, podes i desbrossaments.<\/p>\n\n\n\n<p class=\"wp-block-paragraph\">En esta l\u00ednia, la directora general ha subratllat que este fons \u201c\u00e9s l\u2019exemple del ferm comprom\u00eds del Consell amb la prevenci\u00f3 i la gesti\u00f3 forestal per a actuar de la manera m\u00e9s primerenca i minimitzar, en la mesura que siga possible, estes emerg\u00e8ncies, que cada vegada s\u00f3n m\u00e9s freq\u00fcents en qualsevol \u00e8poca de l\u2019any\u201d.<\/p>\n\n\n\n<p class=\"wp-block-paragraph\">Durant les diferents visites, la directora general ha explicat als alcaldes els detalls de la subvenci\u00f3 i ha destacat que \u201cno \u00e9s nom\u00e9s una ajuda econ\u00f2mica, \u00e9s una aposta pel futur de les nostres muntanyes, perqu\u00e8 volem que estiguen millor preparats per a fer front als incendis\u201d.<\/p>\n\n\n\n<p class=\"wp-block-paragraph\">A trav\u00e9s d\u2019estes ajudes, la Generalitat busca la m\u00e0xima coordinaci\u00f3 en totes les accions d\u2019intervenci\u00f3 en la massa forestal per a impedir o retardar al m\u00e0xim la seua velocitat de propagaci\u00f3, en cas de declarar-se un incendi. En definitiva, es tracta d\u2019aportacions per a ajudar els ajuntaments a finan\u00e7ar activitats, obres, servicis i subministraments inclosos en els seus plans de prevenci\u00f3 d\u2019incendis forestals i en els instruments t\u00e8cnics de gesti\u00f3 forestal aprovats.<\/p>\n\n\n\n<p class=\"wp-block-paragraph\">Aix\u00ed mateix, s\u2019inclouran en l\u2019ajuda la redacci\u00f3 de mem\u00f2ries i documents t\u00e8cnics necessaris per a tramitar l\u2019expedient d\u2019ajudes, aix\u00ed com gastos derivats de direcci\u00f3 d\u2019obra i la coordinaci\u00f3 de seguretat i salut de la seua execuci\u00f3.<\/p>\n\n\n\n<p class=\"wp-block-paragraph\"><strong>Publicaci\u00f3 en el DOGV<\/strong><\/p>\n\n\n\n<p class=\"wp-block-paragraph\">La resoluci\u00f3 d\u2019adjudicaci\u00f3 provisional es va publicar en el DOGV, per la qual cosa els ajuntaments beneficiaris tenen un termini de 15 dies h\u00e0bils per a presentar l\u2019acceptaci\u00f3 d\u2019esta ajuda, procediment que pot ser consultat en la&nbsp;<a href=\"https:\/\/www.gva.es\/va\/inicio\/procedimientos?id_proc=G23300\">Seu electr\u00f2nica de la GVA<\/a>.<\/p>\n\n\n\n<p class=\"wp-block-paragraph\">Este 2025 \u00e9s el primer any en qu\u00e8 les subvencions es gestionen electr\u00f2nicament, optimitzant la resposta per part de l\u2019Administraci\u00f3 en la tramitaci\u00f3 de les ajudes, al tractar-se d\u2019un instrument \u00e0gil i d\u2019alta productivitat.<\/p>\n","protected":false},"excerpt":{"rendered":"<div class=\"mh-excerpt\">Medi Ambient informa els municipis de com formalitzar les subvencions directes per a la prevenci\u00f3 d\u2019incendis i gesti\u00f3 forestal. La directora general de Prevenci\u00f3 d\u2019Incendis Forestals ha assegurat que esta iniciativa \u201c\u00e9s l\u2019exemple del ferm <a class=\"mh-excerpt-more\" href=\"https:\/\/tucomarca.whitekongsoftware.com\/ca\/la-directora-general-de-prevencio-dincendis-forestals-rosa-maria-touris-visita-els-municipis-de-cortes-de-pallas-i-loriguilla\/\" title=\"La directora general de Prevenci\u00f3 d&#8217;Incendis Forestals, Rosa Mar\u00eda Tour\u00eds, visita els municipis de Cortes de Pall\u00e0s i Loriguilla\">[+] <\/a><\/div>\n","protected":false},"author":13,"featured_media":257642,"comment_status":"open","ping_status":"open","sticky":false,"template":"","format":"standard","meta":{"footnotes":""},"categories":[10951,10892,10953,10948,10894,10904,10931,10903,10947,10896],"tags":[11216,11230,11199,12166],"class_list":["post-257644","post","type-post","status-publish","format-standard","has-post-thumbnail","category-ayora-cofrentes-ca","category-camp-de-turia-ca","category-cortes-de-pallas-ca","category-infraestructuras-ca","category-la-comarca-ca","category-sin-categorizar-ca","category-loriguilla-ca","category-medio-ambiente-la-comarca-ca","category-politica","category-seccion-ca","tag-ayora-cofrentes-ca","tag-cortes-de-pallas-ca","tag-la-comunitat-ca","tag-medio-ambiente-ca"],"_links":{"self":[{"href":"https:\/\/tucomarca.whitekongsoftware.com\/ca\/wp-json\/wp\/v2\/posts\/257644","targetHints":{"allow":["GET"]}}],"collection":[{"href":"https:\/\/tucomarca.whitekongsoftware.com\/ca\/wp-json\/wp\/v2\/posts"}],"about":[{"href":"https:\/\/tucomarca.whitekongsoftware.com\/ca\/wp-json\/wp\/v2\/types\/post"}],"author":[{"embeddable":true,"href":"https:\/\/tucomarca.whitekongsoftware.com\/ca\/wp-json\/wp\/v2\/users\/13"}],"replies":[{"embeddable":true,"href":"https:\/\/tucomarca.whitekongsoftware.com\/ca\/wp-json\/wp\/v2\/comments?post=257644"}],"version-history":[{"count":0,"href":"https:\/\/tucomarca.whitekongsoftware.com\/ca\/wp-json\/wp\/v2\/posts\/257644\/revisions"}],"wp:featuredmedia":[{"embeddable":true,"href":"https:\/\/tucomarca.whitekongsoftware.com\/ca\/wp-json\/wp\/v2\/media\/257642"}],"wp:attachment":[{"href":"https:\/\/tucomarca.whitekongsoftware.com\/ca\/wp-json\/wp\/v2\/media?parent=257644"}],"wp:term":[{"taxonomy":"category","embeddable":true,"href":"https:\/\/tucomarca.whitekongsoftware.com\/ca\/wp-json\/wp\/v2\/categories?post=257644"},{"taxonomy":"post_tag","embeddable":true,"href":"https:\/\/tucomarca.whitekongsoftware.com\/ca\/wp-json\/wp\/v2\/tags?post=257644"}],"curies":[{"name":"wp","href":"https:\/\/api.w.org\/{rel}","templated":true}]}}