{"id":257565,"date":"2025-03-12T10:03:00","date_gmt":"2025-03-12T09:03:00","guid":{"rendered":"https:\/\/www.tucomarca.com\/wordpress\/segunda\/?p=257565"},"modified":"2025-03-12T18:12:58","modified_gmt":"2025-03-12T17:12:58","slug":"el-cecopi-constata-una-disminucio-important-dels-treballs-que-cal-dur-a-terme-en-els-municipis-afectats-per-la-dana","status":"publish","type":"post","link":"https:\/\/tucomarca.whitekongsoftware.com\/ca\/el-cecopi-constata-una-disminucio-important-dels-treballs-que-cal-dur-a-terme-en-els-municipis-afectats-per-la-dana\/","title":{"rendered":"El CECOPI constata una \u201cdisminuci\u00f3 important\u201d dels treballs que cal dur a terme en els municipis afectats per la DANA"},"content":{"rendered":"\n<h3 class=\"wp-block-heading\">La secret\u00e0ria auton\u00f2mica d\u2019Emerg\u00e8ncies i Interior afirma que s\u2019estan duent a terme noves rentades per a repassar zones afectades pels treballs de buidatge de campes.<\/h3>\n\n\n\n<h3 class=\"wp-block-heading\">El CECOPI trasllada a la Confederaci\u00f3 Hidrogr\u00e0fica del X\u00faquer que adopte solucions per a retirar alguns vehicles de llits i barrancs pr\u00f2xims a Chiva i Torrent.<\/h3>\n\n\n\n<p class=\"wp-block-paragraph\">La secret\u00e0ria auton\u00f2mica d\u2019Emerg\u00e8ncies i Interior, Irene Rodr\u00edguez, ha informat de les principals q\u00fcestions que s\u2019han abordat en la reuni\u00f3 del CECOPI, en la qual han participat el conseller d\u2019Emerg\u00e8ncies i Interior, Juan Carlos Valderrama, i la delegada del Govern a la Comunitat Valenciana, Pilar Bernab\u00e9.<\/p>\n\n\n\n<p class=\"wp-block-paragraph\">La secret\u00e0ria auton\u00f2mica ha explicat que, durant la reuni\u00f3, en la qual han participat via telem\u00e0tica els alcaldes dels municipis que mantenen l\u2019emerg\u00e8ncia en situaci\u00f3 2, a excepci\u00f3 d\u2019Albal, s\u2019ha fet un rep\u00e0s dels treballs que s\u2019han repr\u00e9s despr\u00e9s de l\u2019episodi de pluges registrat la setmana passada a la Comunitat Valenciana.<\/p>\n\n\n\n<p class=\"wp-block-paragraph\">La portaveu del CECOPI ha explicat que \u201cs\u2019ha pogut constatar tant per part dels equips d\u2019intervenci\u00f3 com dels ajuntaments que les missions i servicis s\u2019estan reduint d\u2019una manera molt important\u201d, i ha afegit que \u201cles actuacions continuen centrant-se principalment en els aigualejos, ja que torna a haver-hi fang en alguns carrers a causa dels treballs que s\u2019estan fent relacionats amb la reconstrucci\u00f3 i retirada de campes, per la qual cosa resulta fonamental continuar fent labors de rep\u00e0s\u201d.<\/p>\n\n\n\n<p class=\"wp-block-paragraph\">D\u2019altra banda, Irene Rodr\u00edguez ha indicat que tamb\u00e9 \u201cs\u2019han donat alguns incidents, com a resultat del recent episodi de pluges, relacionats amb el subministrament d\u2019aigua potable en poblacions afectades per la DANA com Sot de Chera, a on han hagut d\u2019atendre les necessitats de la poblaci\u00f3 a trav\u00e9s de camions cisterna\u201d. \u201cEste problema -ha afegit-, esperem tindre\u2019l solucionat dem\u00e0, mentres que els incidents detectats, en este mateix sentit, en altres poblacions com Montserrat i Montroi, ja s\u2019han pogut solucionar\u201d.<\/p>\n\n\n\n<p class=\"wp-block-paragraph\">Finalment, la secret\u00e0ria auton\u00f2mica d\u2019Emerg\u00e8ncies i Interior ha explicat que \u201cs\u2019ha traslladat a la Confederaci\u00f3 Hidrogr\u00e0fica del X\u00faquer la necessitat que adopte mesures perqu\u00e8 puguen retirar-se de llits i barrancs alguns dels vehicles que queden i que presenten una certa dificultat d\u2019extracci\u00f3, sobretot en les poblacions de Torrent i Chiva\u201d.<\/p>\n","protected":false},"excerpt":{"rendered":"<div class=\"mh-excerpt\">La secret\u00e0ria auton\u00f2mica d\u2019Emerg\u00e8ncies i Interior afirma que s\u2019estan duent a terme noves rentades per a repassar zones afectades pels treballs de buidatge de campes. El CECOPI trasllada a la Confederaci\u00f3 Hidrogr\u00e0fica del X\u00faquer que <a class=\"mh-excerpt-more\" href=\"https:\/\/tucomarca.whitekongsoftware.com\/ca\/el-cecopi-constata-una-disminucio-important-dels-treballs-que-cal-dur-a-terme-en-els-municipis-afectats-per-la-dana\/\" title=\"El CECOPI constata una \u201cdisminuci\u00f3 important\u201d dels treballs que cal dur a terme en els municipis afectats per la DANA\">[+] <\/a><\/div>\n","protected":false},"author":13,"featured_media":257563,"comment_status":"open","ping_status":"open","sticky":false,"template":"","format":"standard","meta":{"footnotes":""},"categories":[21466,10898,10948,10894,10904,10912,10903,10947,10896,10897,10975],"tags":[11195,15409,11199,10914],"class_list":["post-257565","post","type-post","status-publish","format-standard","has-post-thumbnail","category-dana-ca","category-ventana-ca","category-infraestructuras-ca","category-la-comarca-ca","category-sin-categorizar-ca","category-la-hoya-ca","category-medio-ambiente-la-comarca-ca","category-politica","category-seccion-ca","category-sucesos-la-comarca-ca","category-chiva-ca","tag-chiva-ca","tag-dana-2-ca","tag-la-comunitat-ca","tag-la-hoya-de-bunol-chiva-ca"],"_links":{"self":[{"href":"https:\/\/tucomarca.whitekongsoftware.com\/ca\/wp-json\/wp\/v2\/posts\/257565","targetHints":{"allow":["GET"]}}],"collection":[{"href":"https:\/\/tucomarca.whitekongsoftware.com\/ca\/wp-json\/wp\/v2\/posts"}],"about":[{"href":"https:\/\/tucomarca.whitekongsoftware.com\/ca\/wp-json\/wp\/v2\/types\/post"}],"author":[{"embeddable":true,"href":"https:\/\/tucomarca.whitekongsoftware.com\/ca\/wp-json\/wp\/v2\/users\/13"}],"replies":[{"embeddable":true,"href":"https:\/\/tucomarca.whitekongsoftware.com\/ca\/wp-json\/wp\/v2\/comments?post=257565"}],"version-history":[{"count":0,"href":"https:\/\/tucomarca.whitekongsoftware.com\/ca\/wp-json\/wp\/v2\/posts\/257565\/revisions"}],"wp:featuredmedia":[{"embeddable":true,"href":"https:\/\/tucomarca.whitekongsoftware.com\/ca\/wp-json\/wp\/v2\/media\/257563"}],"wp:attachment":[{"href":"https:\/\/tucomarca.whitekongsoftware.com\/ca\/wp-json\/wp\/v2\/media?parent=257565"}],"wp:term":[{"taxonomy":"category","embeddable":true,"href":"https:\/\/tucomarca.whitekongsoftware.com\/ca\/wp-json\/wp\/v2\/categories?post=257565"},{"taxonomy":"post_tag","embeddable":true,"href":"https:\/\/tucomarca.whitekongsoftware.com\/ca\/wp-json\/wp\/v2\/tags?post=257565"}],"curies":[{"name":"wp","href":"https:\/\/api.w.org\/{rel}","templated":true}]}}