{"id":257515,"date":"2025-03-11T17:00:00","date_gmt":"2025-03-11T16:00:00","guid":{"rendered":"https:\/\/www.tucomarca.com\/wordpress\/segunda\/?p=257515"},"modified":"2025-03-12T14:08:09","modified_gmt":"2025-03-12T13:08:09","slug":"el-director-general-dinstitut-valencia-de-formacio-investigacio-i-qualitat-de-serveis-socials-visita-lhabitatge-tutelat-san-jose-de-bunyol","status":"publish","type":"post","link":"https:\/\/tucomarca.whitekongsoftware.com\/ca\/el-director-general-dinstitut-valencia-de-formacio-investigacio-i-qualitat-de-serveis-socials-visita-lhabitatge-tutelat-san-jose-de-bunyol\/","title":{"rendered":"El director general d&#8217;Institut Valenci\u00e0 de Formaci\u00f3, Investigaci\u00f3 i Qualitat de Serveis Socials visita l&#8217;Habitatge Tutelat San Jos\u00e9 de Bunyol"},"content":{"rendered":"\n<p class=\"wp-block-paragraph\">Jos\u00e9 Vicente Anaya Roig, director general de Gesti\u00f3 del Sistema Sanitari i de l&#8217;Institut Valenci\u00e0 de Formaci\u00f3, Investigaci\u00f3 i Qualitat de Serveis Socials, ha visitat aquest dimarts 11 de mar\u00e7 l&#8217;Habitatge Tutelat San Jos\u00e9 de Bunyol.<\/p>\n\n\n\n<p class=\"wp-block-paragraph\">L&#8217;objectiu de la visita ha sigut &#8220;con\u00e9ixer de primera m\u00e0 el treball dels professionals que atenen les residents, identificar les seues principals necessitats i explorar possibles solucions als desafiaments que enfronta el centre&#8221;, segons Jos\u00e9 Vicente Anaya qui durant la seua estada ha destacat &#8220;la import\u00e0ncia del recurs, subratllant el paper fonamental que exerceixen aquests espais en la millora del benestar de les seues usu\u00e0ries&#8221;.<\/p>\n\n\n\n<p class=\"wp-block-paragraph\">&#8220;Sabem que fan un treball fonamental. La nostra labor des de la Conselleria ha sigut identificar els seus problemes i donar-los suport en la mesura que siga possible. Hi ha unes certes dificultats de finan\u00e7ament en alguns aspectes, per\u00f2 hem estat treballant per a millorar els m\u00f2duls anualment&#8221;, ha afirmat Anaya.<\/p>\n\n\n\n<p class=\"wp-block-paragraph\">El director general tamb\u00e9 ha ressaltat l&#8217;ambient positiu que es percep en l&#8217;habitatge i el vincle de les residents amb les treballadores. &#8220;Se&#8217;ls veu feli\u00e7os, contentes. El millor que es pot dir en visitar un centre com aquest \u00e9s que hi ha una integraci\u00f3 real i una bona harmonia entre usu\u00e0ries i treballadores&#8221;, ha concl\u00f2s.<\/p>\n\n\n\n<p class=\"wp-block-paragraph\">Anaya ha reiterat el comprom\u00eds de continuar secundant i millorant els recursos destinats a aquesta mena d&#8217;habitatges, fonamentals per a garantir una atenci\u00f3 digna i inclusiva als seus residents.<\/p>\n\n\n\n<p class=\"wp-block-paragraph\">Des de l&#8217;Habitatge San Jos\u00e9 de Bunyol de persones amb diversitat funcional intel\u00b7lectual, els socis, els professionals i les usu\u00e0ries han volgut &#8220;mostrar el nostre agra\u00efment a Jos\u00e9 Vicente Anaya, per la seua visita al nostre habitatge. Ha sigut un plaer comptar amb la seua pres\u00e8ncia; i destacar el tracte pr\u00f2xim i hum\u00e0 que va tindre cap a les residents, el seu inter\u00e9s i la seua disposici\u00f3 cap a elles ha perm\u00e9s que se senten valorades i escoltades, una cosa fonamental per a la seua inclusi\u00f3 plena en la societat&#8221;, tal com han subratllat.<\/p>\n\n\n\n<p class=\"wp-block-paragraph\">Tamb\u00e9 han volgut agrair &#8220;la pres\u00e8ncia del regidor Sergio Galarza en representaci\u00f3 de l&#8217;Ajuntament de Bunyol. Des de l&#8217;Associaci\u00f3 agra\u00efm profundament el temps i el comprom\u00eds amb la nostra causa&#8221;, han finalitzat.<\/p>\n\n\n\n<figure class=\"wp-block-gallery has-nested-images columns-2 is-cropped wp-block-gallery-1 is-layout-flex wp-block-gallery-is-layout-flex\">\n<figure class=\"wp-block-image size-large\"><img loading=\"lazy\" decoding=\"async\" width=\"1024\" height=\"682\" data-id=\"257498\" src=\"https:\/\/www.tucomarca.com\/wordpress\/segunda\/wp-content\/uploads\/2025\/03\/BunolViviendaTutelada01-1024x682.jpg\" alt=\"\" class=\"wp-image-257498\" srcset=\"https:\/\/tucomarca.whitekongsoftware.com\/wp-content\/uploads\/2025\/03\/BunolViviendaTutelada01-1024x682.jpg 1024w, https:\/\/tucomarca.whitekongsoftware.com\/wp-content\/uploads\/2025\/03\/BunolViviendaTutelada01-300x200.jpg 300w, https:\/\/tucomarca.whitekongsoftware.com\/wp-content\/uploads\/2025\/03\/BunolViviendaTutelada01-768x512.jpg 768w, https:\/\/tucomarca.whitekongsoftware.com\/wp-content\/uploads\/2025\/03\/BunolViviendaTutelada01.jpg 1181w\" sizes=\"auto, (max-width: 1024px) 100vw, 1024px\" \/><\/figure>\n\n\n\n<figure class=\"wp-block-image size-large\"><img loading=\"lazy\" decoding=\"async\" width=\"1024\" height=\"682\" data-id=\"257500\" src=\"https:\/\/www.tucomarca.com\/wordpress\/segunda\/wp-content\/uploads\/2025\/03\/BunolViviendaTutelada02-1024x682.jpg\" alt=\"\" class=\"wp-image-257500\" srcset=\"https:\/\/tucomarca.whitekongsoftware.com\/wp-content\/uploads\/2025\/03\/BunolViviendaTutelada02-1024x682.jpg 1024w, https:\/\/tucomarca.whitekongsoftware.com\/wp-content\/uploads\/2025\/03\/BunolViviendaTutelada02-300x200.jpg 300w, https:\/\/tucomarca.whitekongsoftware.com\/wp-content\/uploads\/2025\/03\/BunolViviendaTutelada02-768x512.jpg 768w, https:\/\/tucomarca.whitekongsoftware.com\/wp-content\/uploads\/2025\/03\/BunolViviendaTutelada02.jpg 1181w\" sizes=\"auto, (max-width: 1024px) 100vw, 1024px\" \/><\/figure>\n\n\n\n<figure class=\"wp-block-image size-large\"><img loading=\"lazy\" decoding=\"async\" width=\"1024\" height=\"682\" data-id=\"257502\" src=\"https:\/\/www.tucomarca.com\/wordpress\/segunda\/wp-content\/uploads\/2025\/03\/BunolViviendaTutelada03-1024x682.jpg\" alt=\"\" class=\"wp-image-257502\" srcset=\"https:\/\/tucomarca.whitekongsoftware.com\/wp-content\/uploads\/2025\/03\/BunolViviendaTutelada03-1024x682.jpg 1024w, https:\/\/tucomarca.whitekongsoftware.com\/wp-content\/uploads\/2025\/03\/BunolViviendaTutelada03-300x200.jpg 300w, https:\/\/tucomarca.whitekongsoftware.com\/wp-content\/uploads\/2025\/03\/BunolViviendaTutelada03-768x512.jpg 768w, https:\/\/tucomarca.whitekongsoftware.com\/wp-content\/uploads\/2025\/03\/BunolViviendaTutelada03.jpg 1181w\" sizes=\"auto, (max-width: 1024px) 100vw, 1024px\" \/><\/figure>\n\n\n\n<figure class=\"wp-block-image size-large\"><img loading=\"lazy\" decoding=\"async\" width=\"1024\" height=\"682\" data-id=\"257504\" src=\"https:\/\/www.tucomarca.com\/wordpress\/segunda\/wp-content\/uploads\/2025\/03\/BunolViviendaTutelada04-1024x682.jpg\" alt=\"\" class=\"wp-image-257504\" srcset=\"https:\/\/tucomarca.whitekongsoftware.com\/wp-content\/uploads\/2025\/03\/BunolViviendaTutelada04-1024x682.jpg 1024w, https:\/\/tucomarca.whitekongsoftware.com\/wp-content\/uploads\/2025\/03\/BunolViviendaTutelada04-300x200.jpg 300w, https:\/\/tucomarca.whitekongsoftware.com\/wp-content\/uploads\/2025\/03\/BunolViviendaTutelada04-768x512.jpg 768w, https:\/\/tucomarca.whitekongsoftware.com\/wp-content\/uploads\/2025\/03\/BunolViviendaTutelada04.jpg 1181w\" sizes=\"auto, (max-width: 1024px) 100vw, 1024px\" \/><\/figure>\n\n\n\n<figure class=\"wp-block-image size-large\"><img loading=\"lazy\" decoding=\"async\" width=\"1024\" height=\"682\" data-id=\"257506\" src=\"https:\/\/www.tucomarca.com\/wordpress\/segunda\/wp-content\/uploads\/2025\/03\/BunolViviendaTutelada05-1024x682.jpg\" alt=\"\" class=\"wp-image-257506\" srcset=\"https:\/\/tucomarca.whitekongsoftware.com\/wp-content\/uploads\/2025\/03\/BunolViviendaTutelada05-1024x682.jpg 1024w, https:\/\/tucomarca.whitekongsoftware.com\/wp-content\/uploads\/2025\/03\/BunolViviendaTutelada05-300x200.jpg 300w, https:\/\/tucomarca.whitekongsoftware.com\/wp-content\/uploads\/2025\/03\/BunolViviendaTutelada05-768x512.jpg 768w, https:\/\/tucomarca.whitekongsoftware.com\/wp-content\/uploads\/2025\/03\/BunolViviendaTutelada05.jpg 1181w\" sizes=\"auto, (max-width: 1024px) 100vw, 1024px\" \/><\/figure>\n\n\n\n<figure class=\"wp-block-image size-large\"><img loading=\"lazy\" decoding=\"async\" width=\"1024\" height=\"682\" data-id=\"257508\" src=\"https:\/\/www.tucomarca.com\/wordpress\/segunda\/wp-content\/uploads\/2025\/03\/BunolViviendaTutelada06-1024x682.jpg\" alt=\"\" class=\"wp-image-257508\" srcset=\"https:\/\/tucomarca.whitekongsoftware.com\/wp-content\/uploads\/2025\/03\/BunolViviendaTutelada06-1024x682.jpg 1024w, https:\/\/tucomarca.whitekongsoftware.com\/wp-content\/uploads\/2025\/03\/BunolViviendaTutelada06-300x200.jpg 300w, https:\/\/tucomarca.whitekongsoftware.com\/wp-content\/uploads\/2025\/03\/BunolViviendaTutelada06-768x512.jpg 768w, https:\/\/tucomarca.whitekongsoftware.com\/wp-content\/uploads\/2025\/03\/BunolViviendaTutelada06.jpg 1181w\" sizes=\"auto, (max-width: 1024px) 100vw, 1024px\" \/><\/figure>\n\n\n\n<figure class=\"wp-block-image size-large\"><img loading=\"lazy\" decoding=\"async\" width=\"1024\" height=\"682\" data-id=\"257510\" src=\"https:\/\/www.tucomarca.com\/wordpress\/segunda\/wp-content\/uploads\/2025\/03\/BunolViviendaTutelada07-1024x682.jpg\" alt=\"\" class=\"wp-image-257510\" srcset=\"https:\/\/tucomarca.whitekongsoftware.com\/wp-content\/uploads\/2025\/03\/BunolViviendaTutelada07-1024x682.jpg 1024w, https:\/\/tucomarca.whitekongsoftware.com\/wp-content\/uploads\/2025\/03\/BunolViviendaTutelada07-300x200.jpg 300w, https:\/\/tucomarca.whitekongsoftware.com\/wp-content\/uploads\/2025\/03\/BunolViviendaTutelada07-768x512.jpg 768w, https:\/\/tucomarca.whitekongsoftware.com\/wp-content\/uploads\/2025\/03\/BunolViviendaTutelada07.jpg 1181w\" sizes=\"auto, (max-width: 1024px) 100vw, 1024px\" \/><\/figure>\n<\/figure>\n","protected":false},"excerpt":{"rendered":"<div class=\"mh-excerpt\">Jos\u00e9 Vicente Anaya Roig, director general de Gesti\u00f3 del Sistema Sanitari i de l&#8217;Institut Valenci\u00e0 de Formaci\u00f3, Investigaci\u00f3 i Qualitat de Serveis Socials, ha visitat aquest dimarts 11 de mar\u00e7 l&#8217;Habitatge Tutelat San Jos\u00e9 de <a class=\"mh-excerpt-more\" href=\"https:\/\/tucomarca.whitekongsoftware.com\/ca\/el-director-general-dinstitut-valencia-de-formacio-investigacio-i-qualitat-de-serveis-socials-visita-lhabitatge-tutelat-san-jose-de-bunyol\/\" title=\"El director general d&#8217;Institut Valenci\u00e0 de Formaci\u00f3, Investigaci\u00f3 i Qualitat de Serveis Socials visita l&#8217;Habitatge Tutelat San Jos\u00e9 de Bunyol\">[+] <\/a><\/div>\n","protected":false},"author":12,"featured_media":257497,"comment_status":"open","ping_status":"open","sticky":false,"template":"","format":"gallery","meta":{"footnotes":""},"categories":[10954,10951,10911,10948,10894,10912,10947,10896],"tags":[10913,10914,22032],"class_list":["post-257515","post","type-post","status-publish","format-gallery","has-post-thumbnail","category-ayora-ca","category-ayora-cofrentes-ca","category-bunol-ca","category-infraestructuras-ca","category-la-comarca-ca","category-la-hoya-ca","category-politica","category-seccion-ca","tag-bunol-ca","tag-la-hoya-de-bunol-chiva-ca","tag-vivienda-tutelada-ca","post_format-post-format-gallery"],"_links":{"self":[{"href":"https:\/\/tucomarca.whitekongsoftware.com\/ca\/wp-json\/wp\/v2\/posts\/257515","targetHints":{"allow":["GET"]}}],"collection":[{"href":"https:\/\/tucomarca.whitekongsoftware.com\/ca\/wp-json\/wp\/v2\/posts"}],"about":[{"href":"https:\/\/tucomarca.whitekongsoftware.com\/ca\/wp-json\/wp\/v2\/types\/post"}],"author":[{"embeddable":true,"href":"https:\/\/tucomarca.whitekongsoftware.com\/ca\/wp-json\/wp\/v2\/users\/12"}],"replies":[{"embeddable":true,"href":"https:\/\/tucomarca.whitekongsoftware.com\/ca\/wp-json\/wp\/v2\/comments?post=257515"}],"version-history":[{"count":0,"href":"https:\/\/tucomarca.whitekongsoftware.com\/ca\/wp-json\/wp\/v2\/posts\/257515\/revisions"}],"wp:featuredmedia":[{"embeddable":true,"href":"https:\/\/tucomarca.whitekongsoftware.com\/ca\/wp-json\/wp\/v2\/media\/257497"}],"wp:attachment":[{"href":"https:\/\/tucomarca.whitekongsoftware.com\/ca\/wp-json\/wp\/v2\/media?parent=257515"}],"wp:term":[{"taxonomy":"category","embeddable":true,"href":"https:\/\/tucomarca.whitekongsoftware.com\/ca\/wp-json\/wp\/v2\/categories?post=257515"},{"taxonomy":"post_tag","embeddable":true,"href":"https:\/\/tucomarca.whitekongsoftware.com\/ca\/wp-json\/wp\/v2\/tags?post=257515"}],"curies":[{"name":"wp","href":"https:\/\/api.w.org\/{rel}","templated":true}]}}